{"id":6207,"date":"2024-03-18T21:50:19","date_gmt":"2024-03-18T20:50:19","guid":{"rendered":"https:\/\/pasaenmendoza.com\/?p=6207"},"modified":"2024-03-18T21:50:21","modified_gmt":"2024-03-18T20:50:21","slug":"olivicolas-mendocinos-temen-un-freno-en-el-sector-por-la-apertura-de-importaciones","status":"publish","type":"post","link":"https:\/\/pasaenmendoza.com\/?p=6207","title":{"rendered":"Oliv\u00edcolas mendocinos temen un freno en el sector por la apertura de importaciones"},"content":{"rendered":"\n<p>Para los<strong>\u00a0productores oliv\u00edcolas<\/strong>, el 2023 no fue un a\u00f1o m\u00e1s, sino &#8220;el a\u00f1o&#8221; en el que explotaron las exportaciones en el sector.\u00a0<strong>Seg\u00fan el gerente de la Asolmen, Asociaci\u00f3n de oliv\u00edcolas de Mendoza, Mario Bustos Carra<\/strong>, entrevistado en el programa Conexi\u00f3n Agro, de Radio Nihuil, la venta al exterior tanto de<strong>\u00a0aceitunas en fresco\u00a0<\/strong>como de\u00a0<strong>aceite de oliva<\/strong>,\u00a0aument\u00f3 casi el 150%, porque disminuy\u00f3 la cosecha en Espa\u00f1a.<\/p>\n\n\n\n<p>Lo cierto es que, mientras no se pudieron sacar los r\u00e9ditos suficientes en el 2023, ya que el tipo de cambio llevaba un gran atraso, el 2024 comienza con otra problem\u00e1tica:<strong>\u00a0la apertura de las importaciones<\/strong>de productos de la Canasta B\u00e1sica de Alimentos (CBA) que anunci\u00f3 el gobierno de Javier Milei la semana pasada, tambi\u00e9n\u00a0<strong>incluye la importaci\u00f3n de aceitunas y aceites de oliva, a\u00fan sin que estos productos pertenezcan a la CBA.<\/strong><\/p>\n\n\n\n<p>Esto preocupa verdaderamente a los productores de esta industria, ya que se convertir\u00eda, seg\u00fan Bustos Carra, en una&nbsp;<strong>competencia muy desigual<\/strong>, siendo que el Gobierno nacional no ha mencionado ninguna medida para sostener a las pymes y al empleo local, como podr\u00eda ser una quita de impuestos para que los productos resulten m\u00e1s competitivos en las g\u00f3ndolas.<\/p>\n\n\n\n<h2 class=\"wp-block-heading\">Una buena etapa para los oliv\u00edcolas que ahora se complic\u00f3<\/h2>\n\n\n\n<p>Bustos Carra manifest\u00f3 que el 2023 fue un excelente a\u00f1o para la industria aceitunera. Esto sucedi\u00f3 porque<strong>\u00a0Espa\u00f1a<\/strong>, principal pa\u00eds productor europeo en este rubro, tuvo\u00a0<strong>muy malas condiciones clim\u00e1ticas<\/strong>\u00a0y esta industria sufri\u00f3 una ca\u00edda del 20%.<\/p>\n\n\n\n<p>El efecto que esto provoc\u00f3 fue que los precios en el mercado internacional se dispararan:\u00a0<strong>la tonelada de aceitunas pas\u00f3 de tener un costo de U$S 3.000 a U$S 10.000.<\/strong><\/p>\n\n\n\n<p>Por otra parte, la producci\u00f3n oliv\u00edcola local fue muy bien recibida, por ser de buena calidad, en un mercado como el de Espa\u00f1a y el resto de Europa en donde son pioneros en esta producci\u00f3n.<\/p>\n\n\n\n<p><strong>Toda esta situaci\u00f3n funcion\u00f3 como un &#8220;espaldarazo&#8221; para que a nivel local, las autoridades tuvieran en claro que hay que levantar la industria oliv\u00edcola<\/strong><\/p>\n\n\n\n<h2 class=\"wp-block-heading\">El aceite de oliva, m\u00e1s barato en Espa\u00f1a que en Argentina<\/h2>\n\n\n\n<p>Bustos Carra manifest\u00f3 que para los productores oliv\u00edcolas locales, es muy dif\u00edcil competir en el mercado internacional, ya que por ejemplo, en Espa\u00f1a, el aceite de oliva es uno de los productos que m\u00e1s subsidios del gobierno tiene.<\/p>\n\n\n\n<p>En cambio, en el mercado interno, es un producto de super lujo, casi incomprable para las familias de clase media y clase media baja.<strong>&nbsp;Hay que tener en cuenta que un aceite de oliva de buena calidad, en un supermercado cuesta $15.000 por litro.<\/strong><\/p>\n\n\n\n<p><strong>En Espa\u00f1a, el aceite de oliva que est\u00e1 en g\u00f3ndola se vende m\u00e1s barato que en Argentina&#8221;, sostuvo Bustos Carra y agreg\u00f3 &#8220;si yo le sumo a un producto el 50% de impuestos, afecto a las dos puntas de la cadena comercial: al productor y al consumidor<\/strong><\/p>\n\n\n\n<p>Entonces,&nbsp;<strong>para el gerente de Asolmen, el camino<\/strong>&nbsp;para hacer que el producto sea m\u00e1s competitivo y &#8220;vendible&#8221; en el mercado interno,<strong>&nbsp;es el de bajar esa cantidad de impuestos.<\/strong><\/p>\n\n\n\n<p>&#8220;La medida de abrir las importaciones de aceitunas y aceites de oliva<strong>&nbsp;no se tom\u00f3 bien entre los productores<\/strong>. M\u00e1s vale que tenemos que ser competitivos, pero si el gobierno facilita la importaci\u00f3n de los productos de la Canasta B\u00e1sica,&nbsp;<strong>primero tendr\u00eda que facilitarme a mi, que soy productor, el hecho de poder importar los insumos que necesito para fabricar con las mismas condiciones&nbsp;<\/strong>favorables que van a tener los extranjeros para traer sus productos a Argentina&#8221;.<\/p>\n\n\n\n<p>Para terminar, Bustos Carra manifest\u00f3 que se va a afectar la industria nacional, la rentabilidad de las pymes y esto va a repercutir, por supuesto, en el empleo.<\/p>\n\n\n\n<p>&#8220;No podemos afrontar estas condiciones de competitividad&#8221;, sostuvo Bustos Carra.<\/p>\n\n\n\n<p><strong>Fuente: www.diariouno.com.ar<\/strong><\/p>\n","protected":false},"excerpt":{"rendered":"<p>Para los\u00a0productores oliv\u00edcolas, el 2023 no fue un a\u00f1o m\u00e1s, sino &#8220;el a\u00f1o&#8221; en el que explotaron las exportaciones en el sector.\u00a0Seg\u00fan el gerente de la Asolmen, Asociaci\u00f3n de oliv\u00edcolas de Mendoza, Mario Bustos Carra, entrevistado en el programa Conexi\u00f3n Agro, de Radio Nihuil, la venta al exterior tanto de\u00a0aceitunas en fresco\u00a0como de\u00a0aceite de oliva,\u00a0aument\u00f3 [&hellip;]<\/p>\n","protected":false},"author":2,"featured_media":6208,"comment_status":"open","ping_status":"open","sticky":false,"template":"","format":"standard","meta":[],"categories":[75],"tags":[],"_links":{"self":[{"href":"https:\/\/pasaenmendoza.com\/index.php?rest_route=\/wp\/v2\/posts\/6207"}],"collection":[{"href":"https:\/\/pasaenmendoza.com\/index.php?rest_route=\/wp\/v2\/posts"}],"about":[{"href":"https:\/\/pasaenmendoza.com\/index.php?rest_route=\/wp\/v2\/types\/post"}],"author":[{"embeddable":true,"href":"https:\/\/pasaenmendoza.com\/index.php?rest_route=\/wp\/v2\/users\/2"}],"replies":[{"embeddable":true,"href":"https:\/\/pasaenmendoza.com\/index.php?rest_route=%2Fwp%2Fv2%2Fcomments&post=6207"}],"version-history":[{"count":1,"href":"https:\/\/pasaenmendoza.com\/index.php?rest_route=\/wp\/v2\/posts\/6207\/revisions"}],"predecessor-version":[{"id":6209,"href":"https:\/\/pasaenmendoza.com\/index.php?rest_route=\/wp\/v2\/posts\/6207\/revisions\/6209"}],"wp:featuredmedia":[{"embeddable":true,"href":"https:\/\/pasaenmendoza.com\/index.php?rest_route=\/wp\/v2\/media\/6208"}],"wp:attachment":[{"href":"https:\/\/pasaenmendoza.com\/index.php?rest_route=%2Fwp%2Fv2%2Fmedia&parent=6207"}],"wp:term":[{"taxonomy":"category","embeddable":true,"href":"https:\/\/pasaenmendoza.com\/index.php?rest_route=%2Fwp%2Fv2%2Fcategories&post=6207"},{"taxonomy":"post_tag","embeddable":true,"href":"https:\/\/pasaenmendoza.com\/index.php?rest_route=%2Fwp%2Fv2%2Ftags&post=6207"}],"curies":[{"name":"wp","href":"https:\/\/api.w.org\/{rel}","templated":true}]}}