{"id":6210,"date":"2024-03-18T22:05:57","date_gmt":"2024-03-18T21:05:57","guid":{"rendered":"https:\/\/pasaenmendoza.com\/?p=6210"},"modified":"2024-03-18T22:05:58","modified_gmt":"2024-03-18T21:05:58","slug":"mendoza-conmemoro-los-32-anos-del-atentado-a-la-embajada-de-israel","status":"publish","type":"post","link":"https:\/\/pasaenmendoza.com\/?p=6210","title":{"rendered":"Mendoza conmemor\u00f3 los 32 a\u00f1os del atentado a la Embajada de Israel"},"content":{"rendered":"\n<p>Durante un acto en&nbsp;<strong>Paseo Estado de Israel&nbsp;<\/strong>en las calles Espejo y Mitre de la Ciudad de Mendoza, se conmemor\u00f3 un nuevo aniversario del atentado a la Embajada de Israel en Buenos Aires, ocurrido 32 a\u00f1os atr\u00e1s.<\/p>\n\n\n\n<p>Con presencia de autoridades, representantes diplom\u00e1ticos y cerca de un centenar de personas, el c\u00f3nsul&nbsp;<strong>Andr\u00e9s Ostropolsky&nbsp;<\/strong>reiter\u00f3 el pedido de Justicia por las v\u00edctimas del atentado.<\/p>\n\n\n\n<p>Desde el\u00a0<strong>Consulado Honorario de Israel en Cuyo<\/strong>, recordaron a trav\u00e9s de sus redes sociales:\u00a0<em>\u201cHace exactamente 32 a\u00f1os, el #17deMarzo de 1992, el terrorismo asesino impulsado por Ir\u00e1n atent\u00f3 contra la embajada de Israel en Buenos Aires. El 7 de octubre del 2023, el terrorismo asesino impulsado por Ir\u00e1n atent\u00f3 contra m\u00e1s de 1.200 civiles que fueron masacrados, torturados, quemados, violados y asesinados. Recordamos a las v\u00edctimas, enviamos fuerzas a los sobrevivientes y no olvidamos. Comprometidos con la lucha contra el terrorismo. Hoy y siempre\u201d.<\/em><\/p>\n\n\n\n<p><strong>Fuente: www.elsol.com.ar<\/strong><\/p>\n","protected":false},"excerpt":{"rendered":"<p>Durante un acto en&nbsp;Paseo Estado de Israel&nbsp;en las calles Espejo y Mitre de la Ciudad de Mendoza, se conmemor\u00f3 un nuevo aniversario del atentado a la Embajada de Israel en Buenos Aires, ocurrido 32 a\u00f1os atr\u00e1s. Con presencia de autoridades, representantes diplom\u00e1ticos y cerca de un centenar de personas, el c\u00f3nsul&nbsp;Andr\u00e9s Ostropolsky&nbsp;reiter\u00f3 el pedido de [&hellip;]<\/p>\n","protected":false},"author":2,"featured_media":6211,"comment_status":"open","ping_status":"open","sticky":false,"template":"","format":"standard","meta":[],"categories":[50],"tags":[],"_links":{"self":[{"href":"https:\/\/pasaenmendoza.com\/index.php?rest_route=\/wp\/v2\/posts\/6210"}],"collection":[{"href":"https:\/\/pasaenmendoza.com\/index.php?rest_route=\/wp\/v2\/posts"}],"about":[{"href":"https:\/\/pasaenmendoza.com\/index.php?rest_route=\/wp\/v2\/types\/post"}],"author":[{"embeddable":true,"href":"https:\/\/pasaenmendoza.com\/index.php?rest_route=\/wp\/v2\/users\/2"}],"replies":[{"embeddable":true,"href":"https:\/\/pasaenmendoza.com\/index.php?rest_route=%2Fwp%2Fv2%2Fcomments&post=6210"}],"version-history":[{"count":1,"href":"https:\/\/pasaenmendoza.com\/index.php?rest_route=\/wp\/v2\/posts\/6210\/revisions"}],"predecessor-version":[{"id":6212,"href":"https:\/\/pasaenmendoza.com\/index.php?rest_route=\/wp\/v2\/posts\/6210\/revisions\/6212"}],"wp:featuredmedia":[{"embeddable":true,"href":"https:\/\/pasaenmendoza.com\/index.php?rest_route=\/wp\/v2\/media\/6211"}],"wp:attachment":[{"href":"https:\/\/pasaenmendoza.com\/index.php?rest_route=%2Fwp%2Fv2%2Fmedia&parent=6210"}],"wp:term":[{"taxonomy":"category","embeddable":true,"href":"https:\/\/pasaenmendoza.com\/index.php?rest_route=%2Fwp%2Fv2%2Fcategories&post=6210"},{"taxonomy":"post_tag","embeddable":true,"href":"https:\/\/pasaenmendoza.com\/index.php?rest_route=%2Fwp%2Fv2%2Ftags&post=6210"}],"curies":[{"name":"wp","href":"https:\/\/api.w.org\/{rel}","templated":true}]}}