{"id":6213,"date":"2024-03-18T22:15:13","date_gmt":"2024-03-18T21:15:13","guid":{"rendered":"https:\/\/pasaenmendoza.com\/?p=6213"},"modified":"2024-03-18T22:15:14","modified_gmt":"2024-03-18T21:15:14","slug":"el-dato-clave-en-las-listas-de-precios-que-estan-llegando-a-los-mayoristas","status":"publish","type":"post","link":"https:\/\/pasaenmendoza.com\/?p=6213","title":{"rendered":"El dato clave en las listas de precios que est\u00e1n llegando a los mayoristas"},"content":{"rendered":"\n<p>Luego de que el\u00a0<strong>Indec<\/strong>\u00a0anunciara el 13.2% de inflaci\u00f3n de febrero, el Gobierno nacional festej\u00f3 la baja del \u00edndice inflacionario pero se mantiene cauto sobre lo que ser\u00e1 el n\u00famero de marzo. Frente a esta situaci\u00f3n,\u00a0<strong>Rub\u00e9n David,<\/strong>\u00a0due\u00f1o del reconocido mayorista Oscar David, reconoci\u00f3 que todav\u00eda no ha recibido ninguna actualizaci\u00f3n de precios en lo que va del mes y que algunos productos alimenticios est\u00e1n teniendo deflaci\u00f3n.<\/p>\n\n\n\n<p>Si bien son noticias alentadoras para el bolsillo de los consumidores, el reconocido empresario se puso en sinton\u00eda con los dichos del ministro de Econom\u00eda de la Naci\u00f3n,&nbsp;<strong>Luis Caputo<\/strong>&nbsp;sobre las pol\u00edticas de descuentos que llevan adelante los due\u00f1os de las principales cadenas de supermercados del pa\u00eds.<\/p>\n\n\n\n<p>\u201c<em>El esquema del 2\u00d71 hoy no le sirve a la gente, no le sirve al pa\u00eds, y&nbsp;a la larga tampoco le sirve al comerciante, porque&nbsp;si vendiera la primera unidad al precio real al que est\u00e1 dispuesto a vender, ya estar\u00edamos en niveles de inflaci\u00f3n baj\u00edsimos, lo que&nbsp;ayudar\u00eda a recuperar los salarios, con ello las ventas, y con ello la econom\u00eda<\/em>\u201c, grafic\u00f3 el funcionario en su cuenta de X.<\/p>\n\n\n\n<p>David explic\u00f3 que las cadenas de todo el mundo utilizan estas estrategias de promociones con el fin de vender m\u00e1s sus productos pero reconoci\u00f3 que esta t\u00e9cnica puede llegar a distorsionar los \u00edndices de inflaci\u00f3n.<\/p>\n\n\n\n<p>\u201c<em>Cuando hay una promoci\u00f3n en el que llevas cierta cantidad de productos, el problema se centra en qu\u00e9 precio te centras para medir la inflaci\u00f3n. &nbsp;Porque si lo lleva a cada unidad ese precio termina siendo m\u00e1s alto y es ah\u00ed cuando empieza el problema<\/em>\u201d, subray\u00f3 el empresario.<\/p>\n\n\n\n<p>Ya de lleno sobre el consumo del mes de marzo, Rub\u00e9n David remarc\u00f3 que los rubros que m\u00e1s ca\u00edda han tenido fueron los de limpieza, perfumer\u00eda, chocolater\u00eda \u201c<em>entre un 20 a 30% han bajado sus consumos<\/em>\u201d. &nbsp;<\/p>\n\n\n\n<p>\u201c<em>Hemos visto una ca\u00edda en el consumo de productos de segunda necesidad, no de la canasta b\u00e1sica. Tambi\u00e9n hemos notado que aquellos productos que han tenido un suba considerable de en los precios han sido reemplazados por otras marcas m\u00e1s econ\u00f3micas<\/em>\u201d, afirm\u00f3 el mayorista.<\/p>\n\n\n\n<p>No obstante, el empresario recalc\u00f3 que el \u00edndice de inflaci\u00f3n de febrero \u201c<em>da una cierta sensaci\u00f3n de estabilidad\u201d porque desde lo que va de marzo \u201cno he recibido ninguna lista de actualizaci\u00f3n de precios y tenemos una importante cantidad de ofertas de descuentos de precios<\/em>\u201d.<\/p>\n\n\n\n<p>Pero a pesar de sentir que el aumento de precios \u201c<em>se ha calmado un poco<\/em>\u201d, David asegur\u00f3 que por el aumento de las tarifas \u201c<em>los productos van a sentir ese impacto<\/em>\u201d en abril.<\/p>\n\n\n\n<p><strong>Fuente: www.elsol.com.ar<\/strong><\/p>\n","protected":false},"excerpt":{"rendered":"<p>Luego de que el\u00a0Indec\u00a0anunciara el 13.2% de inflaci\u00f3n de febrero, el Gobierno nacional festej\u00f3 la baja del \u00edndice inflacionario pero se mantiene cauto sobre lo que ser\u00e1 el n\u00famero de marzo. Frente a esta situaci\u00f3n,\u00a0Rub\u00e9n David,\u00a0due\u00f1o del reconocido mayorista Oscar David, reconoci\u00f3 que todav\u00eda no ha recibido ninguna actualizaci\u00f3n de precios en lo que va [&hellip;]<\/p>\n","protected":false},"author":2,"featured_media":6214,"comment_status":"open","ping_status":"open","sticky":false,"template":"","format":"standard","meta":[],"categories":[75],"tags":[],"_links":{"self":[{"href":"https:\/\/pasaenmendoza.com\/index.php?rest_route=\/wp\/v2\/posts\/6213"}],"collection":[{"href":"https:\/\/pasaenmendoza.com\/index.php?rest_route=\/wp\/v2\/posts"}],"about":[{"href":"https:\/\/pasaenmendoza.com\/index.php?rest_route=\/wp\/v2\/types\/post"}],"author":[{"embeddable":true,"href":"https:\/\/pasaenmendoza.com\/index.php?rest_route=\/wp\/v2\/users\/2"}],"replies":[{"embeddable":true,"href":"https:\/\/pasaenmendoza.com\/index.php?rest_route=%2Fwp%2Fv2%2Fcomments&post=6213"}],"version-history":[{"count":1,"href":"https:\/\/pasaenmendoza.com\/index.php?rest_route=\/wp\/v2\/posts\/6213\/revisions"}],"predecessor-version":[{"id":6215,"href":"https:\/\/pasaenmendoza.com\/index.php?rest_route=\/wp\/v2\/posts\/6213\/revisions\/6215"}],"wp:featuredmedia":[{"embeddable":true,"href":"https:\/\/pasaenmendoza.com\/index.php?rest_route=\/wp\/v2\/media\/6214"}],"wp:attachment":[{"href":"https:\/\/pasaenmendoza.com\/index.php?rest_route=%2Fwp%2Fv2%2Fmedia&parent=6213"}],"wp:term":[{"taxonomy":"category","embeddable":true,"href":"https:\/\/pasaenmendoza.com\/index.php?rest_route=%2Fwp%2Fv2%2Fcategories&post=6213"},{"taxonomy":"post_tag","embeddable":true,"href":"https:\/\/pasaenmendoza.com\/index.php?rest_route=%2Fwp%2Fv2%2Ftags&post=6213"}],"curies":[{"name":"wp","href":"https:\/\/api.w.org\/{rel}","templated":true}]}}