{"id":6216,"date":"2024-03-19T13:06:29","date_gmt":"2024-03-19T12:06:29","guid":{"rendered":"https:\/\/pasaenmendoza.com\/?p=6216"},"modified":"2024-03-19T13:06:30","modified_gmt":"2024-03-19T12:06:30","slug":"martes-caluroso-con-viento-zonda-por-la-noche","status":"publish","type":"post","link":"https:\/\/pasaenmendoza.com\/?p=6216","title":{"rendered":"Martes caluroso con viento Zonda por la noche"},"content":{"rendered":"\n<p><strong>Este martes sigue el calor en Mendoza&nbsp; y hay alerta amarilla por viento zonda en casi todo el territorio provincial.&nbsp;<\/strong><\/p>\n\n\n\n<p>Seg\u00fan el&nbsp;<strong>SMN<\/strong>, en el Gran Mendoza la m\u00e1xima llegar\u00e1 hoy a los<strong>&nbsp;31\u00b0&nbsp;<\/strong>y la humedad relativa del ambiente todav\u00eda se mantiene por encima del 60%, aunque por la tarde bajar\u00e1 con el paso del viento.<\/p>\n\n\n\n<p>Se espera que el zonda baje al Gran Mendoza por la noche y el SMN prev\u00e9 r\u00e1fagas de entre<strong>&nbsp;50 y 60 Km\/h.&nbsp;<\/strong><\/p>\n\n\n\n<p>Para ma\u00f1ana mi\u00e9rcoles, el pron\u00f3stico indica poco cambio de temperatura, aunque comienza a correr viento del sudeste por la tarde, lo que bajar\u00eda la m\u00e1xima del jueves.&nbsp;<\/p>\n\n\n\n<p>Ma\u00f1ana la m\u00e1xima se espera en 31\u00b0 y, el jueves,\u00a0<strong>en 22\u00b0.\u00a0<\/strong><\/p>\n\n\n\n<p><strong>Fuente: www.mendozapost.com<\/strong><\/p>\n","protected":false},"excerpt":{"rendered":"<p>Este martes sigue el calor en Mendoza&nbsp; y hay alerta amarilla por viento zonda en casi todo el territorio provincial.&nbsp; Seg\u00fan el&nbsp;SMN, en el Gran Mendoza la m\u00e1xima llegar\u00e1 hoy a los&nbsp;31\u00b0&nbsp;y la humedad relativa del ambiente todav\u00eda se mantiene por encima del 60%, aunque por la tarde bajar\u00e1 con el paso del viento. Se [&hellip;]<\/p>\n","protected":false},"author":2,"featured_media":6217,"comment_status":"open","ping_status":"open","sticky":false,"template":"","format":"standard","meta":[],"categories":[46,52],"tags":[],"_links":{"self":[{"href":"https:\/\/pasaenmendoza.com\/index.php?rest_route=\/wp\/v2\/posts\/6216"}],"collection":[{"href":"https:\/\/pasaenmendoza.com\/index.php?rest_route=\/wp\/v2\/posts"}],"about":[{"href":"https:\/\/pasaenmendoza.com\/index.php?rest_route=\/wp\/v2\/types\/post"}],"author":[{"embeddable":true,"href":"https:\/\/pasaenmendoza.com\/index.php?rest_route=\/wp\/v2\/users\/2"}],"replies":[{"embeddable":true,"href":"https:\/\/pasaenmendoza.com\/index.php?rest_route=%2Fwp%2Fv2%2Fcomments&post=6216"}],"version-history":[{"count":1,"href":"https:\/\/pasaenmendoza.com\/index.php?rest_route=\/wp\/v2\/posts\/6216\/revisions"}],"predecessor-version":[{"id":6218,"href":"https:\/\/pasaenmendoza.com\/index.php?rest_route=\/wp\/v2\/posts\/6216\/revisions\/6218"}],"wp:featuredmedia":[{"embeddable":true,"href":"https:\/\/pasaenmendoza.com\/index.php?rest_route=\/wp\/v2\/media\/6217"}],"wp:attachment":[{"href":"https:\/\/pasaenmendoza.com\/index.php?rest_route=%2Fwp%2Fv2%2Fmedia&parent=6216"}],"wp:term":[{"taxonomy":"category","embeddable":true,"href":"https:\/\/pasaenmendoza.com\/index.php?rest_route=%2Fwp%2Fv2%2Fcategories&post=6216"},{"taxonomy":"post_tag","embeddable":true,"href":"https:\/\/pasaenmendoza.com\/index.php?rest_route=%2Fwp%2Fv2%2Ftags&post=6216"}],"curies":[{"name":"wp","href":"https:\/\/api.w.org\/{rel}","templated":true}]}}