{"id":6219,"date":"2024-03-19T13:14:39","date_gmt":"2024-03-19T12:14:39","guid":{"rendered":"https:\/\/pasaenmendoza.com\/?p=6219"},"modified":"2024-03-19T13:14:40","modified_gmt":"2024-03-19T12:14:40","slug":"lo-buscaban-por-un-asalto-millonario-y-fue-apresado-gracias-a-una-foto-que-publico-en-facebook","status":"publish","type":"post","link":"https:\/\/pasaenmendoza.com\/?p=6219","title":{"rendered":"Lo buscaban por un asalto millonario y fue apresado gracias a una foto que public\u00f3 en Facebook"},"content":{"rendered":"\n<p>La causa por un\u00a0millonario robo ocurrido en una casa de electr\u00f3nica\u00a0de calle 9 de Julio de Ciudad el pasado 18 de enero durante la tarde,\u00a0<strong>ya tiene a los dos sospechosos tras las rejas e imputados<\/strong>\u00a0en la Unidad Fiscal de Robos y Hurtos.<\/p>\n\n\n\n<p>Minutos despu\u00e9s del asalto fue atrapado\u00a0<strong>Juan Antonio Figueroa\u00a0<\/strong>(31), oriundo de Los Corralitos, quien fue reducido por transe\u00fantes y recibi\u00f3 una paliza que casi la cost\u00f3 la vida. En las \u00faltimas horas, termin\u00f3 detenido durante un allanamiento el segundo sospechoso de perpetrar el atraco,\u00a0<strong>Daniel Jes\u00fas Riveros<\/strong>, de 33 a\u00f1os, quien se escond\u00eda en la casa de un hermano den Rodeo de la Cruz.<\/p>\n\n\n\n<p><mark>Este sujeto estuvo casi dos meses pr\u00f3fugos pero hab\u00eda sido identificado un par de d\u00edas despu\u00e9s gracias a c\u00e1maras de seguridad y un cotejo con las im\u00e1genes de su perfil de la red social Facebook<\/mark>: cuando cometi\u00f3 el hecho de inseguridad, detallaron fuentes del caso,&nbsp;<strong>vest\u00eda una particular remera con detalles lilas y morados<\/strong>, la que hab\u00eda misma que llevaba puesta y comparti\u00f3 en una publicaci\u00f3n del 2021.<\/p>\n\n\n\n<p>Gracias a esa comparaci\u00f3n y otros trabajos con incorporaci\u00f3n de pruebas que realizaron efectivos de\u00a0<strong>Investigaciones\u00a0<\/strong>en la causa que lidera\u00a0<strong>el fiscal de Robos y Hurtos Oscar Malla<\/strong>,\u00a0<mark>Riveros fue imputado<\/mark>\u00a0como coautor de robo agravado por el uso de arma de fuego no habida, en concurso ideal con robo agravado por el uso de arma impropia, en concurso real con encubrimiento.<\/p>\n\n\n\n<p>El hecho ocurri\u00f3 el d\u00eda citado cuando faltaban algunos minutos para las 15. Dos motochorros que se movilizaban en una&nbsp;<strong>Corven 250 naranja<\/strong>&nbsp;y negra ten\u00edan el dato que en el lugar hab\u00eda mucho efectivo producto de algunas transacciones de cambio de divisas e irrumpieron en el local&nbsp;<strong>Tech Center de calle 9 de Julio 1213.<\/strong><\/p>\n\n\n\n<p><mark>Ambos llevaban cascos y as\u00ed quedaron registrados por una c\u00e1mara de seguridad del comercio<\/mark>. Uno de los malvivientes sac\u00f3 un arma de fuego y apunt\u00f3 directamente contra un empleado. Lo trasladaron hasta la parte trasera del local y&nbsp;<strong>se llevaron 20 millones de pesos entre moneda argentina y chilena.<\/strong><\/p>\n\n\n\n<p>Con el bot\u00edn en su poder, los malvivientes corriendo hacia donde hab\u00edan estacionado la moto y salieron a toda velocidad hacia el sur. Al llegar al cruce con Guti\u00e9rrez, doblaron hacia este y el conductor de la Corven perdi\u00f3 el control hasta accidentarse.<\/p>\n\n\n\n<p>Se levantaron y continuaron la huida a pie.\u00a0<mark>Pero un hombre que tomaba una cerveza en un maxiquiosco advirti\u00f3 sobre el escape de los ladrones y le peg\u00f3 un botellazo\u00a0<\/mark>en la cabeza a Figueroa.<\/p>\n\n\n\n<p>Este sujeto comenz\u00f3 a ser atacado por testigos y casi lo lincharon hasta matarlo. Sufri\u00f3 heridas en el pecho y otras partes del cuerpo y termin\u00f3 internado.&nbsp;<strong>El otro malviviente escap\u00f3 con el dinero pero al poco tiempo ya se encontraba identificado.<\/strong><\/p>\n\n\n\n<p>Mientras Figueroa se encontraba internado en el Hospital Central, los efectivos de Investigaciones analizaron su perfil de\u00a0<strong>Facebook<\/strong>. Analizaron sus amistades y descubrieron que uno de ellos, Riveros, hab\u00eda publicado una imagen vistiendo una remera igual a la que llevaba puesta el malviviente que ingres\u00f3 al negocio Tech Center, tal como hab\u00edan registrado\u00a0una c\u00e1mara de seguridad.<\/p>\n\n\n\n<p>Gracias a las pruebas, se orden\u00f3 un allanamiento y capturaron al sospechoso. De acuerdo con fuentes de la causa,\u00a0<strong>lograron recuperar casi el 10 por ciento del dinero<\/strong>\u00a0sustra\u00eddo durante las medidas que se desarrollaron (1.800.000 pesos).<\/p>\n\n\n\n<p><strong>Fuente: www.elsol.com.ar<\/strong><\/p>\n","protected":false},"excerpt":{"rendered":"<p>La causa por un\u00a0millonario robo ocurrido en una casa de electr\u00f3nica\u00a0de calle 9 de Julio de Ciudad el pasado 18 de enero durante la tarde,\u00a0ya tiene a los dos sospechosos tras las rejas e imputados\u00a0en la Unidad Fiscal de Robos y Hurtos. Minutos despu\u00e9s del asalto fue atrapado\u00a0Juan Antonio Figueroa\u00a0(31), oriundo de Los Corralitos, quien [&hellip;]<\/p>\n","protected":false},"author":2,"featured_media":6220,"comment_status":"open","ping_status":"open","sticky":false,"template":"","format":"standard","meta":[],"categories":[48],"tags":[],"_links":{"self":[{"href":"https:\/\/pasaenmendoza.com\/index.php?rest_route=\/wp\/v2\/posts\/6219"}],"collection":[{"href":"https:\/\/pasaenmendoza.com\/index.php?rest_route=\/wp\/v2\/posts"}],"about":[{"href":"https:\/\/pasaenmendoza.com\/index.php?rest_route=\/wp\/v2\/types\/post"}],"author":[{"embeddable":true,"href":"https:\/\/pasaenmendoza.com\/index.php?rest_route=\/wp\/v2\/users\/2"}],"replies":[{"embeddable":true,"href":"https:\/\/pasaenmendoza.com\/index.php?rest_route=%2Fwp%2Fv2%2Fcomments&post=6219"}],"version-history":[{"count":1,"href":"https:\/\/pasaenmendoza.com\/index.php?rest_route=\/wp\/v2\/posts\/6219\/revisions"}],"predecessor-version":[{"id":6221,"href":"https:\/\/pasaenmendoza.com\/index.php?rest_route=\/wp\/v2\/posts\/6219\/revisions\/6221"}],"wp:featuredmedia":[{"embeddable":true,"href":"https:\/\/pasaenmendoza.com\/index.php?rest_route=\/wp\/v2\/media\/6220"}],"wp:attachment":[{"href":"https:\/\/pasaenmendoza.com\/index.php?rest_route=%2Fwp%2Fv2%2Fmedia&parent=6219"}],"wp:term":[{"taxonomy":"category","embeddable":true,"href":"https:\/\/pasaenmendoza.com\/index.php?rest_route=%2Fwp%2Fv2%2Fcategories&post=6219"},{"taxonomy":"post_tag","embeddable":true,"href":"https:\/\/pasaenmendoza.com\/index.php?rest_route=%2Fwp%2Fv2%2Ftags&post=6219"}],"curies":[{"name":"wp","href":"https:\/\/api.w.org\/{rel}","templated":true}]}}