{"id":6228,"date":"2024-03-19T13:30:58","date_gmt":"2024-03-19T12:30:58","guid":{"rendered":"https:\/\/pasaenmendoza.com\/?p=6228"},"modified":"2024-03-19T13:30:59","modified_gmt":"2024-03-19T12:30:59","slug":"alfredo-cornejo-oficializo-una-medida-esperada-por-estatales","status":"publish","type":"post","link":"https:\/\/pasaenmendoza.com\/?p=6228","title":{"rendered":"Alfredo Cornejo oficializ\u00f3 una medida esperada por estatales"},"content":{"rendered":"\n<p>El Gobierno de Mendoza renov\u00f3 hasta el 31 de diciembre de 2024 trabajadores p\u00fablicos en planta temporaria, adcriptos y con contratos de locaci\u00f3n, entre otros. Aseguran que hubo un ahorro del 20%.<\/p>\n\n\n\n<p>El gobernador\u00a0<strong>Alfredo Cornejo<\/strong>\u00a0dispuso la \u201ccontinuidad autom\u00e1tica\u201d hasta el 31 de diciembre de 2024 de los trabajadores estatales contratados y agentes adscriptos, con designaciones interinas o que se encuentren en planta temporaria. El Gobierno de Mendoza asegur\u00f3 que tuvo un\u00a0ahorro de 20% del costo presupuestario\u00a0de estas contrataciones en comparaci\u00f3n a diciembre de 2023.<\/p>\n\n\n\n<p>La medida qued\u00f3 plasmada en el decreto N\u00ba 414, publicado este martes en el Bolet\u00edn Oficial y firmado por el mandatario provincial y todos los ministros del Gabinete. En la misma se dispuso la continuidad autom\u00e1tica, desde el 01 de marzo y hasta el 31 de diciembre de 2024, de las prestaciones de servicios enmarcadas en unas situaciones espec\u00edficas.<\/p>\n\n\n\n<p>Los trabajadores estatales comprendidos por esta continuidad son aquellos que se encuentran en las siguientes situaciones:<\/p>\n\n\n\n<ul>\n<li>Agentes que se encuentren en situaci\u00f3n de adscripci\u00f3n; corresponde a los superiores jer\u00e1rquicos inmediatos de origen informar en que dependencia prestan servicios y sugerir la continuidad o el cese de la adscripci\u00f3n conforme las necesidades de la Jurisdicci\u00f3n;<\/li>\n\n\n\n<li>Agentes designados interinos conforme los t\u00e9rminos del Art\u00edculo 4\u00b0 de la Ley N\u00b0 9015;<\/li>\n\n\n\n<li>Agentes contratados en Planta Temporaria conforme a los t\u00e9rminos del Art\u00edculo 8\u00b0 del Decreto Ley N\u00b0 560\/73;<\/li>\n\n\n\n<li>Agentes que se encuentren percibiendo cualquier tipo de Adicional y Suplementos de cualquier naturaleza;<\/li>\n\n\n\n<li>Contratado bajo los sistemas de Locaci\u00f3n de Obras o Servicios y Honorarios determinados en Horas M\u00f3dulo Deportivo.<\/li>\n<\/ul>\n\n\n\n<p>Tambi\u00e9n se establece que seguir\u00e1n con su v\u00ednculo laboral hasta fin de a\u00f1o las personas que se encuentren contratadas bajo los sistemas de Locaci\u00f3n de Obras o Servicios correspondientes a la Unidad de Financiamiento Internacional (U.F.I.).<\/p>\n\n\n\n<p>Por otra parte, tambi\u00e9n determinaron que \u201cla continuidad autom\u00e1tica ser\u00e1 efectivizada en id\u00e9nticas condiciones, horarios, honorarios habituales, funciones u otros requisitos que las vigentes al 29 de febrero de 2024\u201d.<\/p>\n\n\n\n<p>El decreto aclara que quedan excluidas de la pr\u00f3rroga dispuesta por los art\u00edculos precedentes las prestaciones de servicios comprendidas en el presente decreto que hayan sido dadas de baja y\/o rescindidas en el marco de la reducci\u00f3n dispuesta meses atr\u00e1s por el Gobierno provincial, en la cual se busc\u00f3 un ahorro de 20% en el gasto presupuestario en contatos.<\/p>\n\n\n\n<p>El decreto N\u00ba 3206 firmado a finales del 2023 por el gobernador Cornejo se hab\u00eda establecido que a partir del d\u00eda 1 de marzo de 2024 s\u00f3lo se encuentren vigentes las adscripciones, designaciones interinas, contrataciones Temporarias, Contrataciones bajo los sistemas de Locaci\u00f3n de Obras o Servicios y Honorarios determinados en Horas M\u00f3dulo Deportivo y Adicionales y Suplementos, debiendo representar un ahorro, como m\u00ednimo, del 20% del costo presupuestario devengado con base en diciembre de 2023.<\/p>\n\n\n\n<p>Seg\u00fan los considerandos del decreto, las respectivas jurisdicciones emitieron las normas legales y actos a los fines de concretar esa reducci\u00f3n.<\/p>\n\n\n\n<p>FUENTE: MDZonline.<\/p>\n","protected":false},"excerpt":{"rendered":"<p>El Gobierno de Mendoza renov\u00f3 hasta el 31 de diciembre de 2024 trabajadores p\u00fablicos en planta temporaria, adcriptos y con contratos de locaci\u00f3n, entre otros. Aseguran que hubo un ahorro del 20%. El gobernador\u00a0Alfredo Cornejo\u00a0dispuso la \u201ccontinuidad autom\u00e1tica\u201d hasta el 31 de diciembre de 2024 de los trabajadores estatales contratados y agentes adscriptos, con designaciones [&hellip;]<\/p>\n","protected":false},"author":2,"featured_media":6229,"comment_status":"open","ping_status":"open","sticky":true,"template":"","format":"standard","meta":[],"categories":[47],"tags":[],"_links":{"self":[{"href":"https:\/\/pasaenmendoza.com\/index.php?rest_route=\/wp\/v2\/posts\/6228"}],"collection":[{"href":"https:\/\/pasaenmendoza.com\/index.php?rest_route=\/wp\/v2\/posts"}],"about":[{"href":"https:\/\/pasaenmendoza.com\/index.php?rest_route=\/wp\/v2\/types\/post"}],"author":[{"embeddable":true,"href":"https:\/\/pasaenmendoza.com\/index.php?rest_route=\/wp\/v2\/users\/2"}],"replies":[{"embeddable":true,"href":"https:\/\/pasaenmendoza.com\/index.php?rest_route=%2Fwp%2Fv2%2Fcomments&post=6228"}],"version-history":[{"count":1,"href":"https:\/\/pasaenmendoza.com\/index.php?rest_route=\/wp\/v2\/posts\/6228\/revisions"}],"predecessor-version":[{"id":6230,"href":"https:\/\/pasaenmendoza.com\/index.php?rest_route=\/wp\/v2\/posts\/6228\/revisions\/6230"}],"wp:featuredmedia":[{"embeddable":true,"href":"https:\/\/pasaenmendoza.com\/index.php?rest_route=\/wp\/v2\/media\/6229"}],"wp:attachment":[{"href":"https:\/\/pasaenmendoza.com\/index.php?rest_route=%2Fwp%2Fv2%2Fmedia&parent=6228"}],"wp:term":[{"taxonomy":"category","embeddable":true,"href":"https:\/\/pasaenmendoza.com\/index.php?rest_route=%2Fwp%2Fv2%2Fcategories&post=6228"},{"taxonomy":"post_tag","embeddable":true,"href":"https:\/\/pasaenmendoza.com\/index.php?rest_route=%2Fwp%2Fv2%2Ftags&post=6228"}],"curies":[{"name":"wp","href":"https:\/\/api.w.org\/{rel}","templated":true}]}}