{"id":6231,"date":"2024-03-19T13:44:24","date_gmt":"2024-03-19T12:44:24","guid":{"rendered":"https:\/\/pasaenmendoza.com\/?p=6231"},"modified":"2024-03-19T13:44:25","modified_gmt":"2024-03-19T12:44:25","slug":"adopciones-y-estafas-el-reclamo-de-cornejo-a-la-justicia-mendocina","status":"publish","type":"post","link":"https:\/\/pasaenmendoza.com\/?p=6231","title":{"rendered":"Adopciones y estafas: el reclamo de Cornejo a la Justicia mendocina"},"content":{"rendered":"\n<p>Frente a los ministros de la<strong>&nbsp;Suprema Corte<\/strong>&nbsp;y otras autoridades, el gobernador&nbsp;<strong>Alfredo Cornejo<\/strong>&nbsp;pidi\u00f3 a la c\u00fapula del&nbsp;<strong>Poder Judicial<\/strong>&nbsp;<mark>acelerar los procesos de&nbsp;<strong>adopci\u00f3n<\/strong>&nbsp;en el fuero de Familia y bajar la tasa del delito de&nbsp;<strong>estafas<\/strong><\/mark>&nbsp;que se producen en&nbsp;<strong>Mendoza&nbsp;<\/strong>y no encuentran castigo. El pedido fue realizando durante la&nbsp;<strong>apertura del a\u00f1o judicial<\/strong>&nbsp;en el Auditorio \u00c1ngel Bustelo.<\/p>\n\n\n\n<p>En primer lugar, el mandatario provincial destac\u00f3 las reformas judiciales que se llevaron adelante en los primeros ocho a\u00f1os de gesti\u00f3n radical. En la primera l\u00ednea de la platea, lo observaban el plenario de los jueces del m\u00e1ximo tribunal y el procurador&nbsp;<strong>Alejandro Gull\u00e9<\/strong>, entre otros funcionarios de los tres poderes.<\/p>\n\n\n\n<p>Sin embargo, Cornejo tambi\u00e9n hizo referencia al clima social que atraviesa al pa\u00eds, como tambi\u00e9n a Mendoza. Y lo describi\u00f3 como \u201c<em>un panorama desolador en material social y econ\u00f3mica, un malestar ciudadano amplio que es caldo de cultivo de los peores populismos y siempre es f\u00e1cil echarle la culpa a la Justicia<\/em>\u201c.<\/p>\n\n\n\n<p>En ese punto, hizo hincapi\u00e9 en que \u201c<em>tenemos que estar con los o\u00eddos atentos con las cosas que faltan<\/em>\u201d y recalc\u00f3 en el d\u00e9ficit que tiene el Poder Judicial respecto a las demandas actuales.<\/p>\n\n\n\n<p><mark>\u201c<em>Hay procedimientos que no est\u00e1n a la altura de los tiempos y de la efectividad<\/em>\u201c, objet\u00f3.<\/mark><\/p>\n\n\n\n<p>El gobernador hizo foco en dos cuestiones que corresponden a la materia de fueros distintos.<\/p>\n\n\n\n<p>Por un lado,&nbsp;<mark>apunt\u00f3 al fuero penal al referirse a las estafas<\/mark>&nbsp;que se est\u00e1n dando y tienen mayor efectividad por la tecnolog\u00eda actual.<\/p>\n\n\n\n<p>\u201c<em>Es alt\u00edsima la cantidad de estafas no sancionadas en el tiempo correcto, debe ser una tarea del Poder Ejecutivo de encontrar la f\u00f3rmula, pero tambi\u00e9n del Judicial para bajar esa tasa<\/em>\u201c, consider\u00f3 Cornejo. Luego recalc\u00f3 que esta modalidad delictiva<em>&nbsp;\u201ces un deterioro de la convivencia<\/em>,<em>&nbsp;no podemos aceptar la estafa f\u00e1cil<\/em>\u201d y que \u201c<em>contribuye a que no haya un buen clima de negocios<\/em>\u201c.<\/p>\n\n\n\n<p>El otro aspecto en el que hizo mella fue el trabajo en los\u00a0<strong>juzgados de Familia<\/strong>, que tiene en sus tribunales una de las materias m\u00e1s sensibles y de compleja resoluci\u00f3n.<\/p>\n\n\n\n<p>\u201c<em><mark>Tenemos m\u00e1s de 600 chicos que esperan una adopci\u00f3n, tenemos que acelerar ese proceso<\/mark><\/em>\u201c, grafic\u00f3 Cornejo, pero tambi\u00e9n adelant\u00f3 que ya ha conversado con la ministra&nbsp;<strong>Teresa Day<\/strong>&nbsp;para \u201cprofundizar\u201d esa tarea. \u201cNuestros hogares, por el deterioro social, tienen cada vez m\u00e1s ni\u00f1os con tutela del Estado.&nbsp;<mark>Esa tutela, cuando la determina un juez, es como lavarse las manos.<\/mark>&nbsp;Lo ideal es que r\u00e1pidamente vaya a una familia\u201d, concluy\u00f3.<\/p>\n\n\n\n<p>Si bien reconoci\u00f3 que la cr\u00edtica de la sociedad es transversal a todos los poderes, tambi\u00e9n cuestion\u00f3 que las demandas de la ciudadan\u00eda no se corresponden, a su vez, con las respuestas que da a las instituciones para resolver este tipo de situaciones.<\/p>\n\n\n\n<p>\u201c<em>La sociedad no es tan noble como se plantea en la cr\u00f3nica, cuando hay que que adoptar<\/em>\u201c, sostuvo.<\/p>\n\n\n\n<h2 class=\"wp-block-heading\" id=\"h-inseguridad-el-canton-mendocino-a-la-suiza\">Inseguridad: el cant\u00f3n mendocino a la suiza<\/h2>\n\n\n\n<p>En el \u00faltimo pasaje de su discurso, Cornejo hizo referencia a la&nbsp;<strong>inseguridad<\/strong>. Si bien en primer lugar observ\u00f3 que el Ejecutivo detenta las funciones de la prevenci\u00f3n y la represi\u00f3n del delito, \u201c<em>el fuero penal es tan responsable a la hora de construir seguridad<\/em>\u201c, aludiendo al papel de la Justicia.<\/p>\n\n\n\n<p>El gobernador reconoci\u00f3 que \u201c<em>hemos trabajado bien, con resultados categ\u00f3ricos<\/em>\u201d y\u00a0<mark>ponder\u00f3 en este apartado la baja en la tasa de homicidios en la provincia, con su esclarecimiento<\/mark>. Pero, pese a las cifras que avalan la gesti\u00f3n radical en ese apartado, ensay\u00f3 una curiosa comparaci\u00f3n.<\/p>\n\n\n\n<p>\u201c<em><mark>Pero sin duda, tenemos altos niveles de inseguridad. Aunque algunos quieren compararnos con un cant\u00f3n suizo, creemos que podemos asimilarnos a un cant\u00f3n suizo si unimos todos los procedimientos penales y hacemos una polic\u00eda mejor.&nbsp;<\/mark>Si involucramos a los municipios en la prevenci\u00f3n, muchos contribuyen, estoy seguro que bajamos arrebatos y entraderas<\/em>\u201c, defini\u00f3.<\/p>\n\n\n\n<p>Por eso, tambi\u00e9n ponder\u00f3 el masivo operativo policial que se hizo en&nbsp;<strong>Campo Pappa<\/strong>&nbsp;la semana pasada, donde se realizaron 467 allanamientos. Pero lo significativo, seg\u00fan apreci\u00f3 Cornejo, fue que \u201c<em>los jueces de garant\u00edas estuvieron en el mismo lugar a las 5 de la ma\u00f1ana dando las \u00f3rdenes, lo que deber\u00eda ocurrir siempre<\/em>\u201c.<\/p>\n\n\n\n<p>Cornejo cerr\u00f3 su discurso repasando los logros que revalidaron la gesti\u00f3n del radicalismo, tambi\u00e9n en el Poder Judicial porque ha trabajado en conjunto con el Ejecutivo. Asegur\u00f3 que \u201c<em>los delitos violentos han bajado<\/em>\u201c, que las normas han hecho \u201c<em>mucho m\u00e1s expeditos<\/em>\u201d a los procesos judiciales, que la Justicia sum\u00f3 infraestructura -como el&nbsp;<strong>Polo Judicial<\/strong>\u2013 y que, por lejos, \u201c<em>Mendoza es la que m\u00e1s c\u00e1rceles ha construido<\/em>\u201c.<\/p>\n\n\n\n<p>Y concluy\u00f3 con una frase llamativa que lo distancia del ala garantista de la Corte, entre ellos,&nbsp;<strong>Omar Palermo<\/strong>, con quien mantiene una p\u00fablica rivalidad.<\/p>\n\n\n\n<p>\u201c<em>En el mundo la privaci\u00f3n de la libertad ha sido el elemento que ha bajado el delito violento<\/em>\u201c, cerr\u00f3.<\/p>\n\n\n\n<p>FUENTE: Elsol.com.ar <\/p>\n","protected":false},"excerpt":{"rendered":"<p>Frente a los ministros de la&nbsp;Suprema Corte&nbsp;y otras autoridades, el gobernador&nbsp;Alfredo Cornejo&nbsp;pidi\u00f3 a la c\u00fapula del&nbsp;Poder Judicial&nbsp;acelerar los procesos de&nbsp;adopci\u00f3n&nbsp;en el fuero de Familia y bajar la tasa del delito de&nbsp;estafas&nbsp;que se producen en&nbsp;Mendoza&nbsp;y no encuentran castigo. El pedido fue realizando durante la&nbsp;apertura del a\u00f1o judicial&nbsp;en el Auditorio \u00c1ngel Bustelo. En primer lugar, el mandatario [&hellip;]<\/p>\n","protected":false},"author":2,"featured_media":6232,"comment_status":"open","ping_status":"open","sticky":true,"template":"","format":"standard","meta":[],"categories":[47],"tags":[],"_links":{"self":[{"href":"https:\/\/pasaenmendoza.com\/index.php?rest_route=\/wp\/v2\/posts\/6231"}],"collection":[{"href":"https:\/\/pasaenmendoza.com\/index.php?rest_route=\/wp\/v2\/posts"}],"about":[{"href":"https:\/\/pasaenmendoza.com\/index.php?rest_route=\/wp\/v2\/types\/post"}],"author":[{"embeddable":true,"href":"https:\/\/pasaenmendoza.com\/index.php?rest_route=\/wp\/v2\/users\/2"}],"replies":[{"embeddable":true,"href":"https:\/\/pasaenmendoza.com\/index.php?rest_route=%2Fwp%2Fv2%2Fcomments&post=6231"}],"version-history":[{"count":1,"href":"https:\/\/pasaenmendoza.com\/index.php?rest_route=\/wp\/v2\/posts\/6231\/revisions"}],"predecessor-version":[{"id":6233,"href":"https:\/\/pasaenmendoza.com\/index.php?rest_route=\/wp\/v2\/posts\/6231\/revisions\/6233"}],"wp:featuredmedia":[{"embeddable":true,"href":"https:\/\/pasaenmendoza.com\/index.php?rest_route=\/wp\/v2\/media\/6232"}],"wp:attachment":[{"href":"https:\/\/pasaenmendoza.com\/index.php?rest_route=%2Fwp%2Fv2%2Fmedia&parent=6231"}],"wp:term":[{"taxonomy":"category","embeddable":true,"href":"https:\/\/pasaenmendoza.com\/index.php?rest_route=%2Fwp%2Fv2%2Fcategories&post=6231"},{"taxonomy":"post_tag","embeddable":true,"href":"https:\/\/pasaenmendoza.com\/index.php?rest_route=%2Fwp%2Fv2%2Ftags&post=6231"}],"curies":[{"name":"wp","href":"https:\/\/api.w.org\/{rel}","templated":true}]}}