{"id":6234,"date":"2024-03-19T13:51:42","date_gmt":"2024-03-19T12:51:42","guid":{"rendered":"https:\/\/pasaenmendoza.com\/?p=6234"},"modified":"2024-03-19T13:51:44","modified_gmt":"2024-03-19T12:51:44","slug":"cornejo-sin-duda-alguna-tenemos-altos-niveles-de-inseguridad","status":"publish","type":"post","link":"https:\/\/pasaenmendoza.com\/?p=6234","title":{"rendered":"Cornejo: &#8220;Sin duda alguna tenemos altos niveles de inseguridad&#8221;"},"content":{"rendered":"\n<p>\u00a0El gobernador\u00a0Alfredo Cornejo\u00a0particip\u00f3 este lunes del Acto de\u00a0<strong>Apertura del A\u00f1o Judicial 2024\u00a0<\/strong>donde confirm\u00f3 que en Mendoza hay &#8220;altos niveles de inseguridad&#8221; pero destac\u00f3\u00a0la baja sustantiva de homicidios y el esclarecimiento de estos. Estuvo acompa\u00f1ado por la vicegobernadora\u00a0Hebe Casado; el presidente de la Suprema Corte, Dalmiro Garay; legisladores nacionales y provinciales; Ministros de la Suprema Corte; y miembros del gabinete provincial.<\/p>\n\n\n\n<p>Al comienzo de su discurso, el mandatario destac\u00f3 la importancia de la eficiencia en los juicios civiles para agilizar procesos como ejecuciones cambiarias y desalojos en el mercado de la vivienda, con la prevenci\u00f3n y represi\u00f3n del delito como responsabilidad conjunta entre Poderes Ejecutivo y Judicial para mejorar la seguridad.&nbsp;<\/p>\n\n\n\n<p>&#8220;Hoy podemos decir que en todos los fueros\u00a0<strong>estamos mejor en n\u00fameros que hace 10 a\u00f1os atr\u00e1s<\/strong>. Eso creo que es un logro conjunto. Nadie podr\u00eda atribu\u00edrsele desde la esfera pol\u00edtica ni ning\u00fan poder del estado en particular, pero s\u00ed que tenemos una mejor administraci\u00f3n de justicia&#8221;, puntualiz\u00f3 Cornejo.<\/p>\n\n\n\n<p>Poderes del Estado<\/p>\n\n\n\n<p>El mandatario se\u00f1al\u00f3 el trabajo conjunto entre los poderes para agilizar los procesos judiciales civiles y garantizar la seguridad, prevenci\u00f3n del delito y la eficacia en la represi\u00f3n del mismo, involucrando a todos los sectores del Estado: &#8220;<strong>Hay una demanda inmensa&nbsp;<\/strong>sobre los poderes del Estado, con un malestar ciudadano amplio que es caldo de cultivo de los peores populismos y siempre es f\u00e1cil echarle la culpa a la Justicia de temas que son atribuibles al funcionamiento de la sociedad. No queremos caer en ese discurso f\u00e1cil, pero s\u00ed creemos que&nbsp;<strong>no debemos detenernos en lo hecho hasta aqu\u00ed<\/strong>, sino que tenemos que proyectar lo que viene para adelante&#8221;.<\/p>\n\n\n\n<p>Adem\u00e1s, Cornejo agreg\u00f3: &#8220;Desde la percepci\u00f3n popular, los poderes del Estado tienen una mala percepci\u00f3n, y luchamos contra eso, con lo cual hay que hacer un doble esfuerzo para la legitimaci\u00f3n, porque la legitimaci\u00f3n es parte del proceso de autoridad. Y una sociedad no puede vivir sin la autoridad p\u00fablica. Necesitamos estar con o\u00eddos atentos de las cosas que faltan&#8221;.<\/p>\n\n\n\n<p>&#8220;Una de las funciones sustantivas del Estado provincial es la prevenci\u00f3n del delito y la&nbsp;<strong>represi\u00f3n del mismo cuando haga falta<\/strong>&#8220;, puntualiz\u00f3 el Gobernador, al tiempo que detall\u00f3 que &#8220;la prevenci\u00f3n y la represi\u00f3n tienen mucho que ver con tareas del Estado, pero no son tareas solo del Poder Ejecutivo. Es decir, el Poder Ejecutivo tiene el arma para la prevenci\u00f3n m\u00e1s relevante que es la polic\u00eda y tiene el arma tambi\u00e9n m\u00e1s relevante para la represiva que es la instituci\u00f3n policial. Pero el fuero penal es tan responsable como el Poder Ejecutivo a la hora de construir mayor seguridad&#8221;.<\/p>\n\n\n\n<p>Inseguridad<\/p>\n\n\n\n<p>Cornejo mencion\u00f3 el ejemplo de la baja sustantiva de homicidios y el esclarecimiento de esos homicidios y se\u00f1al\u00f3 que &#8220;hemos trabajado muy bien con el Ministerio P\u00fablico Fiscal y en general con la mayor\u00eda de los jueces penales de esta provincia con resultados muy alentadores&#8221;. Y a\u00f1adi\u00f3: &#8220;<strong>Sin duda alguna tenemos altos niveles de inseguridad y si tenemos altos niveles de inseguridad<\/strong>, aunque algunos quieren compararnos con un cant\u00f3n suizo, aunque vivimos en Argentina con su deterioro social, con su deterioro econ\u00f3mico, nosotros creemos que podemos asimilarlos a un cant\u00f3n suizo si pulimos mejor todos los procedimientos penales y hacemos a una polic\u00eda mucho m\u00e1s profesional a la hora de la represi\u00f3n y prevenci\u00f3n del delito&#8221;.<\/p>\n\n\n\n<p>En este sentido, el mandatario indic\u00f3 que &#8220;si involucramos a los municipios en la tarea de prevenci\u00f3n, con todas las tareas municipales que tienen que ver con la prevenci\u00f3n y si mejoramos todo el proceso penal, yo estoy seguro que bajamos sustancialmente los delitos de arrebatos, adem\u00e1s de tantos otros que desgastan la confianza ciudadana en la polic\u00eda y en el Poder Judicial, y en Ejecutivo. Debemos hacer ese trabajo&#8221;.<\/p>\n\n\n\n<p><strong>Allanamientos en Godoy Cruz<\/strong><\/p>\n\n\n\n<p>Cornejo hizo referencia al reciente allanamiento masivo en un barrio de Godoy Cruz. Destac\u00f3 el trabajo conjunto entre los poderes Judicial y Ejecutivo: &#8220;Se realizaron 467 allanamientos en forma conjunta, donde el Ministerio P\u00fablico Fiscal hizo las investigaciones, nuestra polic\u00eda contribuy\u00f3 en todo ello. El dato alentador es que los jueces de garant\u00eda estuvieron en el mismo lugar a las 5 de la ma\u00f1ana dando las \u00f3rdenes inmediatamente ah\u00ed. Lo que debiera ocurrir siempre, ocurri\u00f3 en esta oportunidad y ocurri\u00f3 porque tiene l\u00f3gica que sea as\u00ed. Un juez de garant\u00eda que est\u00e1 para justamente cuidar el proceso y que se ejerzan los derechos, que no hayan violaciones a esos derechos de los acusados, etc.&#8221;.<\/p>\n\n\n\n<p>As\u00ed, Cornejo realiz\u00f3 un pedido especial a los presentes: &#8220;Quiero alentar al Poder Judicial en todas sus instancias, pero en la Penal en particular, y al Ministerio P\u00fablico Fiscal a que sigamos trabajando juntos en esa direcci\u00f3n&#8221;.<\/p>\n\n\n\n<p>Luego, se\u00f1al\u00f3 que &#8220;tenemos mucha informaci\u00f3n para prevenir el delito, tenemos mucha informaci\u00f3n para poder reprimir el delito, necesitamos mayor fluidez all\u00ed&#8221; y agreg\u00f3 que &#8220;las reformas no tienen que quedar como teor\u00eda para la academia&#8221;.<\/p>\n\n\n\n<p>En su discurso, el gobernador tambi\u00e9n mencion\u00f3 que es necesario continuar trabajando en temas de transparencia y legitimaci\u00f3n de los poderes Judicial y Ejecutivo, acelerando procesos como la adopci\u00f3n y sancionando a estafadores para promover una sociedad m\u00e1s \u00e9tica y segura.<\/p>\n\n\n\n<p>Para finalizar, el mandatario mendocino sostuvo que &#8220;las cosas que faltan no deben perdernos de perspectiva de lo que hemos hecho y hemos hecho bien, y ha hecho bien el Poder Judicial de Mendoza, aqu\u00ed y ahora, con gesti\u00f3n propiamente dicha. Pero no debe dejar de mirar que la sociedad nos exige mucho y ac\u00e1 tienen a un Gobernador que est\u00e1 dispuesto a cumplir con esa exigencia&#8221;.<\/p>\n\n\n\n<p>FUENTE: Mendozapost.<\/p>\n","protected":false},"excerpt":{"rendered":"<p>\u00a0El gobernador\u00a0Alfredo Cornejo\u00a0particip\u00f3 este lunes del Acto de\u00a0Apertura del A\u00f1o Judicial 2024\u00a0donde confirm\u00f3 que en Mendoza hay &#8220;altos niveles de inseguridad&#8221; pero destac\u00f3\u00a0la baja sustantiva de homicidios y el esclarecimiento de estos. Estuvo acompa\u00f1ado por la vicegobernadora\u00a0Hebe Casado; el presidente de la Suprema Corte, Dalmiro Garay; legisladores nacionales y provinciales; Ministros de la Suprema Corte; [&hellip;]<\/p>\n","protected":false},"author":2,"featured_media":6235,"comment_status":"open","ping_status":"open","sticky":true,"template":"","format":"standard","meta":[],"categories":[47],"tags":[],"_links":{"self":[{"href":"https:\/\/pasaenmendoza.com\/index.php?rest_route=\/wp\/v2\/posts\/6234"}],"collection":[{"href":"https:\/\/pasaenmendoza.com\/index.php?rest_route=\/wp\/v2\/posts"}],"about":[{"href":"https:\/\/pasaenmendoza.com\/index.php?rest_route=\/wp\/v2\/types\/post"}],"author":[{"embeddable":true,"href":"https:\/\/pasaenmendoza.com\/index.php?rest_route=\/wp\/v2\/users\/2"}],"replies":[{"embeddable":true,"href":"https:\/\/pasaenmendoza.com\/index.php?rest_route=%2Fwp%2Fv2%2Fcomments&post=6234"}],"version-history":[{"count":1,"href":"https:\/\/pasaenmendoza.com\/index.php?rest_route=\/wp\/v2\/posts\/6234\/revisions"}],"predecessor-version":[{"id":6236,"href":"https:\/\/pasaenmendoza.com\/index.php?rest_route=\/wp\/v2\/posts\/6234\/revisions\/6236"}],"wp:featuredmedia":[{"embeddable":true,"href":"https:\/\/pasaenmendoza.com\/index.php?rest_route=\/wp\/v2\/media\/6235"}],"wp:attachment":[{"href":"https:\/\/pasaenmendoza.com\/index.php?rest_route=%2Fwp%2Fv2%2Fmedia&parent=6234"}],"wp:term":[{"taxonomy":"category","embeddable":true,"href":"https:\/\/pasaenmendoza.com\/index.php?rest_route=%2Fwp%2Fv2%2Fcategories&post=6234"},{"taxonomy":"post_tag","embeddable":true,"href":"https:\/\/pasaenmendoza.com\/index.php?rest_route=%2Fwp%2Fv2%2Ftags&post=6234"}],"curies":[{"name":"wp","href":"https:\/\/api.w.org\/{rel}","templated":true}]}}