{"id":6237,"date":"2024-03-19T14:01:02","date_gmt":"2024-03-19T13:01:02","guid":{"rendered":"https:\/\/pasaenmendoza.com\/?p=6237"},"modified":"2024-03-19T14:01:03","modified_gmt":"2024-03-19T13:01:03","slug":"la-interna-pro-entro-en-su-etapa-final-las-dos-candidatas-oficialistas-y-el-plan-de-de-marchi","status":"publish","type":"post","link":"https:\/\/pasaenmendoza.com\/?p=6237","title":{"rendered":"La interna PRO entr\u00f3 en su etapa final: las dos candidatas oficialistas y el plan de De Marchi"},"content":{"rendered":"\n<p>Hubo definiciones en la Junta Electoral del partido. En un mes hay que presentar candidatos y no se baja nadie. El lujanino espera la jugada de Cambia Mendoza<\/p>\n\n\n\n<p>La carrera para ver qui\u00e9n se queda con la presidencia del\u00a0<strong>PRO\u00a0<\/strong>en\u00a0<strong>Mendoza\u00a0<\/strong>entr\u00f3 en su \u00faltima curva. Asoman dos candidatas que pertenecen al\u00a0<strong>oficialismo<\/strong>\u00a0local y que se\u00a0sacan sus propios chispazos dentro de la interna,\u00a0<strong>Hebe Casado y Sol Salinas<\/strong>; pero tambi\u00e9n hay expectativas por ver qu\u00e9 har\u00e1n\u00a0<strong>Omar De Marchi<\/strong>\u00a0y su sector, quienes a\u00fan no confirman si competir\u00e1n. El \u00faltimo fin de semana hubo movimiento dentro del partido y no se descarta que la provincia d\u00e9 una sorpresa en los comicios nacionales este martes.<\/p>\n\n\n\n<p>&#8220;<strong>Mientras no haya consenso, De Marchi tiene posibilidades de pasar por entre medio de Sol y Hebe y hacer ganar a su candidato&#8221;<\/strong>, dicen los espectadores de lo que pasa adentro de los globos amarillos de la provincia. Desde este martes, faltar\u00e1 exactamente<strong>&nbsp;un mes para la presentaci\u00f3n de listas<\/strong>&nbsp;y por ahora el panorama tiene tres patas: la&nbsp;<strong>vicegobernadora<\/strong>, que hace rato manifest\u00f3 sus intenciones de conducir el partido; la&nbsp;<strong>diputada Salinas<\/strong>, que no se baja del ring aunque tenga que&nbsp;<strong>tensar la cuerda en Cambia Mendoza para estar<\/strong>, y el&nbsp;<strong>demarchismo<\/strong>, que jugaba a la inc\u00f3gnita hasta el viernes, pero ahora ya muestra algunas cartas.<\/p>\n\n\n\n<p><strong>Toda la semana pasada hubo una disputa silenciosa.\u00a0<\/strong>En la pr\u00f3xima etapa, una\u00a0<strong>junta electoral<\/strong>\u00a0del espacio tiene que validar o no a los candidatos que van a presentarse.<strong>\u00a0Salinas busc\u00f3 poner a algunos de sus referentes\u00a0<\/strong>en ese \u00f3rgano: de los cinco titulares, la legisladora buscaba ubicar al menos a dos miembros de su confianza y que los m\u00e1s afines a Hebe ocupasen los tres lugares restantes.\u00a0<strong>Eso no termin\u00f3 ocurriendo y gener\u00f3 bastante malestar,\u00a0<\/strong>aunque el asunto no se hizo p\u00fablico.<\/p>\n\n\n\n<p>Quienes s\u00ed se sumaron,\u00a0<strong>curiosamente, fueron dos dirigentes que son definidos como demarchistas<\/strong>\u00a0bastante puros.\u00a0<strong>Dar\u00edo Tello y Mar\u00eda Bel\u00e9n Castillo<\/strong>, que son miembros de los equipos de\u00a0<strong>\u00c1lvaro Mart\u00ednez<\/strong>, el diputado nacional y hombre de confianza del lujanino. Lo que explican all\u00ed es que es\u00a0<strong>&#8220;lo que corresponde&#8221;<\/strong>\u00a0por la cantidad de afiliaciones y banque que tiene ese grupo dentro del espacio. &#8220;Lo pedimos porque no queremos que nos hagan ninguna trampa. Por las dudas&#8221;, acusan en\u00a0<strong>La Uni\u00f3n Mendocina<\/strong>.<\/p>\n\n\n\n<p>Lo cierto es que&nbsp;<strong>los &#8220;casadistas&#8221; no quer\u00edan devolver gentilezas.&nbsp;<\/strong>Acusan haber sido maltratados en a\u00f1os anteriores y ahora son quienes tienen la sart\u00e9n por el mango. Pero en el medio&nbsp;<strong>intervino gente de Buenos Aires<\/strong>.<\/p>\n\n\n\n<p>Cuentan que la vice habl\u00f3 con referentes nacionales y hubo acuerdo para esos &#8220;ingresos&#8221; de demarchistas. El propio Mart\u00ednez se movi\u00f3 bastante all\u00e1 tambi\u00e9n, hablando con el&nbsp;<strong>interventor<\/strong>&nbsp;que tiene la fuerza en Mendoza,&nbsp;<strong>el legislador porte\u00f1o Dar\u00edo Nieto, y con el apoderado del partido, Santiago Alberdi.<\/strong><\/p>\n\n\n\n<p>&#8220;Al final pegaron buena onda, \u00bfves ? La foto de la Vendimia fue un anticipo de esto&#8221;, tir\u00f3 socarronamente un neutral. La referencia es a que\u00a0<strong>un fot\u00f3grafo captur\u00f3 a De Marchi y a Hebe juntos y sonriendo\u00a0<\/strong>en el desayuno de Coviar.<\/p>\n\n\n\n<h2 class=\"wp-block-heading\">El paso a paso en la estrategia de De Marchi<\/h2>\n\n\n\n<p>De acuerdo a la informaci\u00f3n que lleg\u00f3 a este diario,\u00a0<strong>dicha junta quedar\u00eda entonces con los dos cercanos a Mart\u00ednez y otros cinco dirigentes<\/strong>. En total son Nuria Olivera, Manuel Gim\u00e9nez, Rafael Baz\u00e1n, Dar\u00edo Amante y el ex representante de Republicanos Unidos -y hoy ya miembro del PRO puro-<strong>\u00a0Sergio Miranda.\u00a0<\/strong>Para integrar la mesa, explican, hace falta el visto bueno del\u00a0<strong>interventor<\/strong>\u00a0que tiene la fuerza en Mendoza,\u00a0<strong>el legislador porte\u00f1o Dar\u00edo Nieto.<\/strong><\/p>\n\n\n\n<p>La estrategia de De Marchi por ahora es esperar.<strong>&nbsp;A un a\u00f1o de la campa\u00f1a a gobernador en la que tard\u00f3 para definirse<\/strong>&nbsp;y jug\u00f3 con la expectativa pol\u00edtica, ahora su plan parece ser similar en ese sentido: no dice ni que s\u00ed ni que no cuando le preguntan qui\u00e9n de los suyos va a jugar o si baraja la posibilidad de bajarse.<strong>&nbsp;Pero eso s\u00ed: De Marchi no puede ocultar algunos indicios de lo que tiene en mente.<\/strong><\/p>\n\n\n\n<p>Uno de ellos es el&nbsp;<strong>haber buscado tener nombres propios en la junta y en la toma de decisiones para las candidaturas.&nbsp;<\/strong>A pesar de que hace poco su sector marcara que &#8220;en un 99%&#8221; estaban decididos a no competir por el PRO local, ahora su movimiento de piezas apunta a lo contrario.&nbsp;<strong>Y esa es s\u00f3lo una de las marcas de sus intereses<\/strong>. La otra es la presentaci\u00f3n de afiliados, que se hizo a fines de la otra semana -para evitar los l\u00edos de la elecci\u00f3n pasada, esta vez con &#8220;reforzada&#8221; presencia de escribano- y donde Omar le sac\u00f3 cierta diferencia en cantidad de fichas a los amarillos que est\u00e1n con&nbsp;<strong>Cambia Mendoza.&nbsp;<\/strong>Por cierto, la<strong>&nbsp;cantidad de afiliados<\/strong>&nbsp;pr\u00e1cticamente se duplic\u00f3: son casi 16 mil.<\/p>\n\n\n\n<p>En el oficialismo marcan que est\u00e1 esperando una definici\u00f3n antes de decir c\u00f3mo jugar\u00e1. Probablemente sea como explican en\u00a0<strong>Cambia Mendoza:<\/strong>\u00a0entienden que la interna Casado &#8211; Salinas puede beneficiarlo para volver a conducir. Ah\u00ed asoman distintos nombres para ser el candidato del exintendente: los senadores\u00a0<strong>Germ\u00e1n Vicchi y Gabriel Pradines y el diputado nacional Mart\u00ednez<\/strong>, quien ya fue presidente hasta 2023. Desde los tres sectores han negado tener\u00a0<strong>intereses\u00a0<\/strong>puntuales en jugar.<\/p>\n\n\n\n<p>Tampoco habr\u00eda que descartar que\u00a0<strong>juegue<\/strong>\u00a0el propio lujanino, aunque esa opci\u00f3n aparece como m\u00e1s remota. En Cambia Mendoza, a su manera, lo levantan al hombre de La Uni\u00f3n Mendocina:\u00a0<strong>&#8220;Esas afiliaciones que tiene su sector son de gente que estar\u00eda dispuesta a acompa\u00f1arlo a \u00e9l<\/strong>, es cierto; pero no as\u00ed a cualquiera de los que \u00e9l ponga. Ah\u00ed\u00a0<strong>no tiene ning\u00fan voto asegurado&#8221;<\/strong>, criticaron.<\/p>\n\n\n\n<h2 class=\"wp-block-heading\">&#8220;Mendoza jugar\u00e1 fuerte en el PRO&#8221;<\/h2>\n\n\n\n<p><strong>Este martes parece que no habr\u00e1 sorpresas y Mauricio Macri se transformar\u00e1 en el nuevo presidente a nivel nacional del partido amarillo.<\/strong>&nbsp;El fundador del espacio nunca lo ha conducido, pero esta vez s\u00ed quiere ir a buscar el poder.<\/p>\n\n\n\n<p>Por primera vez, eso s\u00ed, recibe&nbsp;<strong>cuestionamientos internos<\/strong>, algo a lo que no est\u00e1 acostumbrado porque no ocurri\u00f3 jam\u00e1s en los&nbsp;<strong>20 a\u00f1os de vida del PRO<\/strong>. S\u00ed pasa ahora, porque&nbsp;<strong>tiene enfrente al sector rebelde de Patricia Bullrich<\/strong>; empoderado, adem\u00e1s, por el peso de la ministra en la gesti\u00f3n de Javier Milei.<\/p>\n\n\n\n<p><strong>\u00bfQu\u00e9 implica esto para Mendoza? Nada o much\u00edsimo.\u00a0<\/strong>Depende de lo que ocurra en este 19 de marzo. Ah\u00ed\u00a0<strong>Hebe Casado podr\u00eda llegar a ser nombrada<\/strong>\u00a0como miembro de los espacios que se ponen en juego. As\u00ed se ha estado especulando desde hace un mes, e incluso hay quienes aseguran que puede pelear una de las dos vicepresidencias en danza. Otra de esas sillas suena para la ex gobernadora bonaerense\u00a0<strong>Mar\u00eda Eugenia Vidal.<\/strong><\/p>\n\n\n\n<p>En Cambia Mendoza saben que es dif\u00edcil, pero que ese partido todav\u00eda se est\u00e1 jugando. \u00daltimamente no han sido muy entusiastas con esa posibilidad, lo que puede ser le\u00eddo como un aviso de que no est\u00e1 tan abierto el camino. Pero si no se diera, s\u00ed est\u00e1n confiados de que algo m\u00e1s pueda venir:<strong>&nbsp;&#8220;Mendoza va a jugar fuerte&nbsp;<\/strong>y el PRO se quiere federalizar&#8221;, es el aviso con el que responden a las preguntas en este sentido. O sea que, sea como sea,&nbsp;<strong>para alguno de los lugares est\u00e1n mirando a la provincia.<\/strong><\/p>\n\n\n\n<p><strong>Eso le servir\u00eda a Salinas<\/strong>, a quien le allanar\u00eda por completo la compleja\u00a0<strong>&#8220;interna dentro de la interna&#8221; que se ha granjeado<\/strong>: nada m\u00e1s y nada menos que contra la vicegobernadora. En su sector entienden que, con\u00a0<strong>Hebe<\/strong>\u00a0jugando para un cargo m\u00e1s alto,\u00a0<strong>su chance dar\u00eda varios pasos al frente<\/strong>. Eso sin mencionar al demarchismo, que por ahora sigue el\u00a0<strong>paso a paso de su plan<\/strong>\u00a0y espera en silencio.<\/p>\n\n\n\n<p>FUENTE: Diariouno.com.ar <\/p>\n","protected":false},"excerpt":{"rendered":"<p>Hubo definiciones en la Junta Electoral del partido. En un mes hay que presentar candidatos y no se baja nadie. El lujanino espera la jugada de Cambia Mendoza La carrera para ver qui\u00e9n se queda con la presidencia del\u00a0PRO\u00a0en\u00a0Mendoza\u00a0entr\u00f3 en su \u00faltima curva. Asoman dos candidatas que pertenecen al\u00a0oficialismo\u00a0local y que se\u00a0sacan sus propios chispazos [&hellip;]<\/p>\n","protected":false},"author":2,"featured_media":6238,"comment_status":"open","ping_status":"open","sticky":true,"template":"","format":"standard","meta":[],"categories":[47],"tags":[],"_links":{"self":[{"href":"https:\/\/pasaenmendoza.com\/index.php?rest_route=\/wp\/v2\/posts\/6237"}],"collection":[{"href":"https:\/\/pasaenmendoza.com\/index.php?rest_route=\/wp\/v2\/posts"}],"about":[{"href":"https:\/\/pasaenmendoza.com\/index.php?rest_route=\/wp\/v2\/types\/post"}],"author":[{"embeddable":true,"href":"https:\/\/pasaenmendoza.com\/index.php?rest_route=\/wp\/v2\/users\/2"}],"replies":[{"embeddable":true,"href":"https:\/\/pasaenmendoza.com\/index.php?rest_route=%2Fwp%2Fv2%2Fcomments&post=6237"}],"version-history":[{"count":1,"href":"https:\/\/pasaenmendoza.com\/index.php?rest_route=\/wp\/v2\/posts\/6237\/revisions"}],"predecessor-version":[{"id":6239,"href":"https:\/\/pasaenmendoza.com\/index.php?rest_route=\/wp\/v2\/posts\/6237\/revisions\/6239"}],"wp:featuredmedia":[{"embeddable":true,"href":"https:\/\/pasaenmendoza.com\/index.php?rest_route=\/wp\/v2\/media\/6238"}],"wp:attachment":[{"href":"https:\/\/pasaenmendoza.com\/index.php?rest_route=%2Fwp%2Fv2%2Fmedia&parent=6237"}],"wp:term":[{"taxonomy":"category","embeddable":true,"href":"https:\/\/pasaenmendoza.com\/index.php?rest_route=%2Fwp%2Fv2%2Fcategories&post=6237"},{"taxonomy":"post_tag","embeddable":true,"href":"https:\/\/pasaenmendoza.com\/index.php?rest_route=%2Fwp%2Fv2%2Ftags&post=6237"}],"curies":[{"name":"wp","href":"https:\/\/api.w.org\/{rel}","templated":true}]}}