{"id":6247,"date":"2024-03-19T22:52:53","date_gmt":"2024-03-19T21:52:53","guid":{"rendered":"https:\/\/pasaenmendoza.com\/?p=6247"},"modified":"2024-03-19T22:52:54","modified_gmt":"2024-03-19T21:52:54","slug":"el-presidente-de-la-suprema-corte-anticipo-que-cada-mendocino-tendra-una-firma-digital-ciudadana","status":"publish","type":"post","link":"https:\/\/pasaenmendoza.com\/?p=6247","title":{"rendered":"El presidente de la Suprema Corte anticip\u00f3 que cada mendocino tendr\u00e1 una firma digital ciudadana"},"content":{"rendered":"\n<p>Con un discurso que apost\u00f3 a la tecnolog\u00eda como forma de mejorar el servicio de justicia, el presidente de la\u00a0Suprema Corte de Justicia,\u00a0<strong>Dalmiro Garay Cueli<\/strong>\u00a0realiz\u00f3 la\u00a0<strong>Apertura del A\u00f1o Judicial 2024<\/strong>. Y uno de los anuncios fue que se implementar\u00e1 la\u00a0<strong>Firma Digital Ciudadana<\/strong>.<\/p>\n\n\n\n<p>\u201cAprovechamos para rendir cuenta de lo que hicimos, hace 3 a\u00f1os en este mismo lugar anunciamos que dej\u00e1bamos de usar el papel e \u00edbamos a un sistema de expediente electr\u00f3nico.\u00a0<strong>Hoy ya tenemos m\u00e1s de 600.000 expedientes nativos digitales y se maneja de manera remota<\/strong>. Hoy planteamos una profundizaci\u00f3n de eso, porque notamos que hay ciertos nichos procesales que estamos dispuestos a cambiarlos. Si la tecnolog\u00eda puede mejorar, eso se va a utilizar; y si hay que reformar los c\u00f3digos se va a hacer\u201d, declar\u00f3 ante la prensa, luego de concluido el acto, Garay Cueli.<\/p>\n\n\n\n<h2 class=\"wp-block-heading\">En qu\u00e9 consiste la Firma Ciudadana<\/h2>\n\n\n\n<p>Uno de los principales anuncios que hizo el presidente de la Suprema Corte tiene que ver con un desarrollo propio del Poder Judicial y que permitir\u00e1&nbsp;<strong>brindar el servicio de Firma Ciudadana<\/strong>&nbsp;mediante la cual los usuarios de los servicios de justicia van a poder&nbsp;<strong>firmar documentos de manera electr\u00f3nica, en forma simple, segura y transparente<\/strong>.<\/p>\n\n\n\n<p>\u201cEste desarrollo lo pondremos a disposici\u00f3n del Estado Provincial, Municipal o reparticiones p\u00fablicas que lo necesiten.&nbsp;<strong>Estamos convencidos de que la interacci\u00f3n en las iniciativas de innovaci\u00f3n entre los actores del sector p\u00fablico y tambi\u00e9n del privado es la \u00fanica forma de concretar un ecosistema en el que todos podamos aportar recursos<\/strong>, que permitan optimizarlos en beneficio de la ciudadan\u00eda de una manera democr\u00e1tica y eficiente\u201d dijo durante su discurso el presidente de la SCJ.<\/p>\n\n\n\n<p>Entre los detalles del discurso, y ya en el rubro espec\u00edfico vinculado con los profesionales del Derecho,&nbsp;<strong>Dalmiro Garay Cueli detall\u00f3 que pondr\u00e1 en marcha la app mobile para abogados<\/strong>, a trav\u00e9s de la cual podr\u00e1n consultar en su dispositivo m\u00f3vil la gesti\u00f3n de las causas que llevan adelante.<\/p>\n\n\n\n<p>Otro eje que se present\u00f3 fue la puesta en marcha del&nbsp;<strong>Laboratorio de Innovaci\u00f3n Judicial<\/strong>, cuyo objetivo es convocar a un concurso de innovaci\u00f3n, para que empleados, funcionarios, magistrados y abogados puedan proponer proyectos de mejora, siendo implementados en todo el Poder Judicial aquellos que logren los primeros lugares.<\/p>\n\n\n\n<p>En lo que a innovaci\u00f3n se refiere, tambi\u00e9n se destac\u00f3 la puesta en marcha de&nbsp;<strong>Concilia<\/strong>, otro desarrollo propio realizado por t\u00e9cnicos del Poder Judicial en el fuero laboral que&nbsp;<strong>permite, mediante firma electr\u00f3nica, la celebraci\u00f3n de acuerdos homologables<\/strong>. Lo hace de manera transparente y r\u00e1pida.<\/p>\n\n\n\n<p>En cuanto a la rendici\u00f3n de cuentas, el presidente de la Corte destac\u00f3 que&nbsp;<strong>la tasa de resoluci\u00f3n de causas llega al 95%, llegando al 100% en el fuero Laboral y superando el 110% en el fuero Penal<\/strong>, lo que significa que no solo se resuelve todo lo que ingresa en ese a\u00f1o, sino que se avanza con las causas atrasadas. Tambi\u00e9n destac\u00f3 que&nbsp;<strong>se incrementaron en un 20% la realizaci\u00f3n de audiencias con respecto al 2022<\/strong>.<\/p>\n\n\n\n<p>En lo que tiene que ver con el<strong>&nbsp;Ministerio P\u00fablico Fiscal<\/strong>, puso en valor el Registro Provincial de Huellas Gen\u00e9ticas, donde se obtuvieron un 73% m\u00e1s de Mach Positivos, lo que permite las resoluciones de causas penales, lo que tuvo&nbsp;<strong>un impacto directo en la resoluci\u00f3n de hechos delictivos<\/strong>.<\/p>\n\n\n\n<p>En cuanto al Ministerio P\u00fablico de la Defensa, se destac\u00f3 que se lograron los objetivos propuestos, como la creaci\u00f3n de una Mesa de Informes y Derivaci\u00f3n para centralizar la recepci\u00f3n y atenci\u00f3n al p\u00fablico. Adem\u00e1s, se ampli\u00f3 la cantidad de turnos que se asignan a trav\u00e9s de la l\u00ednea gratuita 160,\u00a0<strong>se pas\u00f3 de 7 a 30 turnos diarios, lo que provoc\u00f3 que el ciudadano obtenga turnos para dentro de las 48 horas de solicitarlo<\/strong>.<\/p>\n\n\n\n<h2 class=\"wp-block-heading\">Cornejo reconoci\u00f3 la inseguridad, pero inst\u00f3 a hacer reformas<\/h2>\n\n\n\n<p>El gobernador,&nbsp;<strong>Alfredo Cornejo<\/strong>, quien estuvo presente en la Apertura del a\u00f1o Judicial 2024 destac\u00f3 en su discurso que \u201ctodas las reformas dentro de la justicia fueron aprobadas, tuvieron resistencias y dudas que fueron vencidas con una deliberaci\u00f3n p\u00fablica racional, como corresponde a la democracia. Pero eso despu\u00e9s debe ser gestionado por personas de manera eficiente, como lo hizo la Corte en conjunto.&nbsp;<strong>Hoy estamos mejor que hace de 10 a\u00f1os. Es un logro conjunto de todos los poderes del Estado<\/strong>. Tenemos una mejor administraci\u00f3n de justicia\u201d.<\/p>\n\n\n\n<p>De igual manera, el m\u00e1ximo mandatario provincial remarc\u00f3 que \u201ccreemos que no debemos detenernos en lo hecho, sino que tenemos que proyectar.&nbsp;<strong>Nos alienta a trabajar en forma conjunta porque el propio presidente de la Corte y los ministros tienen una agenda de modificaciones para mejorar<\/strong>\u201d.<\/p>\n\n\n\n<p>El radical reconoci\u00f3 que la inseguridad se ha incrementado, producto de la crisis econ\u00f3mica e institucional de la Argentina. En consecuencia,&nbsp;<strong>pidi\u00f3 estar atentos con lo que falta, como el gran problema que se viene dando por las estafas<\/strong>. \u201cTenemos que trabajar en conjunto para bajar eso. Tiene mucho que ver con lo moral, es&nbsp;<strong>un deterioro de la convivencia y del clima de negocios<\/strong>. Las estafas contribuyen a que no haya un buen clima de negocios\u201d, remarc\u00f3.<\/p>\n\n\n\n<p>Tambi\u00e9n reclam\u00f3 por una mejora en el sistema de adopci\u00f3n.&nbsp;<strong>\u201cTenemos 600 chicos a la espera de adopci\u00f3n<\/strong>. Tenemos que acelerar esos procesos. Podemos trabajando juntos mejorar esa tarea\u201d, dijo el mandatario.<\/p>\n\n\n\n<p>En el acto adem\u00e1s del Presidente de la Suprema Corte y el Gobernador, estuvieron presentes<strong>\u00a0los 6 ministros que integran la corte, Jos\u00e9 Valerio, Julio G\u00f3mez, Omar Palermo, Teresa Day, Mario Adaro, Pedro Llorente<\/strong>, la vicegobernadora,\u00a0<strong>Hebe Casado<\/strong>\u00a0y las principales autoridades del Poder Legislativo, Ejecutivo y municipal de la provincia.<\/p>\n\n\n\n<p><strong>Fuente: www.diariouno.com.ar<\/strong><\/p>\n","protected":false},"excerpt":{"rendered":"<p>Con un discurso que apost\u00f3 a la tecnolog\u00eda como forma de mejorar el servicio de justicia, el presidente de la\u00a0Suprema Corte de Justicia,\u00a0Dalmiro Garay Cueli\u00a0realiz\u00f3 la\u00a0Apertura del A\u00f1o Judicial 2024. Y uno de los anuncios fue que se implementar\u00e1 la\u00a0Firma Digital Ciudadana. \u201cAprovechamos para rendir cuenta de lo que hicimos, hace 3 a\u00f1os en este [&hellip;]<\/p>\n","protected":false},"author":2,"featured_media":6248,"comment_status":"open","ping_status":"open","sticky":false,"template":"","format":"standard","meta":[],"categories":[50],"tags":[],"_links":{"self":[{"href":"https:\/\/pasaenmendoza.com\/index.php?rest_route=\/wp\/v2\/posts\/6247"}],"collection":[{"href":"https:\/\/pasaenmendoza.com\/index.php?rest_route=\/wp\/v2\/posts"}],"about":[{"href":"https:\/\/pasaenmendoza.com\/index.php?rest_route=\/wp\/v2\/types\/post"}],"author":[{"embeddable":true,"href":"https:\/\/pasaenmendoza.com\/index.php?rest_route=\/wp\/v2\/users\/2"}],"replies":[{"embeddable":true,"href":"https:\/\/pasaenmendoza.com\/index.php?rest_route=%2Fwp%2Fv2%2Fcomments&post=6247"}],"version-history":[{"count":1,"href":"https:\/\/pasaenmendoza.com\/index.php?rest_route=\/wp\/v2\/posts\/6247\/revisions"}],"predecessor-version":[{"id":6249,"href":"https:\/\/pasaenmendoza.com\/index.php?rest_route=\/wp\/v2\/posts\/6247\/revisions\/6249"}],"wp:featuredmedia":[{"embeddable":true,"href":"https:\/\/pasaenmendoza.com\/index.php?rest_route=\/wp\/v2\/media\/6248"}],"wp:attachment":[{"href":"https:\/\/pasaenmendoza.com\/index.php?rest_route=%2Fwp%2Fv2%2Fmedia&parent=6247"}],"wp:term":[{"taxonomy":"category","embeddable":true,"href":"https:\/\/pasaenmendoza.com\/index.php?rest_route=%2Fwp%2Fv2%2Fcategories&post=6247"},{"taxonomy":"post_tag","embeddable":true,"href":"https:\/\/pasaenmendoza.com\/index.php?rest_route=%2Fwp%2Fv2%2Ftags&post=6247"}],"curies":[{"name":"wp","href":"https:\/\/api.w.org\/{rel}","templated":true}]}}