{"id":6253,"date":"2024-03-20T13:21:53","date_gmt":"2024-03-20T12:21:53","guid":{"rendered":"https:\/\/pasaenmendoza.com\/?p=6253"},"modified":"2024-03-20T13:21:55","modified_gmt":"2024-03-20T12:21:55","slug":"comenzo-el-paro-de-petroleros-en-mendoza-que-sectores-se-veran-afectados","status":"publish","type":"post","link":"https:\/\/pasaenmendoza.com\/?p=6253","title":{"rendered":"Comenz\u00f3 el paro de petroleros en Mendoza: qu\u00e9 sectores se ver\u00e1n afectados"},"content":{"rendered":"\n<p>Desde el Sindicato Petr\u00f3leo Gas y Bio. Privado de Cuyo, informaron que el paro afectar\u00e1 a &#8220;todos los sectores de provisi\u00f3n de combustibles, distribuci\u00f3n de gas y yacimientos&#8221;.<\/p>\n\n\n\n<p>El\u00a0Sindicato Petr\u00f3leo Gas y Bio. Privado de Cuyo\u00a0inform\u00f3 que desde las 00 de este mi\u00e9rcoles se lleva a cabo un\u00a0<strong>paro general<\/strong>\u00a0en Mendoza, que afecta \u201ctodos los sectores de provisi\u00f3n de combustibles, distribuci\u00f3n de gas y yacimientos\u201d.<\/p>\n\n\n\n<p>La medida, firmada por el secretario General Gabriel Barroso, se justifica \u201cen repudio a la complicidad del Gobierno provincial en la entrega de \u00e1reas petroleras de Mendoza y por el abandono hacia los trabajadores del sector\u201d.<\/p>\n\n\n\n<p>El exlegislador del FIT Lautaro Jim\u00e9nez confirm\u00f3 el inicio del paro a trav\u00e9s de su cuenta de X: \u201cComenz\u00f3 el paro de\u00a0<strong>Petroleros\u00a0<\/strong>en Mendoza. Luchan contra del saqueo y la devastaci\u00f3n de Javier Milei -y su c\u00f3mplice Cornejo- en YPF, donde quieren vender los yacimientos a empresas privadas.\u201d.<\/p>\n\n\n\n<p>Y explic\u00f3: \u201cLa nueva presidencia de YPF decidi\u00f3 vender todas las \u00e1reas petroleras convencionales que tiene en Mendoza que denominan \u2018viejas\u2019.&nbsp; Van privatizar casi todos los pozos de nuestra provincia. S\u00f3lo se quedar\u00edan con los yacimientos nuevos y lo no convencional (zona de Vaca Muerta)\u201d.<\/p>\n\n\n\n<p>\u201cSu plan -explicaron- consiste en que al cabo de 4 a\u00f1os el 80% de la producci\u00f3n sea no convencional y que se destine fundamentalmente a la exportaci\u00f3n. Tambi\u00e9n anunciaron el cierre de instalaciones en Ushuaia y el norte del pa\u00eds: el abastecimiento nacional no ser\u00e1 prioridad\u201d, sostuvo. \u201cLos obreros reclaman contra suspensiones, despidos y mayor precarizaci\u00f3n\u201d.<\/p>\n\n\n\n<p>\u201cEl Presidente de YPF les dijo que, si bien YPF no echar\u00eda gente por ahora, no se har\u00e1n cargo de lo que hagan las nuevas empresas que compren estos Yacimientos. Un cinismo total. Peligran miles de trabajadores: se\u00f1alan que llegan a 7.000 los puestos de trabajo del sector afectados\u201d, agreg\u00f3.<\/p>\n\n\n\n<p>\u201cPara este \u2018trabajo sucio\u2019 YPF contrat\u00f3 a la consultora internacional McKinsey, tristemente c\u00e9lebre por dedicarse a cerrar o achicar empresas de alto nivel, beneficiando a las patronales). Supuestamente optimizar\u00e1 el funcionamiento&#8230; Lo que buscan es reducci\u00f3n de personal\u201d, indic\u00f3 Jim\u00e9nez mediante un hilo publicado en su red social.<\/p>\n\n\n\n<p>\u201cEn la Refiner\u00eda de #Mendoza,&nbsp; han echado al menos a 20 personas pertenecientes a empresas contratistas en lo que va del a\u00f1o, inventando diversas causas para despedir y amedrentar al resto. Tambi\u00e9n est\u00e1n cambiando modalidades de trabajo arbitrariamente. Presiones y precarizaci\u00f3n\u201d, detall\u00f3.<\/p>\n\n\n\n<p>Y cerr\u00f3: \u201cEl paro de hoy puede ser el primer paso para empezar a unir a todos los trabajadores del sector -efectivos y tercerizados, eventuales y permanentes- en asambleas masivas y democr\u00e1ticas, y comit\u00e9s por un plan de lucha que derrote el saqueo de YPF y defienda los puestos de trabajo\u201d.<\/p>\n\n\n\n<p>FUENTE: MDZonline.<\/p>\n","protected":false},"excerpt":{"rendered":"<p>Desde el Sindicato Petr\u00f3leo Gas y Bio. Privado de Cuyo, informaron que el paro afectar\u00e1 a &#8220;todos los sectores de provisi\u00f3n de combustibles, distribuci\u00f3n de gas y yacimientos&#8221;. El\u00a0Sindicato Petr\u00f3leo Gas y Bio. Privado de Cuyo\u00a0inform\u00f3 que desde las 00 de este mi\u00e9rcoles se lleva a cabo un\u00a0paro general\u00a0en Mendoza, que afecta \u201ctodos los sectores [&hellip;]<\/p>\n","protected":false},"author":2,"featured_media":6256,"comment_status":"open","ping_status":"open","sticky":true,"template":"","format":"standard","meta":[],"categories":[47],"tags":[],"_links":{"self":[{"href":"https:\/\/pasaenmendoza.com\/index.php?rest_route=\/wp\/v2\/posts\/6253"}],"collection":[{"href":"https:\/\/pasaenmendoza.com\/index.php?rest_route=\/wp\/v2\/posts"}],"about":[{"href":"https:\/\/pasaenmendoza.com\/index.php?rest_route=\/wp\/v2\/types\/post"}],"author":[{"embeddable":true,"href":"https:\/\/pasaenmendoza.com\/index.php?rest_route=\/wp\/v2\/users\/2"}],"replies":[{"embeddable":true,"href":"https:\/\/pasaenmendoza.com\/index.php?rest_route=%2Fwp%2Fv2%2Fcomments&post=6253"}],"version-history":[{"count":1,"href":"https:\/\/pasaenmendoza.com\/index.php?rest_route=\/wp\/v2\/posts\/6253\/revisions"}],"predecessor-version":[{"id":6257,"href":"https:\/\/pasaenmendoza.com\/index.php?rest_route=\/wp\/v2\/posts\/6253\/revisions\/6257"}],"wp:featuredmedia":[{"embeddable":true,"href":"https:\/\/pasaenmendoza.com\/index.php?rest_route=\/wp\/v2\/media\/6256"}],"wp:attachment":[{"href":"https:\/\/pasaenmendoza.com\/index.php?rest_route=%2Fwp%2Fv2%2Fmedia&parent=6253"}],"wp:term":[{"taxonomy":"category","embeddable":true,"href":"https:\/\/pasaenmendoza.com\/index.php?rest_route=%2Fwp%2Fv2%2Fcategories&post=6253"},{"taxonomy":"post_tag","embeddable":true,"href":"https:\/\/pasaenmendoza.com\/index.php?rest_route=%2Fwp%2Fv2%2Ftags&post=6253"}],"curies":[{"name":"wp","href":"https:\/\/api.w.org\/{rel}","templated":true}]}}