{"id":6254,"date":"2024-03-20T13:23:40","date_gmt":"2024-03-20T12:23:40","guid":{"rendered":"https:\/\/pasaenmendoza.com\/?p=6254"},"modified":"2024-03-20T13:23:41","modified_gmt":"2024-03-20T12:23:41","slug":"miercoles-caluroso-con-ingreso-de-frente-frio-por-la-tarde","status":"publish","type":"post","link":"https:\/\/pasaenmendoza.com\/?p=6254","title":{"rendered":"Mi\u00e9rcoles caluroso con ingreso de frente fr\u00edo por la tarde"},"content":{"rendered":"\n<p><strong>Este mi\u00e9rcoles sigue el calor en Mendoza y hay alerta amarilla por viento para la tarde, pero esta vez, proveniente del sur.<\/strong><\/p>\n\n\n\n<p>Seg\u00fan el&nbsp;<strong>SMN<\/strong>, en el Gran Mendoza la m\u00e1xima llegar\u00e1 hoy a los<strong>&nbsp;31\u00b0&nbsp;<\/strong>y la humedad relativa del ambiente todav\u00eda se mantiene por encima del 60%.<\/p>\n\n\n\n<p>Se espera que el viento comience a sentirse durante la tarde en casi toda la provincia y el SMN prev\u00e9 r\u00e1fagas de entre<strong>\u00a060 y 80 Km\/h.<\/strong><\/p>\n\n\n\n<p>Para ma\u00f1ana juves, el pron\u00f3stico indica un marcado descenso de temperatura debido al ingreso del frente fr\u00edo.<\/p>\n\n\n\n<p>Ma\u00f1ana la m\u00e1xima ser\u00eda de\u00a0<strong>22\u00b0.<\/strong><\/p>\n\n\n\n<p><strong>Fuente: www.mendozapost.com<\/strong><\/p>\n","protected":false},"excerpt":{"rendered":"<p>Este mi\u00e9rcoles sigue el calor en Mendoza y hay alerta amarilla por viento para la tarde, pero esta vez, proveniente del sur. Seg\u00fan el&nbsp;SMN, en el Gran Mendoza la m\u00e1xima llegar\u00e1 hoy a los&nbsp;31\u00b0&nbsp;y la humedad relativa del ambiente todav\u00eda se mantiene por encima del 60%. Se espera que el viento comience a sentirse durante [&hellip;]<\/p>\n","protected":false},"author":2,"featured_media":6259,"comment_status":"open","ping_status":"open","sticky":false,"template":"","format":"standard","meta":[],"categories":[52],"tags":[],"_links":{"self":[{"href":"https:\/\/pasaenmendoza.com\/index.php?rest_route=\/wp\/v2\/posts\/6254"}],"collection":[{"href":"https:\/\/pasaenmendoza.com\/index.php?rest_route=\/wp\/v2\/posts"}],"about":[{"href":"https:\/\/pasaenmendoza.com\/index.php?rest_route=\/wp\/v2\/types\/post"}],"author":[{"embeddable":true,"href":"https:\/\/pasaenmendoza.com\/index.php?rest_route=\/wp\/v2\/users\/2"}],"replies":[{"embeddable":true,"href":"https:\/\/pasaenmendoza.com\/index.php?rest_route=%2Fwp%2Fv2%2Fcomments&post=6254"}],"version-history":[{"count":1,"href":"https:\/\/pasaenmendoza.com\/index.php?rest_route=\/wp\/v2\/posts\/6254\/revisions"}],"predecessor-version":[{"id":6260,"href":"https:\/\/pasaenmendoza.com\/index.php?rest_route=\/wp\/v2\/posts\/6254\/revisions\/6260"}],"wp:featuredmedia":[{"embeddable":true,"href":"https:\/\/pasaenmendoza.com\/index.php?rest_route=\/wp\/v2\/media\/6259"}],"wp:attachment":[{"href":"https:\/\/pasaenmendoza.com\/index.php?rest_route=%2Fwp%2Fv2%2Fmedia&parent=6254"}],"wp:term":[{"taxonomy":"category","embeddable":true,"href":"https:\/\/pasaenmendoza.com\/index.php?rest_route=%2Fwp%2Fv2%2Fcategories&post=6254"},{"taxonomy":"post_tag","embeddable":true,"href":"https:\/\/pasaenmendoza.com\/index.php?rest_route=%2Fwp%2Fv2%2Ftags&post=6254"}],"curies":[{"name":"wp","href":"https:\/\/api.w.org\/{rel}","templated":true}]}}