{"id":6258,"date":"2024-03-20T13:26:41","date_gmt":"2024-03-20T12:26:41","guid":{"rendered":"https:\/\/pasaenmendoza.com\/?p=6258"},"modified":"2024-03-20T13:26:43","modified_gmt":"2024-03-20T12:26:43","slug":"la-reaccion-de-hebe-casado-por-la-confirmacion-de-mauricio-macri-como-presidente-del-pro","status":"publish","type":"post","link":"https:\/\/pasaenmendoza.com\/?p=6258","title":{"rendered":"La reacci\u00f3n de Hebe Casado por la confirmaci\u00f3n de Mauricio Macri como presidente del PRO"},"content":{"rendered":"\n<p>La vicegobernadora se expres\u00f3 en sus redes sociales tras el cierre de listas partidarias. \u201cTe acompa\u00f1aremos para recuperar la m\u00edstica del partido\u201d, expres\u00f3.<\/p>\n\n\n\n<p>La vicegobernadora&nbsp;<strong>Hebe Casado<\/strong>&nbsp;celebr\u00f3 en sus redes sociales la confirmaci\u00f3n de que Mauricio Macri ser\u00e1 presidente del&nbsp;<strong>PRO<\/strong>&nbsp;a nivel nacional.<\/p>\n\n\n\n<p>\u201c<em>Qu\u00e9 alegr\u00eda enorme que Mauricio Macri presida el PRO Desde Mendoza te acompa\u00f1aremos para recuperar la m\u00edstica del partido<\/em>\u201d, enfatiz\u00f3 Casado en su cuenta de X.<\/p>\n\n\n\n<p>Tras un \u201cduro\u201d cierre con la ministra de Seguridad,\u00a0<strong>Patricia Bullrich<\/strong>, Macri ser\u00e1 nuevamente presidente del partido que cre\u00f3 hace 20 a\u00f1os. . Asumir\u00e1 oficialmente el 3 de junio, acompa\u00f1ado por\u00a0<strong>Soledad Mart\u00ednez<\/strong>\u00a0(intendente de Vicente L\u00f3pez) y el diputado nacional\u00a0<strong>Dami\u00e1n Arabia<\/strong>.<\/p>\n\n\n\n<p>Nuevamente, la cabeza del PRO nacional vuelve a estar conformada por dirigentes de la provincia y la Ciudad de Buenos Aires, a pesar del pedido de Macri de \u201c<em>federalizar<\/em>\u201d el partido.<\/p>\n\n\n\n<p>Bullrich, en tanto, ser\u00e1 la presidente de la Asamblea Partidaria. El sector de&nbsp;<strong>Horacio Rodr\u00edguez Larreta<\/strong>&nbsp;qued\u00f3 sin cargos representativos.<\/p>\n\n\n\n<p>Mientras disputa la presidencia provincial, Casado ocupar\u00e1 un lugar en el\u00a0<strong>Concejo nacional<\/strong>\u00a0del partido junto a unos 20 asamble\u00edstas de Mendoza. \u00a0La m\u00e9dica inmun\u00f3loga mantienen una buena relaci\u00f3n tanto con Macri como con Bullrich, pero es \u201cm\u00e1s cercana\u201d a la responsable de la cartera de Seguridad.<\/p>\n\n\n\n<p>FUENTE: Elsol.com.ar <\/p>\n","protected":false},"excerpt":{"rendered":"<p>La vicegobernadora se expres\u00f3 en sus redes sociales tras el cierre de listas partidarias. \u201cTe acompa\u00f1aremos para recuperar la m\u00edstica del partido\u201d, expres\u00f3. La vicegobernadora&nbsp;Hebe Casado&nbsp;celebr\u00f3 en sus redes sociales la confirmaci\u00f3n de que Mauricio Macri ser\u00e1 presidente del&nbsp;PRO&nbsp;a nivel nacional. \u201cQu\u00e9 alegr\u00eda enorme que Mauricio Macri presida el PRO Desde Mendoza te acompa\u00f1aremos para [&hellip;]<\/p>\n","protected":false},"author":2,"featured_media":6261,"comment_status":"open","ping_status":"open","sticky":true,"template":"","format":"standard","meta":[],"categories":[47],"tags":[],"_links":{"self":[{"href":"https:\/\/pasaenmendoza.com\/index.php?rest_route=\/wp\/v2\/posts\/6258"}],"collection":[{"href":"https:\/\/pasaenmendoza.com\/index.php?rest_route=\/wp\/v2\/posts"}],"about":[{"href":"https:\/\/pasaenmendoza.com\/index.php?rest_route=\/wp\/v2\/types\/post"}],"author":[{"embeddable":true,"href":"https:\/\/pasaenmendoza.com\/index.php?rest_route=\/wp\/v2\/users\/2"}],"replies":[{"embeddable":true,"href":"https:\/\/pasaenmendoza.com\/index.php?rest_route=%2Fwp%2Fv2%2Fcomments&post=6258"}],"version-history":[{"count":1,"href":"https:\/\/pasaenmendoza.com\/index.php?rest_route=\/wp\/v2\/posts\/6258\/revisions"}],"predecessor-version":[{"id":6263,"href":"https:\/\/pasaenmendoza.com\/index.php?rest_route=\/wp\/v2\/posts\/6258\/revisions\/6263"}],"wp:featuredmedia":[{"embeddable":true,"href":"https:\/\/pasaenmendoza.com\/index.php?rest_route=\/wp\/v2\/media\/6261"}],"wp:attachment":[{"href":"https:\/\/pasaenmendoza.com\/index.php?rest_route=%2Fwp%2Fv2%2Fmedia&parent=6258"}],"wp:term":[{"taxonomy":"category","embeddable":true,"href":"https:\/\/pasaenmendoza.com\/index.php?rest_route=%2Fwp%2Fv2%2Fcategories&post=6258"},{"taxonomy":"post_tag","embeddable":true,"href":"https:\/\/pasaenmendoza.com\/index.php?rest_route=%2Fwp%2Fv2%2Ftags&post=6258"}],"curies":[{"name":"wp","href":"https:\/\/api.w.org\/{rel}","templated":true}]}}