{"id":626,"date":"2023-08-11T12:40:37","date_gmt":"2023-08-11T10:40:37","guid":{"rendered":"https:\/\/pasaenmendoza.com\/?p=626"},"modified":"2023-08-11T12:42:42","modified_gmt":"2023-08-11T10:42:42","slug":"los-27-proyectos-aprobados-por-via-rapida-esta-semana-por-legisladores-en-mendoza","status":"publish","type":"post","link":"https:\/\/pasaenmendoza.com\/?p=626","title":{"rendered":"Los 27 proyectos aprobados por v\u00eda r\u00e1pida esta semana por legisladores en Mendoza"},"content":{"rendered":"\n<p>Qu\u00e9 diputados y senadores mendocinos presentaron qu\u00e9 iniciativas entre las que se aprobaron r\u00e1pidamente en las sesiones de esta semana. La lista.<\/p>\n\n\n\n<p>A continuaci\u00f3n, qu\u00e9 proyectos de Resoluci\u00f3n y Declaraci\u00f3n recibieron r\u00e1pida aprobaci\u00f3n, autom\u00e1tica podr\u00eda decirse, en cada C\u00e1mara legislativa de Mendoza.<\/p>\n\n\n\n<p>Adem\u00e1s de los temas que requirieron mayor debate y que constituyen medias sanciones de leyes o sanciones definitivas, los legisladores piden informes, declarar &#8220;de inter\u00e9s&#8221; a actividades y eventos, entre otros temas.<\/p>\n\n\n\n<p><strong>Esta es la lista de Resoluciones y Declaraciones aprobadas en la sesi\u00f3n del 9 de agosto de 2023 de la C\u00e1mara de Diputados de Mendoza.<\/strong><\/p>\n\n\n\n<p>&#8211; De&nbsp;<strong>Mar\u00eda Jos\u00e9 Sanz<\/strong>, declarando de inter\u00e9s las Jornadas Nacionales de Adopci\u00f3n a realizarse en nuestra provincia el 14 y 15 se septiembre del 2023.<\/p>\n\n\n\n<p>&#8211; De&nbsp;<strong>Jos\u00e9 Manuel Vilches<\/strong>, declarando de inter\u00e9s el IV Congreso Internacional de Adicciones y Vulnerabilidades Psicosociales. Del mismo autor, declarando de inter\u00e9s el &#8220;Congreso de Educaci\u00f3n&#8221; en su edici\u00f3n XVIII, que se llevar\u00e1 a cabo los d\u00edas 25 y 26 de agosto del presente a\u00f1o, en la ciudad de General Alvear.<\/p>\n\n\n\n<p>&#8211; De&nbsp;<strong>Andr\u00e9s Lombardi<\/strong>, declarando de inter\u00e9s de esta C\u00e1mara la realizaci\u00f3n del &#8220;Segundo Conversatorio en Transparencia e Integridad en Mendoza&#8221; organizado por la Universidad de Mendoza y la Fundaci\u00f3n Nuestra Mendoza, que tendr\u00e1 como eje a la Informaci\u00f3n P\u00fablica como herramienta que fortalece la democracia.<\/p>\n\n\n\n<p>&#8211; De&nbsp;<strong>Gisela Valdez<\/strong>, declarando de inter\u00e9s el ciclo de conciertos de coros &#8220;Intercoralia&#8221;, a realizarse en agosto y noviembre de 2.023 en el departamento San Rafael.<\/p>\n\n\n\n<p>&#8211; De&nbsp;<strong>Adri\u00e1n Reche y Gisela Valdez<\/strong>, otorgando distinci\u00f3n a los atletas sanrafaelinos Santiago Salas y Ruth Salas, por su participaci\u00f3n y logros deportivos obtenidos en la 21\u00b0 Edici\u00f3n de los Juegos Mundiales de Olimpiadas Especiales, la cual se llev\u00f3 a cabo en Berl\u00edn, Alemania, los d\u00edas 17 a 25 de Junio del corriente a\u00f1o. Tambi\u00e9n, declarando de inter\u00e9s la s\u00e9ptima edici\u00f3n del &#8220;Duatl\u00f3n H\u00e9roes de Malvinas&#8221;, que se llevar\u00e1 a cabo el d\u00eda 17 de septiembre de 2023, en el departamento de San Rafael, con el objeto de conmemorar el D\u00eda del Veterano de Guerra y de los Ca\u00eddos en la Guerra de Malvinas, organizado por el Centro Veteranos de Malvinas (CE.VE.MA) y San Rafael Challenge Log\u00edstica y Eventos.<\/p>\n\n\n\n<p>&#8211; De&nbsp;<strong>Diego Costarelli<\/strong>, declarando de inter\u00e9s la participaci\u00f3n de los Clubes del Departamento de Godoy Cruz, campeones del Torneo Apertura organizado por la Federaci\u00f3n de F\u00fatbol de Sal\u00f3n de Mendoza.<\/p>\n\n\n\n<p><strong>Bloque FdT &#8211; PJ<\/strong><\/p>\n\n\n\n<p>&#8211; De&nbsp;<strong>Laura Chazarreta y Jos\u00e9 Luis Ram\u00f3n<\/strong>, solicitando al Ministerio de Seguridad, informe sobre puntos vinculados al funcionamiento del Organismo T\u00e9cnico Criminol\u00f3gico.<\/p>\n\n\n\n<p>-De&nbsp;<strong>Germ\u00e1n G\u00f3mez<\/strong>, declarando de inter\u00e9s la obra de remodelaci\u00f3n de la refiner\u00eda YPF situada en Luj\u00e1n de Cuyo. Adem\u00e1s, solicitando al Ministerio de Econom\u00eda y Energ\u00eda informe diversos puntos relacionados con el Programa &#8220;Enlace&#8221; de Entrenamiento Laboral Certificado desde marzo del 2020 a julio del 2023. Por otra parte, expresando el benepl\u00e1cito de esta C\u00e1mara por el comunicado emitido por el Consejo Federal de Salud, en el que ministras y ministros de Salud de todo el pa\u00eds desmintieron y expresaron su rechazo a la publicaci\u00f3n realizada en medios nacionales sobre el acompa\u00f1amiento a personas en los \u00faltimos momentos de su vida durante la pandemia de COVID-19.<\/p>\n\n\n\n<p>&#8211; Del mismo autor, expresando el deseo que la Direcci\u00f3n Provincial de Vialidad realice operativos viales en distintos puntos de calles, avenidas, rutas de los distintos departamentos de la provincia, y que la Direcci\u00f3n Nacional de Vialidad realizara el mantenimiento sobre las banquinas de Ruta Nacional 144, ya sea su acondicionamiento, repavimentaci\u00f3n y se\u00f1alizaci\u00f3n, en el tramo de la zona del Sosneado San Rafael, Mendoza.<\/p>\n\n\n\n<p>&#8211; Tambi\u00e9n de G\u00f3mez, solicitando al Ministerio de Salud, Desarrollo Social y Deportes de Mendoza informe sobre puntos vinculados con la Direcci\u00f3n General de Protecci\u00f3n de Derechos de Ni\u00f1os, Ni\u00f1as y Adolescentes.<\/p>\n\n\n\n<p>-De&nbsp;<strong>Ver\u00f3nica Valverde<\/strong>, declarando de inter\u00e9s la promoci\u00f3n, difusi\u00f3n y fomento de la obra teatral &#8220;Parus\u00eda, Somos Almas&#8221;.<\/p>\n\n\n\n<p>&#8211; De&nbsp;<strong>Marisa Garnica<\/strong>, declarando de inter\u00e9s el proyecto terap\u00e9utico &#8220;Horizontes&#8221; de rehabilitaci\u00f3n integral, apoyo escolar, habilidades e inserci\u00f3n para ni\u00f1os, j\u00f3venes y adultos con discapacidad en la Provincia de Mendoza.<\/p>\n\n\n\n<p>&#8211; De&nbsp;<strong>Paola Calle<\/strong>, declarando de inter\u00e9s la Novena Edici\u00f3n del Torneo Itinerante de Nataci\u00f3n Internacional &#8220;Nadando en la Tierra del Sol y del Buen Vino&#8221;, que se realizar\u00e1 el 14 de octubre en el departamento de San Rafael. De igual forma, expresando el deseo que la Direcci\u00f3n Provincial de Vialidad analice la posibilidad de asfaltado de la Ruta Provincial 177 Vicente Zavatieri, como as\u00ed tambi\u00e9n mantenimiento de banquinas, y calles internas.<\/p>\n\n\n\n<p>&#8211; De&nbsp;<strong>Juan Pablo Gulino<\/strong>, solicitando al Poder Ejecutivo informe diversos puntos sobre iniciativas llevadas adelante vinculadas a la transformaci\u00f3n o digitalizaci\u00f3n.<\/p>\n\n\n\n<p><strong>Bloque PRO<\/strong><\/p>\n\n\n\n<p>&#8211; De&nbsp;<strong>Gabriel Vilche<\/strong>, solicitando al Poder Ejecutivo realice las obras necesarias para abastecer con 132 KV y correspondiente Estaci\u00f3n Transformadora sobre calle La Intendencia, en terrenos del Parque Industrial San Rafael.<\/p>\n\n\n\n<p>&#8211; De&nbsp;<strong>Laura Balsells Mir\u00f3<\/strong>, distinguiendo a las jugadoras mendocinas Chiara Singarella, Estefan\u00eda Banini y Julieta Cruz, integrantes de la Selecci\u00f3n Mendocina de F\u00fatbol, por haberse destacado a nivel Provincial, Nacional e Internacional y por su participaci\u00f3n en el Mundial de F\u00fatbol Femenino Nueva Zelanda &#8211; Australia 2023.<\/p>\n\n\n\n<h3 class=\"wp-block-heading\">La lista de lo aprobado el martes 8 de agosto de 2023 en el Senado de Mendoza:<\/h3>\n\n\n\n<p><strong>Bloque Uni\u00f3n Mendocina<\/strong><\/p>\n\n\n\n<p>&#8211; El senador&nbsp;<strong>Gabriel Pradines<\/strong>&nbsp;solicit\u00f3 al Ministerio de Seguridad, informe sobre hechos de inseguridad sufridos por usuarios y choferes de la L\u00ednea 200 en la zona de Los Corralitos, Rodeo de la Cruz y Puente de Hierro en el Departamento Guaymall\u00e9n.<\/p>\n\n\n\n<p>&#8211; El legislador&nbsp;<strong>Rolando Baldasso<\/strong>&nbsp;llev\u00f3 a cabo una declaraci\u00f3n de inter\u00e9s a las pr\u00e1cticas que se realizar\u00e1n por parte de la Asociaci\u00f3n Civil Fenix Unit Rescue en las Minas de Paramillo los d\u00edas 19,20 y 21 de agosto de 2023.<\/p>\n\n\n\n<p>&#8211; Los legisladores&nbsp;<strong>Germ\u00e1n Vicchi, Valent\u00edn Gonz\u00e1lez, Rolando Baldasso y Gabriel Pradines<\/strong>&nbsp;solicit\u00f3 a Potasio R\u00edo Colorado S.A.U. y a Impulsa Mza Sostenible S.A., Sociedades con participaci\u00f3n Estatal, sobre el acuerdo celebrado con el Banco de Inversiones UBS LLC, para buscar inversores interesados.<\/p>\n\n\n\n<p><strong>Bloque UCR<\/strong><\/p>\n\n\n\n<p>&#8211; Las legisladoras&nbsp;<strong>Claudia Najul, Natacha Eisenchlas, Mariana Zlobec, Fernanda Sabadin, Mercedes Rus, Anabel Rocca y Cecilia Cannizzo&nbsp;<\/strong>presentaron una declaraci\u00f3n de inter\u00e9s para la capacitaci\u00f3n virtual Pr\u00e1cticas de Buen Trato a las Personas Mayores en los Comercios que desarrolla durante este a\u00f1o 2023.<\/p>\n\n\n\n<p><strong>Bloque Frente de Todos<\/strong><\/p>\n\n\n\n<p>&#8211; El senador&nbsp;<strong>Rafael Moyano<\/strong>&nbsp;solicit\u00f3 al Ministerio de Planificaci\u00f3n e Infraestructura y por su intermedio al Instituto Provincial de la Vivienda (IPV), informe sobre los barrios en ejecuci\u00f3n en la Provincia.<\/p>\n\n\n\n<p>&#8211; Asimismo, el legislador Moyano pidi\u00f3 al Ministerio de Seguridad informe sobre la situaci\u00f3n problem\u00e1tica de seguridad vial que est\u00e1 atravesando la Provincia.<\/p>\n\n\n\n<p>&#8211; Por otro lado, el senador&nbsp;<strong>Helio Pervi\u00fa<\/strong>&nbsp;inst\u00f3 al Poder Ejecutivo que, a trav\u00e9s del Ministerio de Salud, Desarrollo Social y Deportes informe sobre el Centro de Salud 39 (Ugarteche) de Luj\u00e1n de Cuyo.<\/p>\n\n\n\n<p>&#8211; La senadora&nbsp;<strong>Adriana Cano<\/strong>&nbsp;realiz\u00f3 una declaraci\u00f3n de inter\u00e9s para la revista de Xumek, editada por la Asociaci\u00f3n Civil Xumek.<\/p>\n\n\n\n<p>&#8211; El senador&nbsp;<strong>Pedro Serra<\/strong>&nbsp;desarroll\u00f3 una iniciativa para que la Direcci\u00f3n Provincial de Vialidad, arbitre las medidas necesarias tendientes a la reparaci\u00f3n de la carpeta asf\u00e1ltica de la ruta Provincial 177 de San Rafael.<\/p>\n\n\n\n<p>&#8211; La legisladora&nbsp;<strong>Cecilia Juri<\/strong>&nbsp;solicit\u00f3 al Ejecutivo y por su intermedio a quien corresponda, al Tribunal de Cuentas y a la Fiscal\u00eda de Estado informen las relaciones del Gobierno con la organizaci\u00f3n Remar en los \u00faltimos 8 a\u00f1os.<\/p>\n\n\n\n<p>&#8211; La senadora\u00a0<strong>Mercedes Derrache<\/strong>\u00a0pidi\u00f3 que el Senado realice un reconocimiento a la Escuela Felipe Staiti por su labor solidaria, cultural y educativa en la comunidad de Santa Rosa.<\/p>\n\n\n\n<p><strong><em>FUENTE:<\/em><\/strong> Memo.com.ar<\/p>\n","protected":false},"excerpt":{"rendered":"<p>Qu\u00e9 diputados y senadores mendocinos presentaron qu\u00e9 iniciativas entre las que se aprobaron r\u00e1pidamente en las sesiones de esta semana. La lista. A continuaci\u00f3n, qu\u00e9 proyectos de Resoluci\u00f3n y Declaraci\u00f3n recibieron r\u00e1pida aprobaci\u00f3n, autom\u00e1tica podr\u00eda decirse, en cada C\u00e1mara legislativa de Mendoza. Adem\u00e1s de los temas que requirieron mayor debate y que constituyen medias sanciones [&hellip;]<\/p>\n","protected":false},"author":2,"featured_media":627,"comment_status":"open","ping_status":"open","sticky":true,"template":"","format":"standard","meta":[],"categories":[47],"tags":[],"_links":{"self":[{"href":"https:\/\/pasaenmendoza.com\/index.php?rest_route=\/wp\/v2\/posts\/626"}],"collection":[{"href":"https:\/\/pasaenmendoza.com\/index.php?rest_route=\/wp\/v2\/posts"}],"about":[{"href":"https:\/\/pasaenmendoza.com\/index.php?rest_route=\/wp\/v2\/types\/post"}],"author":[{"embeddable":true,"href":"https:\/\/pasaenmendoza.com\/index.php?rest_route=\/wp\/v2\/users\/2"}],"replies":[{"embeddable":true,"href":"https:\/\/pasaenmendoza.com\/index.php?rest_route=%2Fwp%2Fv2%2Fcomments&post=626"}],"version-history":[{"count":2,"href":"https:\/\/pasaenmendoza.com\/index.php?rest_route=\/wp\/v2\/posts\/626\/revisions"}],"predecessor-version":[{"id":629,"href":"https:\/\/pasaenmendoza.com\/index.php?rest_route=\/wp\/v2\/posts\/626\/revisions\/629"}],"wp:featuredmedia":[{"embeddable":true,"href":"https:\/\/pasaenmendoza.com\/index.php?rest_route=\/wp\/v2\/media\/627"}],"wp:attachment":[{"href":"https:\/\/pasaenmendoza.com\/index.php?rest_route=%2Fwp%2Fv2%2Fmedia&parent=626"}],"wp:term":[{"taxonomy":"category","embeddable":true,"href":"https:\/\/pasaenmendoza.com\/index.php?rest_route=%2Fwp%2Fv2%2Fcategories&post=626"},{"taxonomy":"post_tag","embeddable":true,"href":"https:\/\/pasaenmendoza.com\/index.php?rest_route=%2Fwp%2Fv2%2Ftags&post=626"}],"curies":[{"name":"wp","href":"https:\/\/api.w.org\/{rel}","templated":true}]}}