{"id":6262,"date":"2024-03-20T13:27:24","date_gmt":"2024-03-20T12:27:24","guid":{"rendered":"https:\/\/pasaenmendoza.com\/?p=6262"},"modified":"2024-03-20T13:27:26","modified_gmt":"2024-03-20T12:27:26","slug":"un-muerto-en-un-violento-choque-entre-dos-camiones-en-las-heras","status":"publish","type":"post","link":"https:\/\/pasaenmendoza.com\/?p=6262","title":{"rendered":"Un muerto en un violento choque entre dos camiones en Las Heras"},"content":{"rendered":"\n<p>Una persona&nbsp;<strong>falleci\u00f3&nbsp;<\/strong>este mi\u00e9rcoles luego de un choque entre dos camiones ocurrido en&nbsp;<strong>Las Heras.<\/strong>&nbsp;La v\u00edctima fatal, que a\u00fan no fue identificada, es uno de los conductores.<\/p>\n\n\n\n<p>La tragedia se produjo minutos antes de las 7 en la ruta nacional 40, en el distrito El Borboll\u00f3n. La informaci\u00f3n inicial sostiene que un cami\u00f3n con patente brasile\u00f1a que circulaba en direcci\u00f3n al norte\u00a0<strong>se cruz\u00f3 de carril\u00a0<\/strong>e impact\u00f3 contra el costado izquierdo del otro rodado.<\/p>\n\n\n\n<p>M\u00e9dicos del Servicio de Emergencia Coordinado que fueron desplazados al lugar constaron&nbsp;<strong>la muerte del conductor del cami\u00f3n oriundo de Brasil.<\/strong>&nbsp;El restante camionero y su acompa\u00f1ante s\u00f3lo sufrieron heridas leves.<\/p>\n\n\n\n<p>A ra\u00edz del fatal accidente, se generaron largas filas de veh\u00edculos en una zona habitualmente muy transitada. Para descongestionar la circulaci\u00f3n, se habilit\u00f3 un by pass que permiti\u00f3 el paso de los autom\u00f3viles y colectivos.<\/p>\n\n\n\n<p><strong>Fuente: www.elsol.com.ar<\/strong><\/p>\n","protected":false},"excerpt":{"rendered":"<p>Una persona&nbsp;falleci\u00f3&nbsp;este mi\u00e9rcoles luego de un choque entre dos camiones ocurrido en&nbsp;Las Heras.&nbsp;La v\u00edctima fatal, que a\u00fan no fue identificada, es uno de los conductores. La tragedia se produjo minutos antes de las 7 en la ruta nacional 40, en el distrito El Borboll\u00f3n. La informaci\u00f3n inicial sostiene que un cami\u00f3n con patente brasile\u00f1a que [&hellip;]<\/p>\n","protected":false},"author":2,"featured_media":6265,"comment_status":"open","ping_status":"open","sticky":false,"template":"","format":"standard","meta":[],"categories":[48],"tags":[],"_links":{"self":[{"href":"https:\/\/pasaenmendoza.com\/index.php?rest_route=\/wp\/v2\/posts\/6262"}],"collection":[{"href":"https:\/\/pasaenmendoza.com\/index.php?rest_route=\/wp\/v2\/posts"}],"about":[{"href":"https:\/\/pasaenmendoza.com\/index.php?rest_route=\/wp\/v2\/types\/post"}],"author":[{"embeddable":true,"href":"https:\/\/pasaenmendoza.com\/index.php?rest_route=\/wp\/v2\/users\/2"}],"replies":[{"embeddable":true,"href":"https:\/\/pasaenmendoza.com\/index.php?rest_route=%2Fwp%2Fv2%2Fcomments&post=6262"}],"version-history":[{"count":1,"href":"https:\/\/pasaenmendoza.com\/index.php?rest_route=\/wp\/v2\/posts\/6262\/revisions"}],"predecessor-version":[{"id":6266,"href":"https:\/\/pasaenmendoza.com\/index.php?rest_route=\/wp\/v2\/posts\/6262\/revisions\/6266"}],"wp:featuredmedia":[{"embeddable":true,"href":"https:\/\/pasaenmendoza.com\/index.php?rest_route=\/wp\/v2\/media\/6265"}],"wp:attachment":[{"href":"https:\/\/pasaenmendoza.com\/index.php?rest_route=%2Fwp%2Fv2%2Fmedia&parent=6262"}],"wp:term":[{"taxonomy":"category","embeddable":true,"href":"https:\/\/pasaenmendoza.com\/index.php?rest_route=%2Fwp%2Fv2%2Fcategories&post=6262"},{"taxonomy":"post_tag","embeddable":true,"href":"https:\/\/pasaenmendoza.com\/index.php?rest_route=%2Fwp%2Fv2%2Ftags&post=6262"}],"curies":[{"name":"wp","href":"https:\/\/api.w.org\/{rel}","templated":true}]}}