{"id":6264,"date":"2024-03-20T13:47:31","date_gmt":"2024-03-20T12:47:31","guid":{"rendered":"https:\/\/pasaenmendoza.com\/?p=6264"},"modified":"2024-03-20T21:58:04","modified_gmt":"2024-03-20T20:58:04","slug":"el-posible-rival-de-hebe-y-donde-esta-el-pj","status":"publish","type":"post","link":"https:\/\/pasaenmendoza.com\/?p=6264","title":{"rendered":"El posible rival de Hebe y \u00bfd\u00f3nde est\u00e1 el PJ?"},"content":{"rendered":"\n<p>Por tercera vez en el a\u00f1o, al Flaco Dani lo obligaron a bajar del colectivo en la parada de Tribunales Federales, en calle Espa\u00f1a, sin alcanzar a ingresar al centro. La primera, el chofer les dijo a los pasajeros que se le hab\u00edan roto los lentes y no pod\u00eda continuar; la segunda, la excusa fue un &#8220;desperfecto&#8221;, sin mayores especificaciones; y la tercera, que el motor estaba sobrecalentando. El que tambi\u00e9n sobrecalent\u00f3 fue el peronista del grupete, que camin\u00f3 unos metros hacia Pedro Molina y avis\u00f3 en el grupo de WhatsApp que se sentar\u00eda en el caf\u00e9 de la esquina. Dos respondieron r\u00e1pido: el Omar, el radical, y Ludovico, el del PRO. Y como andaban por el centro, r\u00e1pidamente se sumaron a la mesa, a la espera del Ruso, el economista, que estaba haciendo unos negocios por Las Heras y llegar\u00eda unos minutos despu\u00e9s que el resto.<\/p>\n\n\n\n<p><br>La llegada del Omar y Ludovico sirvi\u00f3 al Flaco Dani para descargar su bronca, a lo que el Omar le dio una explicaci\u00f3n de lo que le ven\u00eda sucediendo. &#8220;Tiene l\u00f3gica. En la l\u00ednea que te tom\u00e1s vos, cuando se las &#8220;ven fea&#8221;, o es cierto que tienen alg\u00fan indicio de problema, te hacen bajar en Tribunales Federales porque ah\u00ed nom\u00e1s doblan por Pedro Molina y vuelven al control. \u00bfO despu\u00e9s de que se bajan los pasajeros el micro se queda detenido ah\u00ed?&#8221;, tir\u00f3 el radical, y el peronista respondi\u00f3: &#8220;\u00a1Es verdad! Te hacen bajar y el micro sigue. Aparentemente tan roto no estaban, igual que los lentes de chofer cuando me bajaron la otra vez&#8221;.<\/p>\n\n\n\n<p>Finalmente apareci\u00f3 el Ruso, que zaf\u00f3 del lloriqueo del Dani, y despu\u00e9s de llegar al caf\u00e9 de&nbsp;<strong>Espa\u00f1a y Pedro Molina<\/strong>, tir\u00f3 un dato sobre la sede del encuentro.&nbsp;<\/p>\n\n\n\n<p><strong>-El due\u00f1o de este caf\u00e9 es un futbolista que jug\u00f3 en las mejores ligas del mundo.<\/strong><\/p>\n\n\n\n<p>-\u00bfMaxi L\u00f3pez?<\/p>\n\n\n\n<p>-Jajaja. No. Es mendocino.<\/p>\n\n\n\n<p>-\u00a1Pipi Araujo!<\/p>\n\n\n\n<p>-Jajajaja. Noooo. \u00bfEn qu\u00e9 mejores ligas del mundo estuvo Araujo? El caf\u00e9 es del&nbsp;<strong>Franco Di Santo<\/strong>, que jug\u00f3 en la Premier, la Bundesliga y Espa\u00f1a, adem\u00e1s de Chile, Brasil y Argentina. Puso el caf\u00e9 hace unos a\u00f1os con dos socios amigos de \u00e9l. Ahora que volvi\u00f3 a Mendoza para jugar en la Lepra se est\u00e1n expandiendo, hay otras sucursales por ah\u00ed.<\/p>\n\n\n\n<p>-Mir\u00e1 vos, no ten\u00eda ese dato -dijo el Omar-. Est\u00e1 bueno que haga negocios y estar\u00eda bueno que haga goles.<\/p>\n\n\n\n<p>-Jajaja. Dale un tiempito para que se ponga a punto.&nbsp;<\/p>\n\n\n\n<p>-&#8220;Arriba la Leeeee&#8221;.<\/p>\n\n\n\n<p>La &#8220;yunta&#8221; Petri-Arrieta y funcionarios ef\u00edmeros<\/p>\n\n\n\n<p>-Me enter\u00e9 que el\u00a0Luis Petri\u00a0est\u00e1 ayudando a la\u00a0<strong>Lourdes Arrieta<\/strong>\u00a0en San Mart\u00edn y otros departamentos de la zona este,\u00a0<strong>d\u00e1ndole afiliados nuevos a su partido, La Libertad Avanza Mendoza<\/strong>\u00a0-cont\u00f3 Ludovico-.<\/p>\n\n\n\n<p>-Hace rato que vienen laburando juntos, v\u00eda Mart\u00edn Menem. Fijate que&nbsp;<strong>entre ellos se est\u00e1n repartiendo los cargos nacionales<\/strong>&nbsp;m\u00e1s interesantes que hay en Mendoza -aport\u00f3 el Omar-: los delegados de&nbsp;<strong>Anses<\/strong>&nbsp;y&nbsp;<strong>Pami<\/strong>, por ejemplo.<\/p>\n\n\n\n<p>-Al del&nbsp;<strong>Anses<\/strong>, el&nbsp;<strong>Emilio Ag\u00fa<\/strong>, que lo puso Petri, no lo conozco mucho, aunque supe que tiene experiencia en el Estado:&nbsp;<strong>ha sido auditor del Banco Naci\u00f3n<\/strong>&nbsp;y hasta hace unos d\u00edas, s\u00edndico del Ministerio de Defensa. Pero<strong>&nbsp;el del Pami, el Soloa, es un signo de preguntas<\/strong>, porque el principal argumento que lo llev\u00f3 al cargo fue hacerse amigo por redes sociales del hermano de la Lourdes Arrieta. \u00a1Y est\u00e1 a cargo del Pami, nada m\u00e1s y nada menos!<\/p>\n\n\n\n<p>-Hay que ver c\u00f3mo lo rodean.&nbsp;<strong>En Anses<\/strong>, por ejemplo, hay un trascendido de que&nbsp;<strong>Petri mandar\u00eda al Carlos Moyano<\/strong>&nbsp;a &#8220;supervisar&#8221; a Ag\u00fa, con un cargo formal. Ser\u00eda una especie de<strong>&nbsp;&#8220;n\u00famero 2&#8221; en la Anses de Mendoza.<\/strong><\/p>\n\n\n\n<p><strong>-\u00bfPero Moyano no es vicepresidente de la Casa de la Moneda?<\/strong><\/p>\n\n\n\n<p>-Exacto. A m\u00ed me contaron que lo podr\u00edan mandar de vuelta a Mendoza, al cargo que te dije en Anses. Pero<strong>&nbsp;como hace tan poco que lo propuso Petri para la Casa de la Moneda, lo pongo en duda<\/strong>.<\/p>\n\n\n\n<p>-En medio de todo esto,<strong>&nbsp;hay gansos que est\u00e1n renunciando a la afiliaci\u00f3n partidaria&nbsp;<\/strong>porque dicen que el PD no ha reclamado cargos para sus militantes como s\u00ed lo han hecho los otros sectores que participaron de la campa\u00f1a de Milei en Mendoza. Incluso en San Mart\u00edn, territorio del presidente del partido, Armando Magistretti.<\/p>\n\n\n\n<p>-Que le reclamen a&nbsp;<strong>Balter<\/strong>, que fue el mentor de toda la movida con Milei que supuestamente iba a salvar al PD -se meti\u00f3 el Dani-.<\/p>\n\n\n\n<p>-Les pas\u00f3 como en el Titanic -grit\u00f3 Ludovico-.<\/p>\n\n\n\n<p>-\u00bfPor?<\/p>\n\n\n\n<p>-Los gansos pensaron que les iban a dar una balsa completa y terminaron pele\u00e1ndose por un lugarcito en la puerta que flotaba.<\/p>\n\n\n\n<p>-No, bue. El nivel de analog\u00edas que est\u00e1s manejando&#8230;<\/p>\n\n\n\n<p>\u00bfD\u00f3nde est\u00e1 el PJ?<\/p>\n\n\n\n<p>-A todo esto, \u00bfpara d\u00f3nde ibas en el bondi? -le preguntaron al Flaco Dani.<\/p>\n\n\n\n<p>-Iba a dar una mano a la<strong>&nbsp;sede del PJ.<\/strong><\/p>\n\n\n\n<p>-Ahhhh. Y&#8230; para llegar a Espa\u00f1a al 1.200 te conven\u00eda bajarte en la Plaza Independencia.<\/p>\n\n\n\n<p>-No, es en calle San Lorenzo.&nbsp;<strong>Nos fuimos de la sede de calle Espa\u00f1a<\/strong>&nbsp;y volvemos a nuestra casa original.<\/p>\n\n\n\n<p>-Jajajajajaja -se burl\u00f3 el Omar, el radical-.<\/p>\n\n\n\n<p>-\u00bfDe qu\u00e9 te re\u00eds?<\/p>\n\n\n\n<p>-Son un papel\u00f3n. Tres a\u00f1itos estuvieron ah\u00ed, despu\u00e9s de todo el circo que montaron cuando la inauguraron. Y ahora no les alcanza ni para el alquiler.<strong>&nbsp;Son como los pibes que se independizan y a los dos minutos vuelven a vivir a la casa de los padres para no pagar alquiler.<\/strong><\/p>\n\n\n\n<p>-Y&#8230; Ya no somos gobierno. Y sumale que ya no est\u00e1n los &#8220;c\u00e1mpora&#8221; en la conducci\u00f3n, que se mov\u00edan bastante y te juntaban la plata para el alquiler. Ahora cuesta m\u00e1s.&nbsp;<strong>La de calle San Lorenzo es una propiedad del partido, as\u00ed que no hay que pagar alquiler.<\/strong><\/p>\n\n\n\n<p>-\u00bfY por qu\u00e9 se fueron en su momento de San Lorenzo? \u00bfLa tuvieron abandonada desde entonces a la sede original?<\/p>\n\n\n\n<p>-Supuestamente nos fuimos por una cuesti\u00f3n de comodidad y porque ten\u00edamos con qu\u00e9. No qued\u00f3 abandonada porque&nbsp;<strong>ah\u00ed sigui\u00f3 funcionando el PJ de Capital<\/strong>. Ahora vamos a ver c\u00f3mo nos acomodamos, en todo sentido.<\/p>\n\n\n\n<p>-\u00bfPor?<\/p>\n\n\n\n<p>-Porque este a\u00f1o tambi\u00e9n tenemos elecciones partidarias, en octubre creo, porque se le termina el mandato al Carl&#8230;, perd\u00f3n, a la\u00a0Flor Dest\u00e9fanis.<\/p>\n\n\n\n<p>-Para m\u00ed deber\u00edan nombrar presidente eterno del PJ de Mendoza al&nbsp;<strong>Guillermo Carmona<\/strong>, el tipo siempre est\u00e1 y le encanta. Varios de ustedes lo matan y cuando lo dan por muerto, reaparece. Fijate ahora: \u00a1<strong>figura estelar en Netflix<\/strong>! Es uno de los que m\u00e1s figura en el documental del ARA San Juan.<\/p>\n\n\n\n<p>-Hablando de eso, el del ARA San Juan parece un documental hecho por C5N -evalu\u00f3 Ludovico, el del PRO-. Todo para pegarle a Mauricio. Y de postre, la Cristina Caama\u00f1o, que era interventora de la AFI, hablando en lenguaje inclusivo. Un garr\u00f3n.<\/p>\n\n\n\n<p>-Quiere llevarle la contra a Petri, que prohibi\u00f3 el lenguaje inclusivo en las Fuerzas Armadas.<\/p>\n\n\n\n<p>-Jajaja. Puede ser.<\/p>\n\n\n\n<p>-Para m\u00ed sirve verlo, m\u00e1s all\u00e1 del tinte pol\u00edtico que pueda tener, porque tira abajo todas las teor\u00edas &#8220;conspiranoicas&#8221; que a\u00fan hoy siguen dando vueltas -analiz\u00f3 el Omar-.<\/p>\n\n\n\n<p>-Dale, lo agendo -complet\u00f3 el Ruso-.<\/p>\n\n\n\n<p>S\u00ed, hubo acuerdo entre Hebe y Omar<\/p>\n\n\n\n<p>Mientras avanzaba la charla, los amigos iban reconociendo a algunos abogados de renombre, e incluso fiscales, que ingresaban al caf\u00e9 ubicado a metros de tribunales federales y provinciales. &#8220;\u00bfAqu\u00e9l no es el&#8230;?&#8221;, &#8220;\u00bf\u00e9se no es el que&#8230;?&#8221;. Hasta que apareci\u00f3 un pol\u00edtico amarillo, que trabaja en la Municipalidad de Capital, que gener\u00f3 que Ludovico, el del PRO, se parara a saludarlo y conversara un par de minutos, para luego regresar a la mesa y compartir algo de data.<\/p>\n\n\n\n<p>-Parece que&nbsp;<strong>en algo hubo acuerdo entre la Hebe y el Omar<\/strong>. Hebe es Casado y Omar es De Marchi&#8230;<\/p>\n\n\n\n<p>-S\u00ed, lo imaginamos. \u00bfAcuerdo de qu\u00e9?<\/p>\n\n\n\n<p>-Para las elecciones partidarias, que se har\u00edan en&nbsp;<strong>junio<\/strong>&nbsp;al final, hab\u00eda que conformar la&nbsp;<strong>junta electoral<\/strong>. Y hubo acuerdo para integrarla con gente de Casado y gente de De Marchi.<strong>&nbsp;Son 5 integrantes<\/strong>, y se repartieron&nbsp;<strong>3 para la Hebe y 2 para el Omar.<\/strong><\/p>\n\n\n\n<p>-\u00a1Al final lo cagaron!<\/p>\n\n\n\n<p>-Jajaja. No. El tema es todo lo que pas\u00f3 antes. En un primer momento, esos cinco lugares se iban a repartir as\u00ed: 2 para la Hebe, 1 para el Enrique Thomas, 1 para el grupito de Mosso-Canale-Miranda, y 1 para la Sol Salinas. Despu\u00e9s, en un Zoom,<strong>&nbsp;la Sol Salinas se calent\u00f3, rechaz\u00f3 su lugar y se fue enojada.<\/strong><\/p>\n\n\n\n<p>-Entonces De Marchi no ten\u00eda lugar en la junta electoral.<\/p>\n\n\n\n<p>-No. Pero&nbsp;<strong>el Enrique Thomas hab\u00eda dicho que si De Marchi y los suyos lo ped\u00edan, \u00e9l les dejaba su lugar en la junta electoral<\/strong>. Y justamente lo terminaron pidiendo. El sector de De Marchi, el \u00c1lvaro Mart\u00ednez, el Colo Allasino y otros tantos, quer\u00eda que los 5 integrantes de la junta se repartieran as\u00ed: 2 para la Hebe, 2 para ellos y que el quinto sea un porte\u00f1o, Santiago Alberdi, apoderado del PRO. Pero la Hebe y el Pablo Priore lo rechazaron.<\/p>\n\n\n\n<p>-Me perd\u00ed. Conclusi\u00f3n:&nbsp;<strong>\u00bfc\u00f3mo qued\u00f3 integrada la junta electoral del PRO?<\/strong><\/p>\n\n\n\n<p>-S\u00ed, es un quilombo.<strong>&nbsp;Hubo acuerdo para que sean 3 de la Hebe<\/strong>, que son Nuria Olivera, Lucas Faure y el eterno Sergio Miranda,&nbsp;<strong>y 2 de De Marchi<\/strong>, que eligi\u00f3 a Bel\u00e9n Castillo y Dar\u00edo Tello. Ah, la Nuria Olivera, cercana a Priore, qued\u00f3 como presidenta de la junta electoral.<\/p>\n\n\n\n<p>-\u00bfY Sol Salinas?<\/p>\n\n\n\n<p>-Cuando ya estaba todo cocinado, pidi\u00f3 a la intervenci\u00f3n del PRO, que lidera su amigo Dar\u00edo Nieto, que diera marcha atr\u00e1s con las designaciones de algunos integrantes de la junta electoral y hasta pidi\u00f3 la expulsi\u00f3n del Tintura y el Alvarito del partido, raro, porque hab\u00eda estado hablando bastante \u00faltimamente. Al final, la nombraron&nbsp;<strong>asamble\u00edsta<\/strong>&nbsp;en el PRO nacional;&nbsp;<strong>hab\u00eda 20 lugares para Mendoza, y la Sol Salinas se qued\u00f3 con uno<\/strong>. En esa lista aparecen varios conocidos: el Guillermo Mosso, el mismo Priore, la Josefina Canale, el Gabriel Vilche, el Enrique Thomas, entre otros.&nbsp;<strong>Todos afines a la Hebe, ninguno de De Marchi.<\/strong><\/p>\n\n\n\n<p>-Qu\u00e9 quilombo. Bueno. Ya se sabe que la<strong>&nbsp;Hebe Casado ser\u00e1 candidata a presidenta del PRO en Mendoza<\/strong>. \u00bfSe conoce&nbsp;<strong>qui\u00e9n va a ser el candidato del sector de De Marchi?<\/strong><\/p>\n\n\n\n<p>-Hasta hace una semana pensaba que iba a ser la Sol,&nbsp; porque incluso hab\u00eda charlas con gente de De Marchi, pero evidentemente no ser\u00e1. Hay un sector que lo empuja al Colo Allasino, pero no va a agarrar: est\u00e1 muy metido en la intendencia de Luj\u00e1n. En s\u00edntesis, tengo&nbsp;<strong>dos posibles candidatos<\/strong>&nbsp;<strong>para competir con la Hebe<\/strong>&nbsp;-avis\u00f3 Ludovico-:&nbsp;<strong>el Germ\u00e1n Vicchi y el Gabriel Pradines<\/strong>, ambos senadores provinciales.&nbsp;<strong>Para m\u00ed, va a ser el Gabriel Pradines<\/strong>. Igual falta para definirlo, hay tiempo hasta el 19 de abril.<\/p>\n\n\n\n<p>-Uno presume que ganar\u00eda la Hebe. \u00bfPero qu\u00e9 pasa si ganan los contras? -pregunt\u00f3, preocupado, el Omar-.<\/p>\n\n\n\n<p>-Van a sacar al PRO de Cambia Mendoza.<\/p>\n\n\n\n<p>-Qu\u00e9 quilombito ser\u00eda, pero no creo&#8230; -cerr\u00f3 el cornejista de la mesa-.<\/p>\n\n\n\n<p>(&#8230;)<\/p>\n\n\n\n<p>La pelea por la guita de los municipios<\/p>\n\n\n\n<p>Como de costumbre, el Ruso pas\u00f3 gran parte de la juntada mirando el tel\u00e9fono: datos financieros, cotizaci\u00f3n de monedas raras y algunas cositas divertidas en redes. De repente, le apareci\u00f3 un posteo en el que sal\u00edan juntos los intendentes de Capital y Luj\u00e1n,\u00a0Ulpiano Suarez\u00a0y\u00a0Esteban Allasino, compartiendo un encuentro en la Universidad Austral de Buenos Aires.<\/p>\n\n\n\n<p>-Che, \u00bfesta no ser\u00e1 la f\u00f3rmula 2027? \u00bfSuarez-Allasino? -pregunt\u00f3 el Ruso-.<\/p>\n\n\n\n<p>-\u00a1No! Allasino podr\u00eda ser intendente otra vez, diputado, senador, presidente y hasta embajador en Estados Unidos, pero vicegobernador ni en pedo -contest\u00f3 Ludovico-.<\/p>\n\n\n\n<p>-No es un dato que hayan estado juntos, porque los intendentes se juntan habitualmente por m\u00faltiples motivos.&nbsp;<strong>El dato es que se hayan mostrado juntos&nbsp;<\/strong>-introdujo el Omar-.<\/p>\n\n\n\n<p>-\u00bfPor las diferencias partidarias?<\/p>\n\n\n\n<p>-No. Porque&nbsp;<strong>son los dos intendentes que reclaman mucha guita a la provincia<\/strong>. El Yayo Suarez para que el Gobierno le actualice el fondo de compensaci\u00f3n, que no se mueve desde la \u00e9poca del Celso Jaque, y hasta hay alg\u00fan indicio de ir a la Justicia. Y el Colo Allasino ya present\u00f3 la demanda en la Corte que le paguen un retroactivo por los territorios que fue sumando Luj\u00e1n.<\/p>\n\n\n\n<p>-\u00bfC\u00f3mo es eso?<\/p>\n\n\n\n<p>-En los \u00faltimos 15 a\u00f1os, Luj\u00e1n gan\u00f3 disputas territoriales en la Corte a Maip\u00fa y la m\u00e1s reciente a Las Heras. Eso signific\u00f3 que el departamento sum\u00f3 m\u00e1s terreno y tambi\u00e9n habitantes. Por esos nuevos habitantes, supuestamente debi\u00f3 haber cobrado m\u00e1s coparticipaci\u00f3n. En resumen, piden un resarcimiento de unos 15 palos verdes, que ser\u00edan 15.000 millones de pesos. Pero&nbsp;<strong>tambi\u00e9n est\u00e1 el quilombo de la coparticipaci\u00f3n actual<\/strong>. En breve deber\u00eda ingresar a la Legislatura el proyecto de ley para cambiar el coeficiente de equilibrio regional&#8230;<\/p>\n\n\n\n<p>-&#8230; otra vez eso. Siempre me olvido c\u00f3mo era la cuesti\u00f3n -se quej\u00f3 el Dani-. \u00bfMe lo resum\u00eds?<\/p>\n\n\n\n<p>-No hay problema. La mayor\u00eda de la coparticipaci\u00f3n, un 65%, se reparte a los municipios de acuerdo con la cantidad de habitantes. Como los datos del Censo 2022 marcan que algunos departamentos crecieron m\u00e1s que otros en poblaci\u00f3n, como Luj\u00e1n y Maip\u00fa, pasaron a recibir m\u00e1s guita que otros que se quedaron estancados, como Godoy Cruz y Las Heras. Entonces,<strong>&nbsp;para tratar de dejar contentos a los que se quejaron, van a modificar el famoso coeficiente de equilibrio del desarrollo regional<\/strong>, que determina<strong>&nbsp;c\u00f3mo se reparte un 10% de la torta<\/strong>. Entonces, de esa parte le quitar\u00edan a algunos y les dar\u00edan a otros.<\/p>\n\n\n\n<p>-\u00bfY con qu\u00e9 criterio se fij\u00f3 cu\u00e1nto de ese 10% recibe cada departamento?<\/p>\n\n\n\n<p>-No se sabe&#8230; pero hay indicios. Si te fij\u00e1s,&nbsp;<strong>los departamentos que reciben m\u00e1s dinero de ese 10%, en 1996 eran gobernados por el peronismo<\/strong>, que en aquel entonces ocupaba la Casa de Gobierno. Y despu\u00e9s es muy subjetivo. La Ley dice que ese coeficiente &#8220;tiene por finalidad nivelar las sumas que perciben por habitante, departamentos con similares caracter\u00edsticas&#8221;. Pod\u00e9s interpretarlo como quieras. Lo que es un hecho es que a Luj\u00e1n, Maip\u00fa y otros departamentos, varios, le van a quitar parte de lo que les tocaba de ese coeficiente. Entonces est\u00e1n a las puteadas.<\/p>\n\n\n\n<p>-A m\u00ed me contaron que, tal como hizo en su momento el Yayo Suarez en Ciudad,\u00a0<strong>Allasino podr\u00eda convocar a los legisladores provinciales de Luj\u00e1n, de todos los partidos.<\/strong>\u00a0\u00bfC\u00f3mo va a votar el Mart\u00edn Kerchner y otros radicales de Luj\u00e1n si se presenta un proyecto que les saque parte del coeficiente de equilibrio? Por ah\u00ed, m\u00e1s que juntarse, los expone. \u00bfQu\u00e9 actitud va a tomar el s\u00faper ministro\u00a0<strong>Natalio Mema<\/strong>, que fue candidato a intendente de Luj\u00e1n hace dos minutos?<\/p>\n\n\n\n<p><strong>-Deber\u00eda volver con una postura definida.<\/strong><\/p>\n\n\n\n<p>-\u00bf<strong>Volver<\/strong>? \u00bfQui\u00e9n? \u00bfDe d\u00f3nde?<\/p>\n\n\n\n<p><strong>-El Natalio. Se fue a Estados Unidos.&nbsp;<\/strong>No dijeron nada del Gobierno a\u00fan. Aparentemente est\u00e1 en Washington.<\/p>\n\n\n\n<p>-\u00bfEn Washington? \u00bfSe fue a buscar pl\u00e1stico para las SUBE?<\/p>\n\n\n\n<p>-Jajajaja. No. Seg\u00fan me contaron, se fue a un encuentro de &#8220;di\u00e1logo p\u00fablico-privado&#8221;, algo as\u00ed, que organiza la Amcham y el Centro de Estudios Americanos .<\/p>\n\n\n\n<p>-A m\u00ed me llam\u00f3 la atenci\u00f3n que no apareciera en p\u00fablico hace varios d\u00edas.<\/p>\n\n\n\n<p>(&#8230;)<\/p>\n\n\n\n<p>Quejas por los festejos del Casino<\/p>\n\n\n\n<p>Antes de dar por terminada la reuni\u00f3n para irse a darles una mano a los compa\u00f1eros que pon\u00edan a punto la nueva-vieja sede del PJ de Mendoza, el Flaco Dani tir\u00f3 la \u00faltima an\u00e9cdota sobre la mesa.<\/p>\n\n\n\n<p>-Esto re caliente.<\/p>\n\n\n\n<p>-S\u00ed, ya sabemos. El bondi te dej\u00f3 a pata.<\/p>\n\n\n\n<p>-No, no por eso. El otro d\u00eda estaba jugando unos pesos en el Casino, poca guita, s\u00f3lo para pasar el rato. Y justo era el d\u00eda del<strong>&nbsp;festejo principal por los 100 a\u00f1os del Casino de Mendoza<\/strong>, as\u00ed que me met\u00ed.<\/p>\n\n\n\n<p>-Seguro comiste y tomaste gratis. \u00bfPor qu\u00e9 est\u00e1s enojado entonces?<\/p>\n\n\n\n<p>-No hab\u00eda compa\u00f1eros. No puede ser que&nbsp;<strong>no hayan invitado a los expresidentes &#8220;compa\u00f1eros&#8221; que tuvo el Instituto de Juegos y Casinos<\/strong>. Eran todos radicales y afines en la fiesta. Parec\u00eda un festejo partidario -se quej\u00f3 el Dani-.<\/p>\n\n\n\n<p>-\u00bfVos quer\u00edas que llevaran a&nbsp;<strong>Bianchinelli<\/strong>, con todas las sospechas que dej\u00f3 su gesti\u00f3n?<\/p>\n\n\n\n<p>-Primero, era la gesti\u00f3n del Carlos y la de ustedes, con el Miguel Bondino en el directorio. Segundo, la Justicia los libr\u00f3 de culpa y cargo. Pero no fue el \u00fanico &#8220;nuestro&#8221; que fue presidente.&nbsp;<strong>No lo invitaron a \u00e9l, ni al Daniel Pereyra, ni a la Nidia Martini, ni a ninguno.<\/strong>&nbsp;Qued\u00e9 re caliente.<\/p>\n\n\n\n<p>-No te calent\u00e9s, porque el que se calienta, pierde.<\/p>\n\n\n\n<p>-Es verdad. Me fui seco esa noche&#8230;<\/p>\n\n\n\n<p>(&#8230;)<\/p>\n\n\n\n<p>Despu\u00e9s de pagar la cuenta y dejar casi un 10% de propina, los amigos partieron, con la promesa de volver a juntarse antes del fin de semana, para seguir compartiendo an\u00e9cdotas y datos de la pol\u00edtica mendocina.<\/p>\n\n\n\n<p>FUENTE: Mendozapost.<\/p>\n","protected":false},"excerpt":{"rendered":"<p>Por tercera vez en el a\u00f1o, al Flaco Dani lo obligaron a bajar del colectivo en la parada de Tribunales Federales, en calle Espa\u00f1a, sin alcanzar a ingresar al centro. La primera, el chofer les dijo a los pasajeros que se le hab\u00edan roto los lentes y no pod\u00eda continuar; la segunda, la excusa fue [&hellip;]<\/p>\n","protected":false},"author":2,"featured_media":6273,"comment_status":"open","ping_status":"open","sticky":true,"template":"","format":"standard","meta":[],"categories":[47],"tags":[],"_links":{"self":[{"href":"https:\/\/pasaenmendoza.com\/index.php?rest_route=\/wp\/v2\/posts\/6264"}],"collection":[{"href":"https:\/\/pasaenmendoza.com\/index.php?rest_route=\/wp\/v2\/posts"}],"about":[{"href":"https:\/\/pasaenmendoza.com\/index.php?rest_route=\/wp\/v2\/types\/post"}],"author":[{"embeddable":true,"href":"https:\/\/pasaenmendoza.com\/index.php?rest_route=\/wp\/v2\/users\/2"}],"replies":[{"embeddable":true,"href":"https:\/\/pasaenmendoza.com\/index.php?rest_route=%2Fwp%2Fv2%2Fcomments&post=6264"}],"version-history":[{"count":2,"href":"https:\/\/pasaenmendoza.com\/index.php?rest_route=\/wp\/v2\/posts\/6264\/revisions"}],"predecessor-version":[{"id":6289,"href":"https:\/\/pasaenmendoza.com\/index.php?rest_route=\/wp\/v2\/posts\/6264\/revisions\/6289"}],"wp:featuredmedia":[{"embeddable":true,"href":"https:\/\/pasaenmendoza.com\/index.php?rest_route=\/wp\/v2\/media\/6273"}],"wp:attachment":[{"href":"https:\/\/pasaenmendoza.com\/index.php?rest_route=%2Fwp%2Fv2%2Fmedia&parent=6264"}],"wp:term":[{"taxonomy":"category","embeddable":true,"href":"https:\/\/pasaenmendoza.com\/index.php?rest_route=%2Fwp%2Fv2%2Fcategories&post=6264"},{"taxonomy":"post_tag","embeddable":true,"href":"https:\/\/pasaenmendoza.com\/index.php?rest_route=%2Fwp%2Fv2%2Ftags&post=6264"}],"curies":[{"name":"wp","href":"https:\/\/api.w.org\/{rel}","templated":true}]}}