{"id":6275,"date":"2024-03-20T16:50:07","date_gmt":"2024-03-20T15:50:07","guid":{"rendered":"https:\/\/pasaenmendoza.com\/?p=6275"},"modified":"2024-03-20T22:00:10","modified_gmt":"2024-03-20T21:00:10","slug":"la-mendocina-gabriela-lizana-viaja-a-buenos-aires-a-reunirse-con-sergio-massa","status":"publish","type":"post","link":"https:\/\/pasaenmendoza.com\/?p=6275","title":{"rendered":"La mendocina Gabriela Lizana viaja a Buenos Aires a reunirse con Sergio Massa"},"content":{"rendered":"\n<p>Est\u00e1 planeado que el encuentro sea el jueves y seg\u00fan su entorno tambi\u00e9n podr\u00eda reunirse con Malena Galmarini. Al otro d\u00eda es el congreso del Frente Renovador<\/p>\n\n\n\n<p>La\u00a0diputada mendocina<strong>\u00a0Gabriela Lizana\u00a0<\/strong>tiene planeado viajar esta semana a\u00a0<strong>Buenos Aires<\/strong>\u00a0para reunirse con<strong>\u00a0Sergio Massa<\/strong>, seg\u00fan contaron fuentes del Frente Renovador. El encuentro est\u00e1 planeado para el pr\u00f3ximo jueves y tambi\u00e9n se espera que est\u00e9 con ellos la referente\u00a0<strong>Malena Galmarini,<\/strong>\u00a0que hist\u00f3ricamente ha tenido un buen v\u00ednculo con la legisladora. Al otro d\u00eda, el partido que lidera el exministro definir\u00e1 nuevas autoridades.<\/p>\n\n\n\n<p>El encuentro&nbsp;<strong>se dar\u00e1 antes de la gran convocatoria que hizo el Frente Renovador<\/strong>, el espacio pol\u00edtico que fund\u00f3 y encabeza Massa desde hace a\u00f1os y que lo acompa\u00f1\u00f3 durante la \u00faltima campa\u00f1a presidencial.<\/p>\n\n\n\n<p>En Mendoza, la figura indiscutida de esa<strong>&nbsp;fuerza es la productora rivadaviense Lizana<\/strong>, quien precisamente trabaja, dentro de la bancada de Uni\u00f3n por la Patria, desde el monobloque llamado&nbsp;<strong>Frente Renovador L\u00ednea Nacional<\/strong>&nbsp;en la C\u00e1mara Baja.<\/p>\n\n\n\n<p>La reuni\u00f3n no ha trascendido en absoluto ni tampoco los t\u00f3picos que planean tocar, pero la diputada suele tener un intercambio<strong>&nbsp;bastante fluido con los referentes nacionales.<\/strong><\/p>\n\n\n\n<p>Los &#8220;zooms&#8221; entre los dirigentes que representan a las distintas provincias (y Lizana hace lo propio con Mendoza) son semanales y buena parte de los temas que se discutir\u00e1n en el congreso&nbsp;<strong>se fueron cocinando en esa serie de contactos.<\/strong><\/p>\n\n\n\n<p>La diputada adem\u00e1s es una de las encargadas de&nbsp;<strong>ciertas tem\u00e1ticas espec\u00edficas que el FR aborda a nivel pa\u00eds.&nbsp;<\/strong>Su expertise en el rubro de las peque\u00f1as y medianas empresas, sumado a que proviene del<strong>&nbsp;\u00e1mbito agr\u00edcola,<\/strong>&nbsp;son algunos de los ejes que ha tomado como propios y en los que, seg\u00fan cuentan desde adentro,&nbsp;<strong>basa sus aportes&nbsp;<\/strong>en el espacio pol\u00edtico.<\/p>\n\n\n\n<p>De cara a lo que pasar\u00e1 el viernes,&nbsp;<strong>el Frente Renovador ha dejado trascender que asomar\u00e1n algunas modificaciones<\/strong>&nbsp;que podr\u00edan darle una impronta m\u00e1s federal, m\u00e1s abocada a realidades y necesidades regionales y de las distintas jurisdicciones.<\/p>\n\n\n\n<p>De concretarse, se espera que la este\u00f1a, como otros referentes que tiene en la provincia el FR,<strong>&nbsp;pueden ser centrales<\/strong>&nbsp;en lo relacionado a Mendoza.<strong>&nbsp;Se habla incluso de &#8220;reestructuraciones internas&#8221;<\/strong>&nbsp;para el futuro, aunque no se ha especificado qu\u00e9 cambios implicar\u00e1n.<\/p>\n\n\n\n<h2 class=\"wp-block-heading\">Habr\u00e1 cambios en la presidencia del Frente Renovador<\/h2>\n\n\n\n<p>El congreso del Frente Renovador est\u00e1 planeado para el viernes&nbsp;<strong>en el complejo Parque Norte, en la Ciudad Aut\u00f3noma de Buenos Aires.<\/strong><\/p>\n\n\n\n<p>Lo esencial es el&nbsp;<strong>recambio de autoridades<\/strong>&nbsp;que se avizora en el partido. En ese sentido, desde la sede nacional han hecho trascender que el conductor formal de la fuerza, el santiague\u00f1o&nbsp;<strong>Pablo Mirolo<\/strong>, dejar\u00e1 su lugar a una figura que garantice la renovaci\u00f3n partidaria. Ah\u00ed se suma&nbsp;<strong>nuevamente la expectativa por el criterio &#8220;m\u00e1s federal&#8221;&nbsp;<\/strong>que aseguran querer darle a la fuerza y se especula con otro&nbsp;<strong>referente del interior.<\/strong><\/p>\n\n\n\n<p>Seg\u00fan trascendidos de las \u00faltimas horas,<strong>&nbsp;tambi\u00e9n podr\u00eda haber una renovaci\u00f3n en otro tipo de aspectos del FR,&nbsp;<\/strong>como ciertas marcas de identidad visual. Concretamente se habla de&nbsp;<strong>cambios en el logo,&nbsp;<\/strong>que ser\u00edan presentados en sociedad ante todos sus congresales y dado a conocer al p\u00fablico en general para la nueva etapa pol\u00edtica que buscan afrontar.<\/p>\n\n\n\n<h2 class=\"wp-block-heading\">Coincidencias<\/h2>\n\n\n\n<p>A su vez, el c\u00f3nclave se dar\u00e1&nbsp;<strong>casi en simult\u00e1neo con el del Partido Justicialista,<\/strong>&nbsp;su gran socio desde 2019, cuando se arm\u00f3 el Frente de Todos y el massismo se sum\u00f3 como uno de los miembros.&nbsp;<strong>El PJ reunir\u00e1 tambi\u00e9n a sus congresales el mismo d\u00eda.<\/strong>&nbsp;All\u00ed el plato fuerte se espera que sea<strong>&nbsp;la salida de Alberto Fern\u00e1ndez,&nbsp;<\/strong>quien hoy es el titular del partido y pedir\u00eda una licencia para dar un paso al costado.<\/p>\n\n\n\n<p>Hab\u00eda trascendido que esa superposici\u00f3n de ambas convocatorias<strong>&nbsp;iba a hacer que el congreso massista se aplazara,&nbsp;<\/strong>pero fuentes del espacio aseguraron que esta posibilidad nunca se tom\u00f3 en cuenta. &#8220;Son plazos que deben cumplirse s\u00ed o s\u00ed, porque m\u00e1s all\u00e1 de la voluntad de nuestra agrupaci\u00f3n,&nbsp;<strong>la Justicia Electoral tambi\u00e9n impone&nbsp;<\/strong>que se realicen estos congresos&#8221;, explicaron.<\/p>\n\n\n\n<p>Con esas expectativas,&nbsp;<strong>el Frente Renovador elegir\u00e1 nuevas autoridades y se preparar\u00e1 de cara al rol opositor que le depar\u00f3 el 2024<\/strong>; un per\u00edodo adem\u00e1s en el que cumple 11 a\u00f1os de existencia. Los cambios podr\u00edan implicar nuevas tareas y definiciones tambi\u00e9n para sus miembros mendocinos.<\/p>\n\n\n\n<p>FUENTE: Diariouno.com.ar <\/p>\n\n\n\n<p><\/p>\n","protected":false},"excerpt":{"rendered":"<p>Est\u00e1 planeado que el encuentro sea el jueves y seg\u00fan su entorno tambi\u00e9n podr\u00eda reunirse con Malena Galmarini. Al otro d\u00eda es el congreso del Frente Renovador La\u00a0diputada mendocina\u00a0Gabriela Lizana\u00a0tiene planeado viajar esta semana a\u00a0Buenos Aires\u00a0para reunirse con\u00a0Sergio Massa, seg\u00fan contaron fuentes del Frente Renovador. El encuentro est\u00e1 planeado para el pr\u00f3ximo jueves y tambi\u00e9n [&hellip;]<\/p>\n","protected":false},"author":2,"featured_media":6276,"comment_status":"open","ping_status":"open","sticky":true,"template":"","format":"standard","meta":[],"categories":[47],"tags":[],"_links":{"self":[{"href":"https:\/\/pasaenmendoza.com\/index.php?rest_route=\/wp\/v2\/posts\/6275"}],"collection":[{"href":"https:\/\/pasaenmendoza.com\/index.php?rest_route=\/wp\/v2\/posts"}],"about":[{"href":"https:\/\/pasaenmendoza.com\/index.php?rest_route=\/wp\/v2\/types\/post"}],"author":[{"embeddable":true,"href":"https:\/\/pasaenmendoza.com\/index.php?rest_route=\/wp\/v2\/users\/2"}],"replies":[{"embeddable":true,"href":"https:\/\/pasaenmendoza.com\/index.php?rest_route=%2Fwp%2Fv2%2Fcomments&post=6275"}],"version-history":[{"count":2,"href":"https:\/\/pasaenmendoza.com\/index.php?rest_route=\/wp\/v2\/posts\/6275\/revisions"}],"predecessor-version":[{"id":6292,"href":"https:\/\/pasaenmendoza.com\/index.php?rest_route=\/wp\/v2\/posts\/6275\/revisions\/6292"}],"wp:featuredmedia":[{"embeddable":true,"href":"https:\/\/pasaenmendoza.com\/index.php?rest_route=\/wp\/v2\/media\/6276"}],"wp:attachment":[{"href":"https:\/\/pasaenmendoza.com\/index.php?rest_route=%2Fwp%2Fv2%2Fmedia&parent=6275"}],"wp:term":[{"taxonomy":"category","embeddable":true,"href":"https:\/\/pasaenmendoza.com\/index.php?rest_route=%2Fwp%2Fv2%2Fcategories&post=6275"},{"taxonomy":"post_tag","embeddable":true,"href":"https:\/\/pasaenmendoza.com\/index.php?rest_route=%2Fwp%2Fv2%2Ftags&post=6275"}],"curies":[{"name":"wp","href":"https:\/\/api.w.org\/{rel}","templated":true}]}}