{"id":6285,"date":"2024-03-20T21:58:08","date_gmt":"2024-03-20T20:58:08","guid":{"rendered":"https:\/\/pasaenmendoza.com\/?p=6285"},"modified":"2024-03-20T21:58:10","modified_gmt":"2024-03-20T20:58:10","slug":"destefanis-lanzo-en-santa-rosa-la-carrera-para-especializarse-en-el-cultivo-de-cannabis-medicinal","status":"publish","type":"post","link":"https:\/\/pasaenmendoza.com\/?p=6285","title":{"rendered":"Dest\u00e9fanis lanz\u00f3 en Santa Rosa la carrera para especializarse en el cultivo de cannabis medicinal"},"content":{"rendered":"\n<p>Una novedosa\u00a0<strong>carrera terciaria<\/strong>\u00a0comenz\u00f3 a dictarse en\u00a0<strong>Santa Rosa<\/strong>\u00a0esta semana. Se trata de la que otorga el t\u00edtulo de t\u00e9cnico encargado consciente de cultivo de\u00a0<strong>cannabis medicinal<\/strong>, la planta de la que se extrae la marihuana.<\/p>\n\n\n\n<p>El dictado de esta especialidad est\u00e1 a cargo de la&nbsp;<strong>Facultad de Ciencias Agrarias de la UNCuyo<\/strong>&nbsp;que para ello firm\u00f3 un convenio con la comuna santarrosina, rubricado por la decana de la casa de estudios,&nbsp;<strong>Mar\u00eda Flavia Filippini y la intendenta Flor Dest\u00e9fanis.<\/strong><\/p>\n\n\n\n<p><strong>&#8220;Es una gran oportunidad para nuestros j\u00f3venes y de toda la Zona Este teniendo en cuenta los proyectos actuales y futuros que hay de plantaci\u00f3n de cannabis para uso medicinal en Santa Rosa&#8221;,\u00a0<\/strong>explic\u00f3 la jefa comunal que es a su vez presidenta del Partido Justicialista de Mendoza.<\/p>\n\n\n\n<h2 class=\"wp-block-heading\"><strong>El t\u00edtulo de encargado consciente de cultivo de cannabis medicinal, con validez nacional<\/strong><\/h2>\n\n\n\n<p>Dest\u00e9fanis se refiri\u00f3 a la nueva carrera &#8220;Estamos muy contentos -subray\u00f3- con la incorporaci\u00f3n de la nueva carrera en el\u00a0<strong>Instituto de Educaci\u00f3n Superior 0-028<\/strong>\u00a0con sede en nuestro departamento y con lo importante que es la presencia territorial de la UNCuyo en Santa Rosa, en este caso a trav\u00e9s de la\u00a0<strong>Facultad de Ciencias Agrarias<\/strong>&#8220;.<\/p>\n\n\n\n<p>La intendenta aclar\u00f3 que el t\u00edtulo de<strong>&nbsp;t\u00e9cnico encargado consciente de cultivo de cannabis medicinal&nbsp;<\/strong>tiene validez nacional por parte del Instituto Nacional de Educaci\u00f3n Tecnol\u00f3gica.<\/p>\n\n\n\n<p>El cursado demanda\u00a0<strong>460 horas entre teor\u00eda y pr\u00e1ctica<\/strong>\u00a0y por la cantidad de inscriptos fueron habilitadas dos aulas tanto en\u00a0<strong>Santa Rosa<\/strong>\u00a0-se dicta tres veces por semana- como en la sede central de Ciencias Agrarias, en\u00a0<strong>Luj\u00e1n<\/strong>.<\/p>\n\n\n\n<p>La carrera es p\u00fablica y gratuita y el cursado ya comenz\u00f3. No obstante, si hay m\u00e1s interesados pueden anotarse en la p\u00e1ginas del\u00a0<strong>IES 9-028 Estela Quiroga:<\/strong>\u00a0https:\/\/ies9028-infd.mendoza.edu.ar\/sitio<\/p>\n\n\n\n<p>Flor explic\u00f3 que &#8220;gestionamos traer esta carrera terciaria a Santa Rosa por la visi\u00f3n que tenemos de la matriz productiva del departamento que<strong>&nbsp;hace tiempo ha apostado por el cannabis medicinal&#8221;.<\/strong><\/p>\n\n\n\n<p>Y detall\u00f3: &#8220;Hay un proyecto grande y ambicioso que est\u00e1 esperando las autorizaciones correspondientes. Pasa que el tema de cannabis medicinal est\u00e1 bastante burocratizado y requiere de autorizaciones de los ministerios de Salud y de Desarrollo Social. A eso se suma que el cambio de gobierno retras\u00f3 el otorgamiento de esos permisos&#8221;.<\/p>\n\n\n\n<p>La intendenta tambi\u00e9n dijo que &#8220;<strong>hay otros proyectos m\u00e1s peque\u00f1os que est\u00e1n avanzados, como el de la zona de Divisadero en el l\u00edmite con Rivadavia<\/strong>&#8220;.<\/p>\n\n\n\n<p><strong>Por eso nos preparamos con tiempo para tener mano de obra calificada para trabajar en este tipo de emprendimientos. A los estudiantes no s\u00f3lo se les va a dar la parte te\u00f3rica y pr\u00e1ctica, relacionado con lo agrario y la salud, sino tambi\u00e9n el marco legal, que es complejo, nuevo y en permanente actualizaci\u00f3n<\/strong><\/p>\n\n\n\n<p>Por \u00faltimo, la titular del PJ repas\u00f3 que &#8220;el sector inversor no ha planteado que las exigencias generan costos, que la seguridad que se requiere es excesiva y que las regulaciones nacional y provincial no coinciden en algunos puntos, sobre todo en la interpretaci\u00f3n. Esperamos que todo se solucione r\u00e1pido&#8221;.<\/p>\n\n\n\n<p>Y concluy\u00f3:\u00a0<strong>&#8220;El cannabis medicinal, adem\u00e1s del impacto positivo en la salud, generar\u00e1 mucha mano de obra&#8221;.<\/strong><\/p>\n\n\n\n<p><strong>Fuente: www.diariouno.com.ar<\/strong><\/p>\n","protected":false},"excerpt":{"rendered":"<p>Una novedosa\u00a0carrera terciaria\u00a0comenz\u00f3 a dictarse en\u00a0Santa Rosa\u00a0esta semana. Se trata de la que otorga el t\u00edtulo de t\u00e9cnico encargado consciente de cultivo de\u00a0cannabis medicinal, la planta de la que se extrae la marihuana. El dictado de esta especialidad est\u00e1 a cargo de la&nbsp;Facultad de Ciencias Agrarias de la UNCuyo&nbsp;que para ello firm\u00f3 un convenio con [&hellip;]<\/p>\n","protected":false},"author":2,"featured_media":6288,"comment_status":"open","ping_status":"open","sticky":false,"template":"","format":"standard","meta":[],"categories":[56],"tags":[],"_links":{"self":[{"href":"https:\/\/pasaenmendoza.com\/index.php?rest_route=\/wp\/v2\/posts\/6285"}],"collection":[{"href":"https:\/\/pasaenmendoza.com\/index.php?rest_route=\/wp\/v2\/posts"}],"about":[{"href":"https:\/\/pasaenmendoza.com\/index.php?rest_route=\/wp\/v2\/types\/post"}],"author":[{"embeddable":true,"href":"https:\/\/pasaenmendoza.com\/index.php?rest_route=\/wp\/v2\/users\/2"}],"replies":[{"embeddable":true,"href":"https:\/\/pasaenmendoza.com\/index.php?rest_route=%2Fwp%2Fv2%2Fcomments&post=6285"}],"version-history":[{"count":1,"href":"https:\/\/pasaenmendoza.com\/index.php?rest_route=\/wp\/v2\/posts\/6285\/revisions"}],"predecessor-version":[{"id":6286,"href":"https:\/\/pasaenmendoza.com\/index.php?rest_route=\/wp\/v2\/posts\/6285\/revisions\/6286"}],"wp:featuredmedia":[{"embeddable":true,"href":"https:\/\/pasaenmendoza.com\/index.php?rest_route=\/wp\/v2\/media\/6288"}],"wp:attachment":[{"href":"https:\/\/pasaenmendoza.com\/index.php?rest_route=%2Fwp%2Fv2%2Fmedia&parent=6285"}],"wp:term":[{"taxonomy":"category","embeddable":true,"href":"https:\/\/pasaenmendoza.com\/index.php?rest_route=%2Fwp%2Fv2%2Fcategories&post=6285"},{"taxonomy":"post_tag","embeddable":true,"href":"https:\/\/pasaenmendoza.com\/index.php?rest_route=%2Fwp%2Fv2%2Ftags&post=6285"}],"curies":[{"name":"wp","href":"https:\/\/api.w.org\/{rel}","templated":true}]}}