{"id":6296,"date":"2024-03-21T13:02:38","date_gmt":"2024-03-21T12:02:38","guid":{"rendered":"https:\/\/pasaenmendoza.com\/?p=6296"},"modified":"2024-03-21T13:02:40","modified_gmt":"2024-03-21T12:02:40","slug":"el-conflicto-latente-que-inquieta-y-buscan-evitar-por-la-retirada-de-ypf","status":"publish","type":"post","link":"https:\/\/pasaenmendoza.com\/?p=6296","title":{"rendered":"El conflicto latente que inquieta y buscan evitar por la retirada de YPF"},"content":{"rendered":"\n<p>El plan de retirada de YPF inquieta y genera repercusiones. Hubo un paro y el Gobierno asegura que controlar\u00e1n la transici\u00f3n para amenguar los impactos.<\/p>\n\n\n\n<p>La petrolera estatal\u00a0<strong>YPF\u00a0<\/strong>tom\u00f3 la decisi\u00f3n de desprenderse de las \u00e1reas que no son rentables econ\u00f3micamente para concentrar sus inversiones en Vaca Muerta. Mendoza es una de las provincias m\u00e1s afectadas por esa decisi\u00f3n, pues la mayor\u00eda de los activos de\u00a0<strong>YPF\u00a0<\/strong>est\u00e1 en \u00e1reas maduras, justamente de las que quieren desprenderse. El compromiso de la empresa es que no habr\u00e1 &#8220;consecuencias graves&#8221; para las comunidades, pero la transici\u00f3n es compleja. Y el mi\u00e9rcoles comenzaron a aflorar algunos de los conflictos, con un paro anunciado por el Sindicato de Gas y Petr\u00f3leo Privados que tuvo poca repercusi\u00f3n real.\u00a0<\/p>\n\n\n\n<p>En principio\u00a0<strong>YPF\u00a0<\/strong>busca desprenderse de 14 \u00e1reas. Entre ellas algunas emblem\u00e1ticas, como Barrancas, que tiene un volumen de producci\u00f3n, inversi\u00f3n y recursos humanos importantes. La transici\u00f3n es lo m\u00e1s complejo. Desde el Gobierno explican que el traspaso no ser\u00e1 autom\u00e1tico, sino que habr\u00e1 exigencias a la propia petrolera estatal y a quien la reemplace. Pero a\u00fan no tienen detalles de c\u00f3mo, cu\u00e1ndo a qui\u00e9n le traspasar\u00e1n los activos.<\/p>\n\n\n\n<p>En Mendoza buscan que no haya reversi\u00f3n de \u00e1reas, sino traspaso y amenguar los impactos. En otras provincias, como Chubut, ya hubo acuerdos previos: pen el per\u00edodo de transici\u00f3n YPF pagar\u00e1 el 80% de los salarios de los trabajadores que tendr\u00e1n afectada su fuente de trabajo por un tiempo. Tambi\u00e9n se eval\u00faan otros mecanismos, como jubilaciones anticipadas (a negociar con ANSES) y reconversiones.<\/p>\n\n\n\n<p>&#8220;Como autoridad de aplicaci\u00f3n nosotros tenemos la obligaci\u00f3n que el que entra cumpla los mismos requisitos del que se va, que est\u00e9n saldados los pasivos, que tengan la misma solvencia, respaldo y un plan de inversi\u00f3n. En ese sentido, la necesidad de ver y evitar los pasivos y las consecuencias ambientales y sociales es nuestra funci\u00f3n. Pero\u00a0<strong>YPF\u00a0<\/strong>no nos ha dicho todav\u00eda qu\u00e9 va a hacer o qui\u00e9nes van a venir. Nos ha dicho que se van de las \u00e1reas que no son rentables, cosa que no se puede evitar. Pero si van a transferir el derecho a otro privado, no puedo elegir yo; pero s\u00ed puedo exigirle un plan sustentable y no liberarlos (a\u00a0<strong>YPF<\/strong>) de responsabilidades&#8221;, dijo a MDZ la ministra de energ\u00eda Jimena Latorre.<\/p>\n\n\n\n<h2 class=\"wp-block-heading\">Reclamos<\/h2>\n\n\n\n<p><strong>YPF\u00a0<\/strong>est\u00e1 en proceso de an\u00e1lisis de la cartera de activos a desprenderse. Una consultora internacional realiza ese trabajo para evaluar los caminos a seguir en cada caso. En las pr\u00f3ximas semanas se conocer\u00e1 el detalle. El compromiso de la petrolera es informar primero a los gobernadores y a los gremios y luego hacerlo p\u00fablico.\u00a0<\/p>\n\n\n\n<p>Las quejas del gremio ocal tienen como destinatario al Gobierno de Mendoza, al menos en los mensajes. Incluso, desde el Ejecutivo acusan que hubo&nbsp;presiones desde el gremio. En los comunicados oficiales hablan de la &#8220;complicidad del Gobierno&#8221; por la entrega de \u00e1reas petroleras.&nbsp;<strong>YPF&nbsp;<\/strong>anunci\u00f3 oficialmente que dejar\u00eda de invertir en \u00e1reas maduras para concentrarse en sectores rentables, particularmente la explotaci\u00f3n no convencional en la formaci\u00f3n Vaca Muerta. En paralelo, el Gobierno de Cornejo ten\u00eda entre sus planes que la petrolera estatal deje o hasta quitarle \u00e1reas en las que ya no invert\u00eda. &#8220;<strong>YPF&nbsp;<\/strong>se hab\u00eda retirado de hecho en varias \u00e1reas&#8221;, aseguran en el cuarto piso de Casa de Gobierno.&nbsp;<\/p>\n\n\n\n<p>Por eso hay alguna coincidencia entre el plan de&nbsp;<strong>YPF&nbsp;<\/strong>y el del Ejecutivo, pues creen que el cambio de manos puede generar m\u00e1s inversi\u00f3n. Igual, hay un tope: las reservas petroleras de Mendoza est\u00e1n en decadencia. El c\u00e1lculo que hacen es que maximizando el potencia, se puede mantener la meseta de producci\u00f3n y crecer hasta un m\u00e1ximo del 20%. Si el proyecto piloto de exploraci\u00f3n no convencional que ejecutar&nbsp;<strong>YPF&nbsp;<\/strong>resulta positivo, todo puede cambiar.&nbsp;<\/p>\n\n\n\n<p>&#8220;Estamos yendo a una estructura de empresas m\u00e1s livianas, m\u00e1s eficientes. Hay que adaptarse a una nueva realidad, que no significa una disminuci\u00f3n del personal, sino un reordenamiento. La misma oferta laboral es distinta. Estamos atravesando una transici\u00f3n. No creo que sea para tener miedo, es para ser eficientes en la adaptaci\u00f3n&#8221;, asegur\u00f3 Latorre.&nbsp; &#8220;Una vez que&nbsp;<strong>YPF&nbsp;<\/strong>plantee formalmente de qu\u00e9 \u00e1reas se va a ir y a qu\u00e9 comprador trae. Como autoridad de aplicaci\u00f3n nosotros tenemos la obligaci\u00f3n que el que entra cumpla los mismos requisitos del que se va, que est\u00e9n saldados los pasivos, que tengan la misma solvencia, respaldo y un plan de inversi\u00f3n&#8221;, agreg\u00f3 la ministra. En ese sentido, desde el Ministerio de Energ\u00eda aseguran que elaborar\u00e1n un esquema estandarizado de requisitos para exigirle a YPF y a quien &#8220;herede&#8221; las \u00e1reas. La intenci\u00f3n es que haya traspaso y no reversi\u00f3n o quita de concesiones, pues, creen, ese mecanismo generar\u00eda m\u00e1s impacto.&nbsp;<\/p>\n\n\n\n<p>Mendoza tiene toda la cadena de valor de la industria petrolera en su territorio y tambi\u00e9n se construy\u00f3 una alta dependencia de\u00a0<strong>YPF<\/strong>, que es la \u00fanica empresa grande con presencia. La transici\u00f3n y el traspaso implica, seg\u00fan explican en el sector, que los nuevos operadores ejecuten los trabajos con estructuras m\u00e1s chicas. La preocupaci\u00f3n es para los trabajadores directos de la petrolera, pero tambi\u00e9n para todas las empresas asociadas y prestadoras de servicios.\u00a0<\/p>\n\n\n\n<p>FUENTE: MDZonline.<\/p>\n","protected":false},"excerpt":{"rendered":"<p>El plan de retirada de YPF inquieta y genera repercusiones. Hubo un paro y el Gobierno asegura que controlar\u00e1n la transici\u00f3n para amenguar los impactos. La petrolera estatal\u00a0YPF\u00a0tom\u00f3 la decisi\u00f3n de desprenderse de las \u00e1reas que no son rentables econ\u00f3micamente para concentrar sus inversiones en Vaca Muerta. Mendoza es una de las provincias m\u00e1s afectadas [&hellip;]<\/p>\n","protected":false},"author":2,"featured_media":6256,"comment_status":"open","ping_status":"open","sticky":true,"template":"","format":"standard","meta":[],"categories":[47],"tags":[],"_links":{"self":[{"href":"https:\/\/pasaenmendoza.com\/index.php?rest_route=\/wp\/v2\/posts\/6296"}],"collection":[{"href":"https:\/\/pasaenmendoza.com\/index.php?rest_route=\/wp\/v2\/posts"}],"about":[{"href":"https:\/\/pasaenmendoza.com\/index.php?rest_route=\/wp\/v2\/types\/post"}],"author":[{"embeddable":true,"href":"https:\/\/pasaenmendoza.com\/index.php?rest_route=\/wp\/v2\/users\/2"}],"replies":[{"embeddable":true,"href":"https:\/\/pasaenmendoza.com\/index.php?rest_route=%2Fwp%2Fv2%2Fcomments&post=6296"}],"version-history":[{"count":1,"href":"https:\/\/pasaenmendoza.com\/index.php?rest_route=\/wp\/v2\/posts\/6296\/revisions"}],"predecessor-version":[{"id":6297,"href":"https:\/\/pasaenmendoza.com\/index.php?rest_route=\/wp\/v2\/posts\/6296\/revisions\/6297"}],"wp:featuredmedia":[{"embeddable":true,"href":"https:\/\/pasaenmendoza.com\/index.php?rest_route=\/wp\/v2\/media\/6256"}],"wp:attachment":[{"href":"https:\/\/pasaenmendoza.com\/index.php?rest_route=%2Fwp%2Fv2%2Fmedia&parent=6296"}],"wp:term":[{"taxonomy":"category","embeddable":true,"href":"https:\/\/pasaenmendoza.com\/index.php?rest_route=%2Fwp%2Fv2%2Fcategories&post=6296"},{"taxonomy":"post_tag","embeddable":true,"href":"https:\/\/pasaenmendoza.com\/index.php?rest_route=%2Fwp%2Fv2%2Ftags&post=6296"}],"curies":[{"name":"wp","href":"https:\/\/api.w.org\/{rel}","templated":true}]}}