{"id":6301,"date":"2024-03-21T13:12:46","date_gmt":"2024-03-21T12:12:46","guid":{"rendered":"https:\/\/pasaenmendoza.com\/?p=6301"},"modified":"2024-03-21T13:12:48","modified_gmt":"2024-03-21T12:12:48","slug":"juicio-a-bento-el-hijo-de-aliaga-se-presento-a-declarar","status":"publish","type":"post","link":"https:\/\/pasaenmendoza.com\/?p=6301","title":{"rendered":"Juicio a Bento: el hijo de Aliaga se present\u00f3 a declarar"},"content":{"rendered":"\n<p>En una nueva audiencia por el mega juicio contra el ex juez federal\u00a0<strong>Walter Bento<\/strong>\u00a0y 28 acusados m\u00e1s, las juezas\u00a0<strong>Gretel Diamante<\/strong>\u00a0(presidenta),\u00a0<strong>Mar\u00eda Carolina Pereira y Eliana Ratt\u00e1<\/strong>\u00a0(vocales) tuvieron la presentaci\u00f3n de un testigo importante en la causa.<\/p>\n\n\n\n<p><br>Se trata del hijo menor de Diego Aliaga, ex aduanero asesinado.&nbsp;<strong>Diego Andr\u00e9s Aliaga<\/strong>&nbsp;se present\u00f3 en tribunales tras haber ignorado las citaciones para que se presente como testigo. Ante el riesgo de ser detenido por desobediencia al tribunal, se present\u00f3 este mi\u00e9rcoles espont\u00e1neamente.<\/p>\n\n\n\n<p>&#8220;Tengo que aclarar que yo no pasaba mucho tiempo con mi padre (Diego Aliaga), viv\u00eda con mi madre&#8221;, explic\u00f3 antes de la indagatoria.<\/p>\n\n\n\n<p>La fiscal\u00eda liderada por Dante Vega y Gloria Andr\u00e9 comenzaron el interrogatorio consultando sobre su relaci\u00f3n con el abogado y acusado Jaime Alba.&nbsp;<\/p>\n\n\n\n<p>Aliaga respondi\u00f3 que su padre ten\u00eda relaci\u00f3n hace mucho tiempo con Alba\u00a0 e incluso compart\u00edan asado. Sin embargo asegur\u00f3 que no lo conoc\u00eda en detalle: &#8220;Siempre supe que era abogado, pero m\u00e1s all\u00e1 de eso, no sabr\u00eda contestar&#8221;.\u00a0<\/p>\n\n\n\n<p>El fiscal tambi\u00e9n le consult\u00f3 sobre otros imputados en la causa, pero Aliaga volvi\u00f3 a repetir que no ten\u00eda idea de la actividad que realizaba su padre.<\/p>\n\n\n\n<p>A la hora de ser consultado por el imputado Walter Bardinella Donoso(imputado por narcotr\u00e1fico) explic\u00f3: &#8220;\u00c9l (Barrera-acusado por el asesinato de Aliaga) no paraba de decirme nombres como Donoso, Walter Donoso, \u00bfte acord\u00e1s? Vos lo viste, vos sab\u00e9s qui\u00e9n es. Y toda una charla donde me dio diferentes nombres, que luego fui y repet\u00ed&#8221;.\u00a0<\/p>\n\n\n\n<p>Por otro lado, asegur\u00f3 que se enter\u00f3 de la actividad de su padre en esa misma charla con Donoso:&nbsp; &#8220;Mi padre sacaba presos, que hab\u00eda ca\u00eddo Donoso, y que qui\u00e9n sab\u00eda qu\u00e9 le hab\u00eda pasado a mi padre porque ten\u00eda muchos enemigos&#8221;.&nbsp;<\/p>\n\n\n\n<p>&#8220;Barrera me lo describ\u00eda constantemente y me hizo asociarlo a uno de los allegados de mi padre que ten\u00eda barba, pero para ser sincero yo no tengo exactitud&#8221;.&nbsp;<\/p>\n\n\n\n<p>&#8220;\u00bfPor qu\u00e9, seg\u00fan Barrera, Walter Donoso era enemigo de su padre?&#8221;,pregunt\u00f3 la fiscal\u00eda, por lo que Aliaga respondi\u00f3: &#8220;\u00c9l dec\u00eda porque \u00e9l (Aliaga) lo iba a sacar de prisi\u00f3n&#8221;, pero no dio precisiones.<\/p>\n\n\n\n<p>Por otro lado afirm\u00f3 conocer y reconocer a\u00a0 Leandro Mart\u00ednez: &#8220;Algo escuch\u00e9 sobre un veh\u00edculo, no s\u00e9 si era de mi padre, no creo que fuera de mi padre, no lo s\u00e9. Donde \u00e9l tuvo un accidente, algo as\u00ed. No sabr\u00eda especificar&#8221;.<\/p>\n\n\n\n<p>FUENTE: Mendozapost.<\/p>\n","protected":false},"excerpt":{"rendered":"<p>En una nueva audiencia por el mega juicio contra el ex juez federal\u00a0Walter Bento\u00a0y 28 acusados m\u00e1s, las juezas\u00a0Gretel Diamante\u00a0(presidenta),\u00a0Mar\u00eda Carolina Pereira y Eliana Ratt\u00e1\u00a0(vocales) tuvieron la presentaci\u00f3n de un testigo importante en la causa. Se trata del hijo menor de Diego Aliaga, ex aduanero asesinado.&nbsp;Diego Andr\u00e9s Aliaga&nbsp;se present\u00f3 en tribunales tras haber ignorado las [&hellip;]<\/p>\n","protected":false},"author":2,"featured_media":6302,"comment_status":"open","ping_status":"open","sticky":true,"template":"","format":"standard","meta":[],"categories":[47],"tags":[],"_links":{"self":[{"href":"https:\/\/pasaenmendoza.com\/index.php?rest_route=\/wp\/v2\/posts\/6301"}],"collection":[{"href":"https:\/\/pasaenmendoza.com\/index.php?rest_route=\/wp\/v2\/posts"}],"about":[{"href":"https:\/\/pasaenmendoza.com\/index.php?rest_route=\/wp\/v2\/types\/post"}],"author":[{"embeddable":true,"href":"https:\/\/pasaenmendoza.com\/index.php?rest_route=\/wp\/v2\/users\/2"}],"replies":[{"embeddable":true,"href":"https:\/\/pasaenmendoza.com\/index.php?rest_route=%2Fwp%2Fv2%2Fcomments&post=6301"}],"version-history":[{"count":1,"href":"https:\/\/pasaenmendoza.com\/index.php?rest_route=\/wp\/v2\/posts\/6301\/revisions"}],"predecessor-version":[{"id":6303,"href":"https:\/\/pasaenmendoza.com\/index.php?rest_route=\/wp\/v2\/posts\/6301\/revisions\/6303"}],"wp:featuredmedia":[{"embeddable":true,"href":"https:\/\/pasaenmendoza.com\/index.php?rest_route=\/wp\/v2\/media\/6302"}],"wp:attachment":[{"href":"https:\/\/pasaenmendoza.com\/index.php?rest_route=%2Fwp%2Fv2%2Fmedia&parent=6301"}],"wp:term":[{"taxonomy":"category","embeddable":true,"href":"https:\/\/pasaenmendoza.com\/index.php?rest_route=%2Fwp%2Fv2%2Fcategories&post=6301"},{"taxonomy":"post_tag","embeddable":true,"href":"https:\/\/pasaenmendoza.com\/index.php?rest_route=%2Fwp%2Fv2%2Ftags&post=6301"}],"curies":[{"name":"wp","href":"https:\/\/api.w.org\/{rel}","templated":true}]}}