{"id":6307,"date":"2024-03-21T14:00:36","date_gmt":"2024-03-21T13:00:36","guid":{"rendered":"https:\/\/pasaenmendoza.com\/?p=6307"},"modified":"2024-03-21T14:00:38","modified_gmt":"2024-03-21T13:00:38","slug":"llego-el-otono-y-baja-la-temperatura","status":"publish","type":"post","link":"https:\/\/pasaenmendoza.com\/?p=6307","title":{"rendered":"Lleg\u00f3 el oto\u00f1o y baja la temperatura"},"content":{"rendered":"\n<p>Este jueves inici\u00f3 el&nbsp;<strong>Oto\u00f1o<\/strong>&nbsp;en todo el hemisferio Sur y trajo consigo una notable<strong>&nbsp;baja de la temperatura<\/strong>&nbsp;en Mendoza.<\/p>\n\n\n\n<p>La m\u00e1xima de este jueves, tras intensos d\u00edas de calor en la provincia, llegar\u00e1 a los 22 grados, mientras que la m\u00ednima se mantuvo en 10\u00b0 durante las primeras horas de la ma\u00f1ana.<\/p>\n\n\n\n<p>El d\u00eda estar\u00e1 totalmente despejado y no habr\u00e1 nubes al menos hasta la pr\u00f3xima semana.<\/p>\n\n\n\n<p>Si bien la temperatura comenzar\u00e1 a bajar paulatinamente con el correr de los d\u00edas, durante el fin de semana recuperaremos calor de verano con m\u00e1ximas que rozar\u00e1n los 30 grados. La pr\u00f3xima semana iniciar\u00e1 de la misma manera con n\u00fameros que superar\u00e1n esa l\u00ednea.<\/p>\n\n\n\n<p><strong>Fuente: www.mendozapost.com<\/strong><\/p>\n","protected":false},"excerpt":{"rendered":"<p>Este jueves inici\u00f3 el&nbsp;Oto\u00f1o&nbsp;en todo el hemisferio Sur y trajo consigo una notable&nbsp;baja de la temperatura&nbsp;en Mendoza. La m\u00e1xima de este jueves, tras intensos d\u00edas de calor en la provincia, llegar\u00e1 a los 22 grados, mientras que la m\u00ednima se mantuvo en 10\u00b0 durante las primeras horas de la ma\u00f1ana. El d\u00eda estar\u00e1 totalmente despejado [&hellip;]<\/p>\n","protected":false},"author":2,"featured_media":6308,"comment_status":"open","ping_status":"open","sticky":false,"template":"","format":"standard","meta":[],"categories":[52],"tags":[],"_links":{"self":[{"href":"https:\/\/pasaenmendoza.com\/index.php?rest_route=\/wp\/v2\/posts\/6307"}],"collection":[{"href":"https:\/\/pasaenmendoza.com\/index.php?rest_route=\/wp\/v2\/posts"}],"about":[{"href":"https:\/\/pasaenmendoza.com\/index.php?rest_route=\/wp\/v2\/types\/post"}],"author":[{"embeddable":true,"href":"https:\/\/pasaenmendoza.com\/index.php?rest_route=\/wp\/v2\/users\/2"}],"replies":[{"embeddable":true,"href":"https:\/\/pasaenmendoza.com\/index.php?rest_route=%2Fwp%2Fv2%2Fcomments&post=6307"}],"version-history":[{"count":1,"href":"https:\/\/pasaenmendoza.com\/index.php?rest_route=\/wp\/v2\/posts\/6307\/revisions"}],"predecessor-version":[{"id":6309,"href":"https:\/\/pasaenmendoza.com\/index.php?rest_route=\/wp\/v2\/posts\/6307\/revisions\/6309"}],"wp:featuredmedia":[{"embeddable":true,"href":"https:\/\/pasaenmendoza.com\/index.php?rest_route=\/wp\/v2\/media\/6308"}],"wp:attachment":[{"href":"https:\/\/pasaenmendoza.com\/index.php?rest_route=%2Fwp%2Fv2%2Fmedia&parent=6307"}],"wp:term":[{"taxonomy":"category","embeddable":true,"href":"https:\/\/pasaenmendoza.com\/index.php?rest_route=%2Fwp%2Fv2%2Fcategories&post=6307"},{"taxonomy":"post_tag","embeddable":true,"href":"https:\/\/pasaenmendoza.com\/index.php?rest_route=%2Fwp%2Fv2%2Ftags&post=6307"}],"curies":[{"name":"wp","href":"https:\/\/api.w.org\/{rel}","templated":true}]}}