{"id":6319,"date":"2024-03-21T21:37:39","date_gmt":"2024-03-21T20:37:39","guid":{"rendered":"https:\/\/pasaenmendoza.com\/?p=6319"},"modified":"2024-03-21T21:38:48","modified_gmt":"2024-03-21T20:38:48","slug":"el-voucher-educativo-lo-pueden-pedir-unos-69-600-alumnos-de-colegios-privados-de-mendoza","status":"publish","type":"post","link":"https:\/\/pasaenmendoza.com\/?p=6319","title":{"rendered":"El voucher educativo lo pueden pedir unos 69.600 alumnos de colegios privados de Mendoza"},"content":{"rendered":"\n<p>El gobierno de&nbsp;<strong>Javier Milei<\/strong>&nbsp;anunci\u00f3 que&nbsp;implementar\u00e1 por tres meses un sistema de&nbsp;<strong>vouchers educativos<\/strong>&nbsp;destinados a las familias que tienen problemas para pagar las&nbsp;<strong>cuotas de los colegios<\/strong>&nbsp;de gesti\u00f3n privada. En&nbsp;<strong>Mendoza<\/strong>, el beneficio podr\u00eda afectar a&nbsp;<strong>69.600 alumnos<\/strong>, aunque hay que ver cu\u00e1ntos de ellos cumplen con los requisitos y solicitan la asistencia.<\/p>\n\n\n\n<p>La cifra de&nbsp;<strong>la cantidad de estudiantes que podr\u00edan acceder al beneficio en la provincia<\/strong>&nbsp;surge de una entrevista con&nbsp;<strong>Cecilia P\u00e1ez<\/strong>, directora de Educaci\u00f3n Privada de la Direcci\u00f3n General de Escuelas (DGE).<\/p>\n\n\n\n<p>&#8220;Entendemos que&nbsp;<strong>a nivel local la medida afectar\u00e1 a 121 colegios de gesti\u00f3n privada -casi todos confesionales-<\/strong>; instituciones que reciben m\u00e1s del 80% de aporte estatal&#8221;, dijo la funcionaria.<\/p>\n\n\n\n<h2 class=\"wp-block-heading\">La clase media contra la pared<\/h2>\n\n\n\n<p>El presidente Milei prometi\u00f3 en campa\u00f1a que intentar\u00eda pasar el financiamiento educativo&nbsp;<strong>desde el foco en la oferta -que aporta a las escuelas- hacia el de la demanda -dando dinero directamente a las familias-<\/strong>.<\/p>\n\n\n\n<p>No obstante,&nbsp;<strong>el motivo detr\u00e1s de los recientes vouchers es menos &#8220;te\u00f3rico&#8221;<\/strong>. En lo concreto, las familias de clase media est\u00e1n afrontando&nbsp;<strong>graves inconvenientes para pagar las cuotas de los chicos<\/strong>, lo que deriva en distintos des\u00f3rdenes&nbsp;<strong>no s\u00f3lo en el bolsillo de los padres sino en la situaci\u00f3n emocional de los menores<\/strong>.<\/p>\n\n\n\n<p>\u201cVamos a incorporar un mecanismo de&nbsp;<strong>asistencia a la clase media<\/strong>&nbsp;para que los chicos no pierdan el colegio, porque la situaci\u00f3n en la cual se te caen los ingresos y ten\u00e9s que cambiar al chico&nbsp;<strong>no solo es traumatizante para los padres sino tambi\u00e9n para los hijos<\/strong>&#8220;, explic\u00f3 el mandatario durante un di\u00e1logo con los medios.<\/p>\n\n\n\n<p>En Mendoza, resta ver ahora&nbsp;<strong>cu\u00e1ntos de los 69.600 estudiantes que mencion\u00f3 Cecilia P\u00e1ez finalmente solicitar\u00e1n los vouchers<\/strong>. &#8220;Recibimos bien la medida -admiti\u00f3 la directora de Educaci\u00f3n Privada- pero&nbsp;<strong>es s\u00f3lo una aspirina<\/strong>&#8220;.<\/p>\n\n\n\n<p>En ese sentido, reconoci\u00f3 que hay algunos alumnos que no recibir\u00e1n la asistencia aunque la necesiten. &#8220;<strong>En Palmira, por ejemplo, tenemos una escuela que cobra cuota relativamente baja, pero recibe subvenci\u00f3n del 30%; de modo que no entrar\u00eda en este programa<\/strong>. Por eso la medida puede resultar&nbsp;<strong>inequitativa<\/strong>&#8220;, analiz\u00f3.<\/p>\n\n\n\n<p>Se\u00f1al\u00f3, adem\u00e1s, que los problemas educativos son m\u00e1s profundos. &#8220;<strong>Necesitamos mejorar el salario docente y mejorar el tema infraestructura<\/strong>, por citar dos ejes. En la provincia nosotros&nbsp;<strong>ten\u00edamos proyectados 12 edificios -entre jardines y escuelas-, pero con el congelamiento de los fondos nacionales todo eso qued\u00f3 frenado<\/strong>&#8220;.<\/p>\n\n\n\n<h2 class=\"wp-block-heading\">Tadeo reclama que la educaci\u00f3n est\u00e9 en el Pacto de Mayo<\/h2>\n\n\n\n<p>&#8220;Todav\u00eda no tenemos la reglamentaci\u00f3n sobre los vouchers. Pero&nbsp;<strong>sabemos que la inscripci\u00f3n ser\u00e1 a trav\u00e9s de ANSES y luego el organismo har\u00e1 una chequeo de la informaci\u00f3n incluida en las solicitudes<\/strong>. M\u00e1s all\u00e1 de eso, nosotros creemos que la educaci\u00f3n tiene que entrar en el&nbsp;<strong>Pacto de Mayo<\/strong>&nbsp;y debe ser&nbsp;<strong>una pol\u00edtica de Estado&#8221;<\/strong>, ampli\u00f3 a su turno el ministro de Educaci\u00f3n, Cultura e Infancias,&nbsp;<strong>Tadeo Garc\u00eda Zalazar<\/strong>, durante una visita a la Legislatura.<\/p>\n\n\n\n<p>Garc\u00eda Zalazar lleg\u00f3 a la Casa de las Leyes este jueves para presentar&nbsp;<strong>dos proyectos<\/strong>, uno relacionado con la&nbsp;<strong>infraestructura escolar&nbsp;<\/strong>y otro con la adquisici\u00f3n de bienes que hayan sido apropiados por el Estado producto de la aplicaci\u00f3n de normas sobre&nbsp;<strong>extinci\u00f3n de dominio<\/strong>&nbsp;en juicios por corrupci\u00f3n.<\/p>\n\n\n\n<p>&#8220;Lo de los vouchers nos parece una medida interesante, pero no suficiente. La Naci\u00f3n -lament\u00f3 el ministro- tiene con Mendoza&nbsp;<strong>una deuda de m\u00e1s de $15.000 millones.&nbsp;<\/strong>Esperemos que eso se regularice pronto&#8221;.<\/p>\n\n\n\n<h2 class=\"wp-block-heading\">Los requisitos para pedir el voucher para los colegios privados<\/h2>\n\n\n\n<p>La Naci\u00f3n lanz\u00f3 este mi\u00e9rcoles el programa de asistencia&nbsp;<strong>&#8220;Vouchers Educativos&#8221;<\/strong>&nbsp;para ayudar a las familias que no pueden pagar la cuota de escuelas privadas que tengan una subvenci\u00f3n del 75% o m\u00e1s y&nbsp;<strong>una cuota que no supere los $54.396<\/strong>.<\/p>\n\n\n\n<p>La iniciativa fue compartida por el Ministerio de Capital Humano y&nbsp;<strong>aplica tanto para nivel inicial, primario y secundario<\/strong>. El beneficio regir\u00e1 s\u00f3lo por algunos meses:&nbsp;<strong>mayo, junio y julio<\/strong>.<\/p>\n\n\n\n<p>Fuentes gubernamentales indicaron que las familias&nbsp;<strong>tendr\u00e1n acceso al 50 por ciento del valor de la cuota de jornada simple<\/strong>, en funci\u00f3n de la cuota base (marzo 2024) para mayo, junio y julio. El voucher tendr\u00e1&nbsp;<strong>un tope de 27.198 pesos<\/strong>&nbsp;por hijo y no incluir\u00e1 a las actividades extraprogram\u00e1ticas.<\/p>\n\n\n\n<p>Seg\u00fan datos provisorios de la Secretar\u00eda de Educaci\u00f3n, que fue parte de este lanzamiento,&nbsp;<strong>los vouchers educativos podr\u00edan alcanzar a casi 2 millones de chicos que asisten a m\u00e1s de 6.000 escuelas en todo el pa\u00eds<\/strong>&nbsp;y cuyos padres tengan un ingreso familiar<strong>&nbsp;menor a siete veces del Salario M\u00ednimo Vital y M\u00f3vil (SMVM), que actualmente es de 202.800 pesos<\/strong>.<\/p>\n\n\n\n<p>Las familias que quieran acceder al beneficio deber\u00e1n completar un formulario disponible en argentina.gob.ar,&nbsp;<strong>desde el 3 hasta el 30 de abril<\/strong>, donde tendr\u00e1n incluir el CBU donde se acreditar\u00e1 el dinero e informar el establecimiento educativo.<\/p>\n\n\n\n<p><strong>Fuente: www.diariouno.com.ar<\/strong><\/p>\n","protected":false},"excerpt":{"rendered":"<p>El gobierno de&nbsp;Javier Milei&nbsp;anunci\u00f3 que&nbsp;implementar\u00e1 por tres meses un sistema de&nbsp;vouchers educativos&nbsp;destinados a las familias que tienen problemas para pagar las&nbsp;cuotas de los colegios&nbsp;de gesti\u00f3n privada. En&nbsp;Mendoza, el beneficio podr\u00eda afectar a&nbsp;69.600 alumnos, aunque hay que ver cu\u00e1ntos de ellos cumplen con los requisitos y solicitan la asistencia. La cifra de&nbsp;la cantidad de estudiantes que [&hellip;]<\/p>\n","protected":false},"author":2,"featured_media":6320,"comment_status":"open","ping_status":"open","sticky":false,"template":"","format":"standard","meta":[],"categories":[56],"tags":[],"_links":{"self":[{"href":"https:\/\/pasaenmendoza.com\/index.php?rest_route=\/wp\/v2\/posts\/6319"}],"collection":[{"href":"https:\/\/pasaenmendoza.com\/index.php?rest_route=\/wp\/v2\/posts"}],"about":[{"href":"https:\/\/pasaenmendoza.com\/index.php?rest_route=\/wp\/v2\/types\/post"}],"author":[{"embeddable":true,"href":"https:\/\/pasaenmendoza.com\/index.php?rest_route=\/wp\/v2\/users\/2"}],"replies":[{"embeddable":true,"href":"https:\/\/pasaenmendoza.com\/index.php?rest_route=%2Fwp%2Fv2%2Fcomments&post=6319"}],"version-history":[{"count":2,"href":"https:\/\/pasaenmendoza.com\/index.php?rest_route=\/wp\/v2\/posts\/6319\/revisions"}],"predecessor-version":[{"id":6322,"href":"https:\/\/pasaenmendoza.com\/index.php?rest_route=\/wp\/v2\/posts\/6319\/revisions\/6322"}],"wp:featuredmedia":[{"embeddable":true,"href":"https:\/\/pasaenmendoza.com\/index.php?rest_route=\/wp\/v2\/media\/6320"}],"wp:attachment":[{"href":"https:\/\/pasaenmendoza.com\/index.php?rest_route=%2Fwp%2Fv2%2Fmedia&parent=6319"}],"wp:term":[{"taxonomy":"category","embeddable":true,"href":"https:\/\/pasaenmendoza.com\/index.php?rest_route=%2Fwp%2Fv2%2Fcategories&post=6319"},{"taxonomy":"post_tag","embeddable":true,"href":"https:\/\/pasaenmendoza.com\/index.php?rest_route=%2Fwp%2Fv2%2Ftags&post=6319"}],"curies":[{"name":"wp","href":"https:\/\/api.w.org\/{rel}","templated":true}]}}