{"id":6326,"date":"2024-03-21T22:03:04","date_gmt":"2024-03-21T21:03:04","guid":{"rendered":"https:\/\/pasaenmendoza.com\/?p=6326"},"modified":"2024-03-21T22:03:06","modified_gmt":"2024-03-21T21:03:06","slug":"plan-de-salud-como-va-a-impactar-en-los-medicos-la-modificacion-de-la-ley-de-residencias","status":"publish","type":"post","link":"https:\/\/pasaenmendoza.com\/?p=6326","title":{"rendered":"Plan de Salud: c\u00f3mo va a impactar en los m\u00e9dicos la modificaci\u00f3n de la Ley de Residencias"},"content":{"rendered":"\n<p>Desde que asumi\u00f3 como ministro de Salud,\u00a0<strong>Rodolfo Montero<\/strong>, irrumpi\u00f3 con un\u00a0<strong>Plan Provincial de Salud 2024-2030<\/strong>,\u00a0con el que busca modificar gran parte de lo que se ven\u00eda haciendo en el sistema sanitario de Mendoza.<\/p>\n\n\n\n<p>A poco m\u00e1s de un mes de haberlo expuesto,<mark>&nbsp;el 52% del paquete de leyes ya fue aprobado<\/mark>&nbsp;en la Legislatura provincial. Casi todos los puntos lograron qu\u00f3rum de manera un\u00e1nime, salvo el de&nbsp;<strong>Ley de Residencias<\/strong>, que obtuvo resistencia con votos en contra.<\/p>\n\n\n\n<p><em>\u201cDesde que asum\u00ed propuse no hacer una ley \u00f3mnibus, sino plantear 26 leyes independientes que pudieran ser discutidas una a una entre los diferentes actores de la sociedad y en ese camino estamos. Fuimos por todo el territorio provincial a mostrar los objetivos, estuvimos en la Legislatura cada vez que nos convocaron y los resultados que estamos logrando son hist\u00f3ricos\u201d<\/em>.<\/p>\n\n\n\n<h2 class=\"wp-block-heading\" id=\"h-por-que-modificar-la-ley-de-residencias\">Por qu\u00e9 modificar la Ley de Residencias<\/h2>\n\n\n\n<p>La<strong>&nbsp;Ley de Residencias<\/strong>&nbsp;es una de las que mayor pol\u00e9mica ha generado dentro del paquete de leyes que forman parte del Plan Provincial de Salud. Durante su tratamiento en el Senado, la normativa alcanz\u00f3&nbsp;<strong>27 votos a favor y 11 rechazos<\/strong>&nbsp;(10 del PJ y 1 del Partido Verde).<\/p>\n\n\n\n<p>El objetivo de su reformulaci\u00f3n consiste en&nbsp;<mark>acortar la formaci\u00f3n de los profesionales, manteniendo el mismo nivel de calidad.&nbsp;<\/mark>Asimismo, se posibilita el&nbsp;<mark>pago adicional a aquellas residencias que formen m\u00e9dicos considerados cr\u00edticos<\/mark>&nbsp;y se unifican las condiciones con los privados.<\/p>\n\n\n\n<p>El Sistema de Residencias en Mendoza ha sido muy criticado en los \u00faltimos a\u00f1os. De acuerdo con datos oficiales proporcionados por el\u00a0<strong>Ministerio de Salud de Mendoza<\/strong>, de\u00a0<mark>320 egresados por a\u00f1o que cuenta la carrera de Medicina, s\u00f3lo el 50% de los profesionales hace la residencia<\/mark>, el otro 50% no se especializa.<\/p>\n\n\n\n<p><em>\u201cEsta situaci\u00f3n es grav\u00edsima para el sistema de salud y tambi\u00e9n para el desempe\u00f1o profesional de esos chicos en el futuro\u201d,&nbsp;<\/em>coment\u00f3 Montero y agreg\u00f3 que \u201cla otra gran problem\u00e1tica a la que se enfrenta el sistema tiene que ver con que cada vez tenemos menos especialidades\u201d.<\/p>\n\n\n\n<p>En ese sentido, el funcionario recalc\u00f3 que es imperioso&nbsp;<mark>fortalecer la atenci\u00f3n primaria,&nbsp;<\/mark>basada en la medicina de familia, cl\u00ednica o pediatr\u00eda.<\/p>\n\n\n\n<p>\u201cLo que observamos es que cada vez tenemos menos profesionales que cubran esas \u00e1reas, hacemos llamados a concurso y no se logran completar los cupos. Sin ir m\u00e1s lejos, el a\u00f1o pasado hubo una convocatoria para cubrir diez cargos de Medicina de familia y s\u00f3lo se presentaron tres personas\u201d, dijo el ministro.<\/p>\n\n\n\n<p>Frente a ese panorama y teniendo en cuenta la realidad planteada por los propios residentes, se ide\u00f3 este proyecto de ley que intenta solucionar gran parte de todos esos problemas que se vienen arrastrando desde hace a\u00f1os.<\/p>\n\n\n\n<h2 class=\"wp-block-heading\" id=\"h-como-seran-las-futuras-residencias\">C\u00f3mo ser\u00e1n las futuras residencias<\/h2>\n\n\n\n<p>En la actualidad,&nbsp;<mark>las residencias se realizan por programas anuales y lo que se pretende es que se haga por competencias<\/mark>, algo que se adapta mucho m\u00e1s a la formaci\u00f3n de los profesionales.<\/p>\n\n\n\n<p><em>\u201cNecesitamos que el profesional adquiera las competencias necesarias para desempe\u00f1arse, m\u00e1s que cumplan un ciclo determinado de a\u00f1os. Eso es para donde ha ido el mundo en general, en los procesos formativos de especialidad\u201d,<\/em>&nbsp;consign\u00f3 el funcionario.<\/p>\n\n\n\n<p>Respecto a la&nbsp;<strong>remuneraci\u00f3n<\/strong>&nbsp;que se pretende mejorar, Rodolfo Montero asegur\u00f3 que se busca que sea&nbsp;<mark>mucho m\u00e1s flexible para poder premiar o incentivar determinadas residencias que el sistema necesita.<\/mark><\/p>\n\n\n\n<p><em>\u201cAlgunas residencias, dependiendo del contexto, ser\u00e1n fomentadas desde lo econ\u00f3mico. Es decir, todos los que entren a hacer las residencias que el sistema de salud necesita en ese momento van a tener un incentivo extra en la remuneraci\u00f3n de esas especialidades\u201d<\/em>, explic\u00f3 el ministro de Salud.<\/p>\n\n\n\n<p>Adem\u00e1s, aclar\u00f3 que \u201cning\u00fan chico toma una decisi\u00f3n de ser pediatra o m\u00e9dico de familia solamente porque durante la residencia le paguen m\u00e1s\u201d.<\/p>\n\n\n\n<p>Pero, el proyecto de Residencia no culmina all\u00ed, sino que dentro del paquete de medidas, tambi\u00e9n figura la&nbsp;<strong>Ley del nuevo r\u00e9gimen de profesionales<\/strong>, que acompa\u00f1a esta misma l\u00f3gica, es decir, la hora que m\u00e1s se pagar\u00e1 es la del m\u00e9dico que se desempe\u00f1e en un centro de salud, donde escasean profesionales.<\/p>\n\n\n\n<p><em>\u201cLo que pretendemos modificar con la ley es que los profesionales que decidan especializarse en las \u00e1reas m\u00e1s cr\u00edticas del sistema sanitario no s\u00f3lo van a tener mejores condiciones durante su residencia, sino que despu\u00e9s cuando ejerzan su especialidad tambi\u00e9n va a estar mejor remunerados por desempe\u00f1arse en un centro de salud. Es decir, estamos modificando los incentivos del sistema de salud para fortalecer la atenci\u00f3n primaria\u201d<\/em>, enfatiz\u00f3 el funcionario.<\/p>\n\n\n\n<p>Asimismo, manifest\u00f3 que de nada sirve construir cuarenta y dos centros de salud nuevos si no cuentan con personal para atenderlos.<\/p>\n\n\n\n<p><em>\u201cNecesitamos m\u00e9dicos en los centros de salud. No los conseguimos con discursos motivacionales, los conseguimos con incentivos concretos para su formaci\u00f3n y para su desarrollo profesional\u201d,<\/em>\u00a0expres\u00f3.<\/p>\n\n\n\n<h2 class=\"wp-block-heading\" id=\"h-valorizacion-de-los-profesionales\">Valorizaci\u00f3n de los profesionales<\/h2>\n\n\n\n<p>Con estas modificaciones, lo que se pretende tambi\u00e9n es lograr\u00a0<mark>reducir el \u00edndice de m\u00e9dicos que\u00a0deciden emigrar<\/mark>\u00a0a otros pa\u00edses\u00a0en busca de mejores condiciones salariales.<\/p>\n\n\n\n<p><em>\u201cPensar que esta ley del ejercicio profesional del r\u00e9gimen salarial de los m\u00e9dicos va a solucionar el problema y ning\u00fan otro m\u00e9dico se va a ir a Chile ser\u00eda mentir. Como est\u00e1 hoy el sistema, no estamos valorando ni el trabajo profesional de los m\u00e9dicos ni su formaci\u00f3n previa. La idea es cambiar cuestiones culturales, poner los incentivos correctos para un mejor desempe\u00f1o, mejorar la carga horaria para que el profesional no tenga que pasar por cinco hospitales distintos, entre muchas cosas m\u00e1s\u201d,<\/em>\u00a0cerr\u00f3 Montero.<\/p>\n\n\n\n<h2 class=\"wp-block-heading\" id=\"h-voces-en-contra\">Voces en contra<\/h2>\n\n\n\n<p>A pesar de haber alcanzado mayor\u00eda en la Casa de las Leyes, la Ley de Residencias recibi\u00f3 voces en contra por parte de la oposici\u00f3n.<\/p>\n\n\n\n<p>Una de las legisladoras que vot\u00f3 en contra fue la presidenta del bloque del Partido Justicialista,\u00a0<strong>Adriana Cano<\/strong>, que en di\u00e1logo con este medio argument\u00f3:\u00a0<em>\u201cNosotros entendemos que los residentes, mientras cumplen su periodo de formaci\u00f3n, son trabajadores, por lo que consideramos que lo que se pretende con lo propuesto es<br>establecer becas, algo que hace que los residentes pierdan sus derechos laborales\u201d.<\/em><\/p>\n\n\n\n<p><em>\u201cSi la intenci\u00f3n del Ejecutivo es mejorar los ingresos de los residentes para incentivarlos podr\u00edan haber enviado solo eso y no menoscabar sus derechos, al modificar el v\u00ednculo jur\u00eddico que tienen con el Estado\u201d<\/em>, cerr\u00f3 la legisladora.<\/p>\n\n\n\n<p>Por su parte, desde la&nbsp;<strong>Asociaci\u00f3n Mendocina de Profesionales de la Salud (AMProS)&nbsp;<\/strong>emitieron un petitorio manifestando&nbsp;<mark>gran descontento y rechazo<\/mark>&nbsp;a los proyectos de ley presentados, especialmente en lo referente a la Ley de Declaraci\u00f3n de emergencia del Sistema Sanitario P\u00fablico de Mendoza y el proyecto de Ley de Residencias Formativas.<\/p>\n\n\n\n<p>\u201cExiste un claro rechazo de los m\u00e9dicos residentes, quienes no fueron<br>consultados sobre el articulado del proyecto, lo que se traduce en un proyecto de ley<br>de empeoramiento de las condiciones actuales\u201d, expres\u00f3\u00a0<strong>Claudia Iturbe<\/strong>, titular del gremio.<\/p>\n\n\n\n<p>Asimismo, desde AMProS refirieron que\u00a0<mark>con esta ley no hacen m\u00e1s que precarizar el trabajo de los residentes y explotar sus capacidades<\/mark>, violando derechos<br>fundamentales como la libertad de trabajo y el acceso a un salario digno.<\/p>\n\n\n\n<p><strong>Fuente: www.elsol.com.ar<\/strong><\/p>\n","protected":false},"excerpt":{"rendered":"<p>Desde que asumi\u00f3 como ministro de Salud,\u00a0Rodolfo Montero, irrumpi\u00f3 con un\u00a0Plan Provincial de Salud 2024-2030,\u00a0con el que busca modificar gran parte de lo que se ven\u00eda haciendo en el sistema sanitario de Mendoza. A poco m\u00e1s de un mes de haberlo expuesto,&nbsp;el 52% del paquete de leyes ya fue aprobado&nbsp;en la Legislatura provincial. Casi todos [&hellip;]<\/p>\n","protected":false},"author":2,"featured_media":6327,"comment_status":"open","ping_status":"open","sticky":false,"template":"","format":"standard","meta":[],"categories":[58],"tags":[],"_links":{"self":[{"href":"https:\/\/pasaenmendoza.com\/index.php?rest_route=\/wp\/v2\/posts\/6326"}],"collection":[{"href":"https:\/\/pasaenmendoza.com\/index.php?rest_route=\/wp\/v2\/posts"}],"about":[{"href":"https:\/\/pasaenmendoza.com\/index.php?rest_route=\/wp\/v2\/types\/post"}],"author":[{"embeddable":true,"href":"https:\/\/pasaenmendoza.com\/index.php?rest_route=\/wp\/v2\/users\/2"}],"replies":[{"embeddable":true,"href":"https:\/\/pasaenmendoza.com\/index.php?rest_route=%2Fwp%2Fv2%2Fcomments&post=6326"}],"version-history":[{"count":1,"href":"https:\/\/pasaenmendoza.com\/index.php?rest_route=\/wp\/v2\/posts\/6326\/revisions"}],"predecessor-version":[{"id":6328,"href":"https:\/\/pasaenmendoza.com\/index.php?rest_route=\/wp\/v2\/posts\/6326\/revisions\/6328"}],"wp:featuredmedia":[{"embeddable":true,"href":"https:\/\/pasaenmendoza.com\/index.php?rest_route=\/wp\/v2\/media\/6327"}],"wp:attachment":[{"href":"https:\/\/pasaenmendoza.com\/index.php?rest_route=%2Fwp%2Fv2%2Fmedia&parent=6326"}],"wp:term":[{"taxonomy":"category","embeddable":true,"href":"https:\/\/pasaenmendoza.com\/index.php?rest_route=%2Fwp%2Fv2%2Fcategories&post=6326"},{"taxonomy":"post_tag","embeddable":true,"href":"https:\/\/pasaenmendoza.com\/index.php?rest_route=%2Fwp%2Fv2%2Ftags&post=6326"}],"curies":[{"name":"wp","href":"https:\/\/api.w.org\/{rel}","templated":true}]}}