{"id":6335,"date":"2024-03-22T13:31:29","date_gmt":"2024-03-22T12:31:29","guid":{"rendered":"https:\/\/pasaenmendoza.com\/?p=6335"},"modified":"2024-03-22T13:31:30","modified_gmt":"2024-03-22T12:31:30","slug":"la-union-mendocina-se-rearma-y-quiere-ganar-las-elecciones-2025","status":"publish","type":"post","link":"https:\/\/pasaenmendoza.com\/?p=6335","title":{"rendered":"La Uni\u00f3n Mendocina se rearma y quiere ganar las elecciones 2025"},"content":{"rendered":"\n<p>El espacio naci\u00f3 el a\u00f1o pasado para enfrentar a CM. Hoy tiene 16 legisladores que se est\u00e1n organizando para competir en las pr\u00f3ximas elecciones. \u00bfQu\u00e9 pas\u00f3 con Omar De Marchi y Daniel Orozco?<\/p>\n\n\n\n<p>Hace casi un a\u00f1o nac\u00eda<strong>&nbsp;La Uni\u00f3n Mendocina<\/strong>, un espacio pol\u00edtico liderado por Omar De Marchi y Daniel Orozco para hacerle frente en las elecciones a Alfredo Cornejo. El exdiputado nacional y el exintendente de Las Heras aglutinaron dirigentes de todos los sectores: pro, radicalismo, peronismo, libertarios, Coalici\u00f3n C\u00edvica ARI, dem\u00f3cratas, jubilados, Uni\u00f3n Popular, entre otros.&nbsp;<\/p>\n\n\n\n<p>Finalmente, Alfredo Cornejo gan\u00f3 las elecciones. Sin embargo,&nbsp;<strong>La Uni\u00f3n Mendocina&nbsp;<\/strong>se qued\u00f3 con 16 bancas en la Legislatura. Las versiones sobre el fin de la alianza comenzaron a correr y las teor\u00edas sobre la posibilidad de dar vuelta los votos de senadores y diputados llenaron todas las columnas de opini\u00f3n.&nbsp;<\/p>\n\n\n\n<p>Omar De Marchi se acerc\u00f3 al presidente Javier Milei y consigui\u00f3 un cargo en el gabinete nacional. Por su parte, Daniel Orozco mantuvo el bajo perfil tras las denuncias de corrupci\u00f3n durante su gesti\u00f3n. Sin la presencia de los referentes que le dieron vida a&nbsp;<strong>La Uni\u00f3n Mendocina<\/strong>, el espacio parec\u00eda estar viviendo la cr\u00f3nica de una muerte anunciada.<\/p>\n\n\n\n<p>Durante los \u00faltimos tres meses, los dirigentes de LAUM mantuvieron las declaraciones casi al m\u00ednimo y casi no hicieron ruido en la casa de la leyes. Pero con el ingreso de los proyectos del Ejecutivo en materia de salud y miner\u00eda, los legisladores se vieron obligados a ponerse en movimiento y tomar una posici\u00f3n.<\/p>\n\n\n\n<p>\u201cEstamos trabajando hacia adentro, coordinando acciones. El Ejecutivo manda proyectos que cuando llegan a la c\u00e1mara revisora no pasan por comisiones entonces necesitamos coordinar entre las dos c\u00e1maras para hacer cambios o sumar aportes y propuestas\u201d, explic\u00f3 el senador provincial,&nbsp;<strong>Germ\u00e1n Vicchi<\/strong>.<\/p>\n\n\n\n<p>Adem\u00e1s, resalt\u00f3 que LAUM es un espacio nuevo y que muchos de sus legisladores asumieron en diciembre sin experiencia previa en la pol\u00edtica. \u201cSomos un frente que tiene una affectio societatis, que lo estamos construyendo y estamos convencidos que en las pr\u00f3ximas elecciones vamos a ser un frente importante. Aspiramos a ganar las legislativas en 2025\u201d, dijo el legislador provincial.<\/p>\n\n\n\n<p>\u201cQueremos concentrarnos en los temas de Mendoza porque cuando hay di\u00e1logo, cuando hay generosidad de construir llegamos a muy buenas conclusiones. Es muy importante que en el espacio existan distintas miradas\u201d, a\u00f1adi\u00f3.<\/p>\n\n\n\n<h2 class=\"wp-block-heading\">Qu\u00e9 pas\u00f3 con Omar De Marchi y Daniel Orozco<\/h2>\n\n\n\n<p>Desde LAUM indicaron que Omar De Marchi no participa actualmente del espacio pol\u00edtico. \u201cOmar est\u00e1 abocado a lo nacional, tiene una injerencia nula en&nbsp;<strong>La Uni\u00f3n Mendocina.<\/strong>&nbsp;Viene los fines de semana, quiz\u00e1s solo un d\u00eda y se va a Buenos Aires\u201d, explic\u00f3 Vicchi.<\/p>\n\n\n\n<p>Y aclar\u00f3: \u201cNosotros fijamos los lineamientos en la Legislatura. Buscamos nuestra gimnasia de consenso. Hay gente de distintos espacios con ideas distintas en cada tema. Participamos los 16 legisladores\u201d.&nbsp;<\/p>\n\n\n\n<p>En cuanto a la intervenci\u00f3n de Daniel Orozco en el LAUM, Vicchi fue mucho m\u00e1s cortante: \u201cNo lo vimos nunca m\u00e1s\u201d. Seg\u00fan sus c\u00e1lculos, durante este a\u00f1o habr\u00e1 una \u201climpieza\u201d natural de dirigentes y militantes donde quedar\u00e1n los que tengan un real compromiso en el tiempo.&nbsp;<\/p>\n\n\n\n<h2 class=\"wp-block-heading\">C\u00f3mo est\u00e1 trabajando La Uni\u00f3n Mendocina<\/h2>\n\n\n\n<p>Hace un mes fue la primera reuni\u00f3n de legisladores provinciales de LAUM y esta semana se repiti\u00f3 el encuentro. La idea es hacer estas reuniones cada 15 d\u00edas y sumar un encuentro semanal de los presidentes de los interbloques.&nbsp;<\/p>\n\n\n\n<p>Actualmente, est\u00e1n trabajando de forma horizontal y ante la ausencia de Omar De Marchi y Daniel Orozco, los presidentes de los interbloques se han convertido en los referentes del espacio pol\u00edtico. Por lo tanto, Gustavo Cairo, Jorge Difonso, Ariel Pringles y&nbsp;<strong>Germ\u00e1n Vicchi<\/strong>&nbsp;son los encargados de hablar con los medios.<\/p>\n\n\n\n<p>A los legisladores hay que sumarle la estructura de dos departamentos: Esteban Allasino en Luj\u00e1n de Cuyo y Alejandro Morillas en San Carlos. \u201cHay temas que estamos trabajando con los intendentes que est\u00e1n muy vinculados a lo legislativo como la coparticipaci\u00f3n\u201d, puntualiz\u00f3 Vicchi.&nbsp;<\/p>\n\n\n\n<p>Lejos de los rumores de ruptura, los dirigentes de LAUM se mostraron trabajando juntos en los reclamos por la suba del impuesto automotor y en las votaciones de las leyes del plan de salud. \u201cEs un mito que intent\u00f3 instalar el oficialismo que desde un primer momento busc\u00f3 que la LAUM no durara. Y con el correr del tiempo, nosotros hemos demostrado que podemos tener consenso y ser un bloque en las decisiones que tomamos porque votamos todos igual\u201d, cerr\u00f3&nbsp;<strong>Germ\u00e1n Vicchi<\/strong>.<\/p>\n\n\n\n<p>FUENTE: MDZonline.<\/p>\n","protected":false},"excerpt":{"rendered":"<p>El espacio naci\u00f3 el a\u00f1o pasado para enfrentar a CM. Hoy tiene 16 legisladores que se est\u00e1n organizando para competir en las pr\u00f3ximas elecciones. \u00bfQu\u00e9 pas\u00f3 con Omar De Marchi y Daniel Orozco? Hace casi un a\u00f1o nac\u00eda&nbsp;La Uni\u00f3n Mendocina, un espacio pol\u00edtico liderado por Omar De Marchi y Daniel Orozco para hacerle frente en [&hellip;]<\/p>\n","protected":false},"author":2,"featured_media":6336,"comment_status":"open","ping_status":"open","sticky":true,"template":"","format":"standard","meta":[],"categories":[1,47],"tags":[],"_links":{"self":[{"href":"https:\/\/pasaenmendoza.com\/index.php?rest_route=\/wp\/v2\/posts\/6335"}],"collection":[{"href":"https:\/\/pasaenmendoza.com\/index.php?rest_route=\/wp\/v2\/posts"}],"about":[{"href":"https:\/\/pasaenmendoza.com\/index.php?rest_route=\/wp\/v2\/types\/post"}],"author":[{"embeddable":true,"href":"https:\/\/pasaenmendoza.com\/index.php?rest_route=\/wp\/v2\/users\/2"}],"replies":[{"embeddable":true,"href":"https:\/\/pasaenmendoza.com\/index.php?rest_route=%2Fwp%2Fv2%2Fcomments&post=6335"}],"version-history":[{"count":1,"href":"https:\/\/pasaenmendoza.com\/index.php?rest_route=\/wp\/v2\/posts\/6335\/revisions"}],"predecessor-version":[{"id":6337,"href":"https:\/\/pasaenmendoza.com\/index.php?rest_route=\/wp\/v2\/posts\/6335\/revisions\/6337"}],"wp:featuredmedia":[{"embeddable":true,"href":"https:\/\/pasaenmendoza.com\/index.php?rest_route=\/wp\/v2\/media\/6336"}],"wp:attachment":[{"href":"https:\/\/pasaenmendoza.com\/index.php?rest_route=%2Fwp%2Fv2%2Fmedia&parent=6335"}],"wp:term":[{"taxonomy":"category","embeddable":true,"href":"https:\/\/pasaenmendoza.com\/index.php?rest_route=%2Fwp%2Fv2%2Fcategories&post=6335"},{"taxonomy":"post_tag","embeddable":true,"href":"https:\/\/pasaenmendoza.com\/index.php?rest_route=%2Fwp%2Fv2%2Ftags&post=6335"}],"curies":[{"name":"wp","href":"https:\/\/api.w.org\/{rel}","templated":true}]}}