{"id":634,"date":"2023-08-11T15:02:55","date_gmt":"2023-08-11T13:02:55","guid":{"rendered":"https:\/\/pasaenmendoza.com\/?p=634"},"modified":"2023-08-11T15:02:56","modified_gmt":"2023-08-11T13:02:56","slug":"procrear-mendoza-hasta-cuando-me-puedo-inscribir","status":"publish","type":"post","link":"https:\/\/pasaenmendoza.com\/?p=634","title":{"rendered":"Procrear Mendoza: hasta cu\u00e1ndo me puedo inscribir"},"content":{"rendered":"\n<p><strong>Procrear<\/strong>\u00a0abri\u00f3 hace algunas semanas una nueva etapa de inscripci\u00f3n para acceder a la compra de\u00a0<strong>departamentos<\/strong>\u00a0y\u00a0<strong>casas\u00a0<\/strong>en distintos complejos desarrollados a lo largo de todo el pa\u00eds. Para aquellos habitantes de Mendoza interesados en este programa del Ministerio de Desarrollo Social, es importante que sepan que est\u00e1n pr\u00f3ximos a cerrar la posibilidad de anotarse.<\/p>\n\n\n\n<p>Desde el Ministerio de Desarrollo Social se inform\u00f3 que aquellos interesados en la\u00a0<strong>inscripci\u00f3n\u00a0<\/strong>del\u00a0<strong>Procrear\u00a0<\/strong>para adquirir uno de los departamentos en los cuatro complejos de\u00a0<strong>Mendoza\u00a0<\/strong>habilitados, tienen tiempo para anotarse hasta el pr\u00f3ximo lunes.<\/p>\n\n\n\n<p>En el caso de&nbsp;<strong>Mendoza<\/strong>, la inscripci\u00f3n del&nbsp;<strong>Procrear&nbsp;<\/strong>es para viviendas en Ciudad de Mendoza, Maip\u00fa, San Rafael y Malarg\u00fce. Son m\u00e1s de 2500 viviendas las que se van a sortear en&nbsp;<strong>Mendoza&nbsp;<\/strong>en esta oportunidad.<\/p>\n\n\n\n<h2 class=\"wp-block-heading\">Procrear en Mendoza: hasta cu\u00e1ndo me puedo inscribir<\/h2>\n\n\n\n<p>Los interesados en el\u00a0<strong>Procrear\u00a0<\/strong>de los complejos ubicados en Mendoza tendr\u00e1n\u00a0<strong>tiempo de inscribirse hasta el lunes 14 a las 23:59<\/strong>.<\/p>\n\n\n\n<p>En esta apertura, el\u00a0<strong>Gobierno Nacional<\/strong>\u00a0habilit\u00f3 departamentos del\u00a0<strong>Procrear e<\/strong>n<strong>\u00a0Mendoza\u00a0<\/strong>para los complejos de\u00a0<strong>Ciudad, Maip\u00fa y San Rafael y Malarg\u00fce.<\/strong><\/p>\n\n\n\n<h2 class=\"wp-block-heading\">Procrear: \u00bfA qu\u00e9 complejos de departamentos de Mendoza puedo acceder?<\/h2>\n\n\n\n<p>En&nbsp;<strong>Mendoza&nbsp;<\/strong>vas a poder acceder a los departamentos de los complejos:<\/p>\n\n\n\n<ul>\n<li>Ciudad<\/li>\n\n\n\n<li>Maip\u00fa<\/li>\n\n\n\n<li>Malarg\u00fce<\/li>\n\n\n\n<li>San Rafael<\/li>\n<\/ul>\n\n\n\n<h2 class=\"wp-block-heading\">Procrear Mendo: \u00bfC\u00f3mo me inscribo?<\/h2>\n\n\n\n<p>Te vas a poder inscribir en la\u00a0p\u00e1gina web del Procrear https:\/\/www.argentina.gob.ar\/habitat\/procrear\/desarrollosurbanisticos#1<\/p>\n\n\n\n<p><strong>Fuente: www.diariouno.com.ar<\/strong><\/p>\n\n\n\n<p><\/p>\n","protected":false},"excerpt":{"rendered":"<p>Procrear\u00a0abri\u00f3 hace algunas semanas una nueva etapa de inscripci\u00f3n para acceder a la compra de\u00a0departamentos\u00a0y\u00a0casas\u00a0en distintos complejos desarrollados a lo largo de todo el pa\u00eds. Para aquellos habitantes de Mendoza interesados en este programa del Ministerio de Desarrollo Social, es importante que sepan que est\u00e1n pr\u00f3ximos a cerrar la posibilidad de anotarse. Desde el Ministerio [&hellip;]<\/p>\n","protected":false},"author":2,"featured_media":635,"comment_status":"open","ping_status":"open","sticky":false,"template":"","format":"standard","meta":[],"categories":[50],"tags":[],"_links":{"self":[{"href":"https:\/\/pasaenmendoza.com\/index.php?rest_route=\/wp\/v2\/posts\/634"}],"collection":[{"href":"https:\/\/pasaenmendoza.com\/index.php?rest_route=\/wp\/v2\/posts"}],"about":[{"href":"https:\/\/pasaenmendoza.com\/index.php?rest_route=\/wp\/v2\/types\/post"}],"author":[{"embeddable":true,"href":"https:\/\/pasaenmendoza.com\/index.php?rest_route=\/wp\/v2\/users\/2"}],"replies":[{"embeddable":true,"href":"https:\/\/pasaenmendoza.com\/index.php?rest_route=%2Fwp%2Fv2%2Fcomments&post=634"}],"version-history":[{"count":3,"href":"https:\/\/pasaenmendoza.com\/index.php?rest_route=\/wp\/v2\/posts\/634\/revisions"}],"predecessor-version":[{"id":638,"href":"https:\/\/pasaenmendoza.com\/index.php?rest_route=\/wp\/v2\/posts\/634\/revisions\/638"}],"wp:featuredmedia":[{"embeddable":true,"href":"https:\/\/pasaenmendoza.com\/index.php?rest_route=\/wp\/v2\/media\/635"}],"wp:attachment":[{"href":"https:\/\/pasaenmendoza.com\/index.php?rest_route=%2Fwp%2Fv2%2Fmedia&parent=634"}],"wp:term":[{"taxonomy":"category","embeddable":true,"href":"https:\/\/pasaenmendoza.com\/index.php?rest_route=%2Fwp%2Fv2%2Fcategories&post=634"},{"taxonomy":"post_tag","embeddable":true,"href":"https:\/\/pasaenmendoza.com\/index.php?rest_route=%2Fwp%2Fv2%2Ftags&post=634"}],"curies":[{"name":"wp","href":"https:\/\/api.w.org\/{rel}","templated":true}]}}