{"id":6341,"date":"2024-03-22T13:38:25","date_gmt":"2024-03-22T12:38:25","guid":{"rendered":"https:\/\/pasaenmendoza.com\/?p=6341"},"modified":"2024-03-22T13:38:26","modified_gmt":"2024-03-22T12:38:26","slug":"allasino-y-stevanato-recorrieron-obras-en-la-zona-que-mas-ha-crecido-de-mendoza","status":"publish","type":"post","link":"https:\/\/pasaenmendoza.com\/?p=6341","title":{"rendered":"Allasino y Stevanato recorrieron obras en la zona que m\u00e1s ha crecido de Mendoza"},"content":{"rendered":"\n<p><strong>Esteban Allasino<\/strong>\u00a0y\u00a0<strong>Mat\u00edas Stevenato<\/strong>, jefes comunales de<strong>\u00a0Luj\u00e1n de Cuyo y Maip\u00fa<\/strong>\u00a0respectivamente, recorrieron prominentes obras que ambos municipios est\u00e1n realizando mancomunadamente. El punto de encuentro fue la intersecci\u00f3n de<strong>\u00a0Vieytes\u00a0<\/strong>y\u00a0<strong>Juan Jos\u00e9 Paso<\/strong>, donde supervisaron los trabajos para urbanizar ese sector. A su vez, ambos mandatarios coincidieron en que se trata de una de las microrregiones m\u00e1s relevantes de la provincia, ya que ambos departamentos mencionados, en los \u00faltimos a\u00f1os, fueron las regiones que\u00a0<strong>m\u00e1s crecieron demogr\u00e1ficamente\u00a0<\/strong>en Mendoza.<\/p>\n\n\n\n<p>Luego, los intendentes junto a sus secretarios de Obras, se dirigieron m\u00e1s al sur por calle Vieytes entre Castro Barros y Bulnes, donde se est\u00e1 colocando una nueva carpeta asf\u00e1ltica, sobre el nuevo colector cloacal y acueducto. Cabe destacar que\u00a0<strong>Allasino\u00a0<\/strong>y\u00a0<strong>Stevanato\u00a0<\/strong>decidieron intervenir el sector en beneficio de los vecinos de la zona, en coordinaci\u00f3n con Vialidad Provincial, donde acordaron tambi\u00e9n la construcci\u00f3n de una ciclov\u00eda en el margen oeste. Tambi\u00e9n definieron la continuaci\u00f3n de las obras de asfalto sobre Vieytes entre Bulnes y Ruta Provincial N\u00b060.\u00a0\u00a0<\/p>\n\n\n\n<p>Con respecto a los trabajos que se est\u00e1n realizando sobre la lateral de Juan Jos\u00e9 Paso, Maip\u00fa ya finaliz\u00f3 su intervenci\u00f3n hasta calle Vieytes. A partir de ese tramo, la Municipalidad de Luj\u00e1n de Cuyo empezar\u00e1 a trabajar hacia el oeste (hasta calle Terrada) con el mismo perfil de obra que estaba realizando la comuna de Stevanato: ciclov\u00eda, calzada, cuneta, cord\u00f3n y banquina.<\/p>\n\n\n\n<p>&#8220;Estamos llevando adelante un compromiso conjunto en la urbanizaci\u00f3n de la microrregi\u00f3n\u00a0<strong>Luj\u00e1n-Maip\u00fa<\/strong>. Vamos a continuar con la excelente tarea que ha realizado la Municipalidad de Maip\u00fa en la calle Juan Jos\u00e9 Paso. Nuestra intervenci\u00f3n ir\u00e1 hasta Terrada&#8221;, asegur\u00f3 el\u00a0<strong>Intendente Esteban Allasino<\/strong>.<\/p>\n\n\n\n<p>Por su parte,\u00a0<strong>Mat\u00edas Stevanato<\/strong>\u00a0sostuvo: &#8220;para nosotros es fundamental apostar a este trabajo en conjunto con Luj\u00e1n, porque queremos potenciar la microrregi\u00f3n y que los vecinos vean los beneficios que generan dos Intendentes trabajando por el bienestar de dos comunas, que son las que m\u00e1s crecieron en Mendoza&#8221;.<\/p>\n\n\n\n<p>FUENTE: Mendozapost.<\/p>\n","protected":false},"excerpt":{"rendered":"<p>Esteban Allasino\u00a0y\u00a0Mat\u00edas Stevenato, jefes comunales de\u00a0Luj\u00e1n de Cuyo y Maip\u00fa\u00a0respectivamente, recorrieron prominentes obras que ambos municipios est\u00e1n realizando mancomunadamente. El punto de encuentro fue la intersecci\u00f3n de\u00a0Vieytes\u00a0y\u00a0Juan Jos\u00e9 Paso, donde supervisaron los trabajos para urbanizar ese sector. A su vez, ambos mandatarios coincidieron en que se trata de una de las microrregiones m\u00e1s relevantes de [&hellip;]<\/p>\n","protected":false},"author":2,"featured_media":6342,"comment_status":"open","ping_status":"open","sticky":true,"template":"","format":"standard","meta":[],"categories":[47],"tags":[],"_links":{"self":[{"href":"https:\/\/pasaenmendoza.com\/index.php?rest_route=\/wp\/v2\/posts\/6341"}],"collection":[{"href":"https:\/\/pasaenmendoza.com\/index.php?rest_route=\/wp\/v2\/posts"}],"about":[{"href":"https:\/\/pasaenmendoza.com\/index.php?rest_route=\/wp\/v2\/types\/post"}],"author":[{"embeddable":true,"href":"https:\/\/pasaenmendoza.com\/index.php?rest_route=\/wp\/v2\/users\/2"}],"replies":[{"embeddable":true,"href":"https:\/\/pasaenmendoza.com\/index.php?rest_route=%2Fwp%2Fv2%2Fcomments&post=6341"}],"version-history":[{"count":1,"href":"https:\/\/pasaenmendoza.com\/index.php?rest_route=\/wp\/v2\/posts\/6341\/revisions"}],"predecessor-version":[{"id":6343,"href":"https:\/\/pasaenmendoza.com\/index.php?rest_route=\/wp\/v2\/posts\/6341\/revisions\/6343"}],"wp:featuredmedia":[{"embeddable":true,"href":"https:\/\/pasaenmendoza.com\/index.php?rest_route=\/wp\/v2\/media\/6342"}],"wp:attachment":[{"href":"https:\/\/pasaenmendoza.com\/index.php?rest_route=%2Fwp%2Fv2%2Fmedia&parent=6341"}],"wp:term":[{"taxonomy":"category","embeddable":true,"href":"https:\/\/pasaenmendoza.com\/index.php?rest_route=%2Fwp%2Fv2%2Fcategories&post=6341"},{"taxonomy":"post_tag","embeddable":true,"href":"https:\/\/pasaenmendoza.com\/index.php?rest_route=%2Fwp%2Fv2%2Ftags&post=6341"}],"curies":[{"name":"wp","href":"https:\/\/api.w.org\/{rel}","templated":true}]}}