{"id":6344,"date":"2024-03-22T13:42:05","date_gmt":"2024-03-22T12:42:05","guid":{"rendered":"https:\/\/pasaenmendoza.com\/?p=6344"},"modified":"2024-03-22T13:42:07","modified_gmt":"2024-03-22T12:42:07","slug":"gabriela-abalos-se-sumo-a-un-pedido-nacional-de-juezas-para-que-milei-proponga-mujeres-en-la-corte","status":"publish","type":"post","link":"https:\/\/pasaenmendoza.com\/?p=6344","title":{"rendered":"Gabriela \u00c1balos se sum\u00f3 a un pedido nacional de juezas para que Milei proponga mujeres en la Corte"},"content":{"rendered":"\n<p>La jueza y profesora constitucionalista, Gabriela \u00c1balos, remarc\u00f3 que al no proponer a una mujer para la Corte Milei vulnera la igualdad de oportunidades<\/p>\n\n\n\n<p>La jueza mendocina y profesora de Derecho Constitucional,\u00a0<strong>Gabriela \u00c1balos<\/strong>, fue una de las primeras\u00a0<strong>reclamar igualdad de oportunidades para las mujeres juezas<\/strong>, cuando se conoci\u00f3 que el presidente\u00a0<strong>Javier Milei decidi\u00f3 proponer a dos jueces para completar la Corte Suprema.<\/strong><\/p>\n\n\n\n<p>De hecho para reemplazar a Elena Highton de Nolasco -quien renunci\u00f3 en 2021- propuso a Ariel Lijo y a Manuel Jos\u00e9 Garc\u00eda Mansilla para el lugar que el actual ministro Juan Carlos Maqueda dejar\u00e1 en diciembre.<\/p>\n\n\n\n<p>\u00c1balos, que es magistrada del Tribunal de Gesti\u00f3n Judicial Asociada en lo Tributario de Mendoza, integra adem\u00e1s el\u00a0<strong>Consejo Ejecutivo de Mujeres Jueces de Argentina,<\/strong>\u00a0que tambi\u00e9n difundi\u00f3 un comunicado en el que se\u00a0<strong>le pide al Presidente que al cumplir con su atribuci\u00f3n de nombrar a magistrados de la Corte Suprema, &#8220;cumpla con los mandatos constitucionales<\/strong>\u00a0argentinos que garantizan la igualdad entre hombres y mujeres&#8221;.<\/p>\n\n\n\n<p>&#8220;Este no es un reclamo s\u00f3lo por el lugar de las mujeres, es un planteo por la igualdad de oportunidades. Hoy se vulnera esa posibilidad a las mujeres, y ma\u00f1ana se olvidar\u00e1n del acceso de las personas con alguna discapacidad o de los adultos mayores y nosotros no podemos quedarnos calladas como si no pasara nada&#8221;, se quej\u00f3 \u00c1balos.<\/p>\n\n\n\n<p>En su planteo, la abogada especializada en Derecho Constitucional, record\u00f3 que esa igualdad de derechos no s\u00f3lo est\u00e1 contemplada en convenciones internacionales a las que Argentina adhiri\u00f3, sino que tambi\u00e9n figura en la reforma de la Constituci\u00f3n de hace ya 30 a\u00f1os.<\/p>\n\n\n\n<h2 class=\"wp-block-heading\">En la historia de Corte Suprema de Justicia hubo 111 hombres y s\u00f3lo 3 mujeres<\/h2>\n\n\n\n<p>Adem\u00e1s en el comunicado de las juezas argentinas, se le recuerda a Milei que en la&nbsp;<strong>Convenci\u00f3n contra toda forma de discriminaci\u00f3n contra la mujer<\/strong>, que tiene jerarqu\u00eda constitucional,&nbsp;<strong>los Estados que adhirieron est\u00e1n obligados a eliminar toda discriminaci\u00f3n en la vida pol\u00edtica y p\u00fablica del pa\u00eds.<\/strong><\/p>\n\n\n\n<p><strong>&#8220;Esa es una gran deuda que hoy existe<\/strong>. En los cargos a los que se accede por concurso hay cierto equilibrio en la cantidad de mujeres y hombres, pero en los que juega la pol\u00edtica esa igualdad no existe. Si no miremos en detalle la historia de la Corte Suprema, en su constituci\u00f3n hubo 111 hombres y s\u00f3lo 3 mujeres. Creo que la cifra habla por s\u00ed sola&#8221;, ejemplific\u00f3 \u00c1balos.<\/p>\n\n\n\n<p><strong>Al planteo, tambi\u00e9n se pleg\u00f3 la vicegobernadora Hebe Casado<\/strong>, quien us\u00f3 su perfil de X para reclamar: &#8220;Por qu\u00e9 habiendo tantas mujeres estudiosas, formadas, con amplia experiencia y curr\u00edculum, s\u00f3lo 3 pudieron acceder a la Corte?<\/p>\n\n\n\n<p>FUENTE: Diariouno.com.ar <\/p>\n","protected":false},"excerpt":{"rendered":"<p>La jueza y profesora constitucionalista, Gabriela \u00c1balos, remarc\u00f3 que al no proponer a una mujer para la Corte Milei vulnera la igualdad de oportunidades La jueza mendocina y profesora de Derecho Constitucional,\u00a0Gabriela \u00c1balos, fue una de las primeras\u00a0reclamar igualdad de oportunidades para las mujeres juezas, cuando se conoci\u00f3 que el presidente\u00a0Javier Milei decidi\u00f3 proponer a [&hellip;]<\/p>\n","protected":false},"author":2,"featured_media":6345,"comment_status":"open","ping_status":"open","sticky":true,"template":"","format":"standard","meta":[],"categories":[47],"tags":[],"_links":{"self":[{"href":"https:\/\/pasaenmendoza.com\/index.php?rest_route=\/wp\/v2\/posts\/6344"}],"collection":[{"href":"https:\/\/pasaenmendoza.com\/index.php?rest_route=\/wp\/v2\/posts"}],"about":[{"href":"https:\/\/pasaenmendoza.com\/index.php?rest_route=\/wp\/v2\/types\/post"}],"author":[{"embeddable":true,"href":"https:\/\/pasaenmendoza.com\/index.php?rest_route=\/wp\/v2\/users\/2"}],"replies":[{"embeddable":true,"href":"https:\/\/pasaenmendoza.com\/index.php?rest_route=%2Fwp%2Fv2%2Fcomments&post=6344"}],"version-history":[{"count":1,"href":"https:\/\/pasaenmendoza.com\/index.php?rest_route=\/wp\/v2\/posts\/6344\/revisions"}],"predecessor-version":[{"id":6346,"href":"https:\/\/pasaenmendoza.com\/index.php?rest_route=\/wp\/v2\/posts\/6344\/revisions\/6346"}],"wp:featuredmedia":[{"embeddable":true,"href":"https:\/\/pasaenmendoza.com\/index.php?rest_route=\/wp\/v2\/media\/6345"}],"wp:attachment":[{"href":"https:\/\/pasaenmendoza.com\/index.php?rest_route=%2Fwp%2Fv2%2Fmedia&parent=6344"}],"wp:term":[{"taxonomy":"category","embeddable":true,"href":"https:\/\/pasaenmendoza.com\/index.php?rest_route=%2Fwp%2Fv2%2Fcategories&post=6344"},{"taxonomy":"post_tag","embeddable":true,"href":"https:\/\/pasaenmendoza.com\/index.php?rest_route=%2Fwp%2Fv2%2Ftags&post=6344"}],"curies":[{"name":"wp","href":"https:\/\/api.w.org\/{rel}","templated":true}]}}