{"id":6347,"date":"2024-03-22T14:33:52","date_gmt":"2024-03-22T13:33:52","guid":{"rendered":"https:\/\/pasaenmendoza.com\/?p=6347"},"modified":"2024-03-22T14:33:53","modified_gmt":"2024-03-22T13:33:53","slug":"se-termino-el-descanso-y-vuelven-los-dias-calidos","status":"publish","type":"post","link":"https:\/\/pasaenmendoza.com\/?p=6347","title":{"rendered":"Se termin\u00f3 el descanso y vuelven los d\u00edas c\u00e1lidos"},"content":{"rendered":"\n<p><strong>Este viernes vuelve el tiempo c\u00e1lido\u00a0<\/strong>aunque\u00a0no tan agobiante en Mendoza, despu\u00e9s de que la llegada del oto\u00f1o se hiciera sentir este jueves. La semana que viene volveremos a tener d\u00edas frescos.<\/p>\n\n\n\n<p>Seg\u00fan el&nbsp;<strong>SMN<\/strong>, en el Gran Mendoza la m\u00e1xima llegar\u00e1 hoy a los<strong>&nbsp;29\u00b0&nbsp;<\/strong>y la humedad relativa del ambiente se mantiene cerca del 60%.<\/p>\n\n\n\n<p>No hay previsiones de precipitaciones y el cielo permanecer\u00e1 algo nublado.<\/p>\n\n\n\n<p>Para ma\u00f1ana s\u00e1bado, el pron\u00f3stico indica tiempo bueno, algo nublado y poco cambo de temperatura. La m\u00e1xima ser\u00e1&nbsp;<strong>tambi\u00e9n de 29\u00b0<\/strong>.<\/p>\n\n\n\n<p>El fin de semana seguir\u00e1 el tiempo c\u00e1lido y r4eci\u00e9n para mediados de la semana pr\u00f3xima se prev\u00e9 que vuelva a descender la temperatura.\u00a0<\/p>\n\n\n\n<p><strong>Fuente: www.mendozapost.com<\/strong><\/p>\n","protected":false},"excerpt":{"rendered":"<p>Este viernes vuelve el tiempo c\u00e1lido\u00a0aunque\u00a0no tan agobiante en Mendoza, despu\u00e9s de que la llegada del oto\u00f1o se hiciera sentir este jueves. La semana que viene volveremos a tener d\u00edas frescos. Seg\u00fan el&nbsp;SMN, en el Gran Mendoza la m\u00e1xima llegar\u00e1 hoy a los&nbsp;29\u00b0&nbsp;y la humedad relativa del ambiente se mantiene cerca del 60%. No hay [&hellip;]<\/p>\n","protected":false},"author":2,"featured_media":6348,"comment_status":"open","ping_status":"open","sticky":false,"template":"","format":"standard","meta":[],"categories":[52],"tags":[],"_links":{"self":[{"href":"https:\/\/pasaenmendoza.com\/index.php?rest_route=\/wp\/v2\/posts\/6347"}],"collection":[{"href":"https:\/\/pasaenmendoza.com\/index.php?rest_route=\/wp\/v2\/posts"}],"about":[{"href":"https:\/\/pasaenmendoza.com\/index.php?rest_route=\/wp\/v2\/types\/post"}],"author":[{"embeddable":true,"href":"https:\/\/pasaenmendoza.com\/index.php?rest_route=\/wp\/v2\/users\/2"}],"replies":[{"embeddable":true,"href":"https:\/\/pasaenmendoza.com\/index.php?rest_route=%2Fwp%2Fv2%2Fcomments&post=6347"}],"version-history":[{"count":1,"href":"https:\/\/pasaenmendoza.com\/index.php?rest_route=\/wp\/v2\/posts\/6347\/revisions"}],"predecessor-version":[{"id":6349,"href":"https:\/\/pasaenmendoza.com\/index.php?rest_route=\/wp\/v2\/posts\/6347\/revisions\/6349"}],"wp:featuredmedia":[{"embeddable":true,"href":"https:\/\/pasaenmendoza.com\/index.php?rest_route=\/wp\/v2\/media\/6348"}],"wp:attachment":[{"href":"https:\/\/pasaenmendoza.com\/index.php?rest_route=%2Fwp%2Fv2%2Fmedia&parent=6347"}],"wp:term":[{"taxonomy":"category","embeddable":true,"href":"https:\/\/pasaenmendoza.com\/index.php?rest_route=%2Fwp%2Fv2%2Fcategories&post=6347"},{"taxonomy":"post_tag","embeddable":true,"href":"https:\/\/pasaenmendoza.com\/index.php?rest_route=%2Fwp%2Fv2%2Ftags&post=6347"}],"curies":[{"name":"wp","href":"https:\/\/api.w.org\/{rel}","templated":true}]}}