{"id":6350,"date":"2024-03-22T14:37:47","date_gmt":"2024-03-22T13:37:47","guid":{"rendered":"https:\/\/pasaenmendoza.com\/?p=6350"},"modified":"2024-03-22T14:37:48","modified_gmt":"2024-03-22T13:37:48","slug":"camara-testigo-feroz-incendio-en-una-vivienda-de-guaymallen","status":"publish","type":"post","link":"https:\/\/pasaenmendoza.com\/?p=6350","title":{"rendered":"C\u00e1mara testigo: feroz incendio en una vivienda de Guaymall\u00e9n"},"content":{"rendered":"\n<p>Un&nbsp;<strong>feroz incendio<\/strong>&nbsp;se registr\u00f3 durante la ma\u00f1ana de este viernes en una vivienda ubicada en Pedro Molina y F\u00e9lix Su\u00e1rez de Guaymall\u00e9n.<\/p>\n\n\n\n<p>De acuerdo con el primer reporte dado a conocer por Bomberos Voluntarios del departamento, las p\u00e9rdidas fueron totales y se est\u00e1 trabajando para contener y frenar el avance de las llamas.<\/p>\n\n\n\n<p>Seg\u00fan la informaci\u00f3n proporcionada, en la casa&nbsp;<mark>viv\u00edan cuatro personas, dos adultos y dos menores.<\/mark><\/p>\n\n\n\n<p>Si bien\u00a0<mark>no hubo heridos ni v\u00edctimas fatales<\/mark>, s\u00ed una persona tuvo un ataque de nervios, por lo que fue asistida por personal del Servicio de Emergencias Coordinado (SEC).<\/p>\n\n\n\n<p>Por el momento, se desconocen las causas del siniestro, pero<mark>\u00a0los primeros indicios dan cuenta que la familia ten\u00eda una conexi\u00f3n el\u00e9ctrica ilega<\/mark>l, por lo que ese ser\u00eda el m\u00f3vil de la investigaci\u00f3n.<\/p>\n\n\n\n<p><strong>Fuente: www.elsol.com.ar<\/strong><\/p>\n","protected":false},"excerpt":{"rendered":"<p>Un&nbsp;feroz incendio&nbsp;se registr\u00f3 durante la ma\u00f1ana de este viernes en una vivienda ubicada en Pedro Molina y F\u00e9lix Su\u00e1rez de Guaymall\u00e9n. De acuerdo con el primer reporte dado a conocer por Bomberos Voluntarios del departamento, las p\u00e9rdidas fueron totales y se est\u00e1 trabajando para contener y frenar el avance de las llamas. Seg\u00fan la informaci\u00f3n [&hellip;]<\/p>\n","protected":false},"author":2,"featured_media":6351,"comment_status":"open","ping_status":"open","sticky":false,"template":"","format":"standard","meta":[],"categories":[48],"tags":[],"_links":{"self":[{"href":"https:\/\/pasaenmendoza.com\/index.php?rest_route=\/wp\/v2\/posts\/6350"}],"collection":[{"href":"https:\/\/pasaenmendoza.com\/index.php?rest_route=\/wp\/v2\/posts"}],"about":[{"href":"https:\/\/pasaenmendoza.com\/index.php?rest_route=\/wp\/v2\/types\/post"}],"author":[{"embeddable":true,"href":"https:\/\/pasaenmendoza.com\/index.php?rest_route=\/wp\/v2\/users\/2"}],"replies":[{"embeddable":true,"href":"https:\/\/pasaenmendoza.com\/index.php?rest_route=%2Fwp%2Fv2%2Fcomments&post=6350"}],"version-history":[{"count":1,"href":"https:\/\/pasaenmendoza.com\/index.php?rest_route=\/wp\/v2\/posts\/6350\/revisions"}],"predecessor-version":[{"id":6352,"href":"https:\/\/pasaenmendoza.com\/index.php?rest_route=\/wp\/v2\/posts\/6350\/revisions\/6352"}],"wp:featuredmedia":[{"embeddable":true,"href":"https:\/\/pasaenmendoza.com\/index.php?rest_route=\/wp\/v2\/media\/6351"}],"wp:attachment":[{"href":"https:\/\/pasaenmendoza.com\/index.php?rest_route=%2Fwp%2Fv2%2Fmedia&parent=6350"}],"wp:term":[{"taxonomy":"category","embeddable":true,"href":"https:\/\/pasaenmendoza.com\/index.php?rest_route=%2Fwp%2Fv2%2Fcategories&post=6350"},{"taxonomy":"post_tag","embeddable":true,"href":"https:\/\/pasaenmendoza.com\/index.php?rest_route=%2Fwp%2Fv2%2Ftags&post=6350"}],"curies":[{"name":"wp","href":"https:\/\/api.w.org\/{rel}","templated":true}]}}