{"id":6356,"date":"2024-03-22T14:53:50","date_gmt":"2024-03-22T13:53:50","guid":{"rendered":"https:\/\/pasaenmendoza.com\/?p=6356"},"modified":"2024-03-22T14:53:51","modified_gmt":"2024-03-22T13:53:51","slug":"violencia-narco-atraparon-a-mas-miembros-de-una-de-las-bandas-del-oeste-de-godoy-cruz","status":"publish","type":"post","link":"https:\/\/pasaenmendoza.com\/?p=6356","title":{"rendered":"Violencia narco: atraparon a m\u00e1s miembros de una de las bandas del oeste de Godoy Cruz"},"content":{"rendered":"\n<p>Otro golpe directo a la\u00a0<strong>organizaci\u00f3n narco<\/strong>\u00a0que lideraban\u00a0<strong>Alan\u00a0<em>Farolito<\/em>\u00a0Campos Forquera (21)<\/strong>\u00a0y\u00a0<strong>Miguel \u00c1ngel Valdivia\u00a0<\/strong>(24),\u00a0conocido como el\u00a0<em><strong>Pollo<\/strong>\u00a0<\/em>y acribillado de nueve balazos la tarde del 6 de marzo en la gomer\u00eda de sus abuelos sobre calle Salvador Civit de Godoy Cruz. Este jueves por la ma\u00f1ana, efectivos de la\u00a0<strong>Polic\u00eda contra el Narcotr\u00e1fico (PCN)<\/strong>\u00a0desarrollaron una\u00a0nueva serie de allanamientos luego del megaoperativo\u00a0del martes 12 en el asentamiento\u00a0<mark>Campo Papa y capturaron a tres sospechosos m\u00e1s de integrar esa banda.<\/mark><\/p>\n\n\n\n<p>Las medidas fueron en\u00a0<strong>medio de la guerra entre diversas organizaciones criminales\u00a0<\/strong>por el control de la venta de drogas y una investigaci\u00f3n federal que lidera el juez Marcelo Garnica,\u00a0<mark>que ten\u00edan al citado\u00a0<em>Farolito\u00a0<\/em>y al\u00a0<em>Pollo\u00a0<\/em>como los m\u00e1ximos exponentes de la comercializaci\u00f3n de estupefacientes en la zona<\/mark>\u00a0y buscaban sumar m\u00e1s integrantes para que respondan por los delitos que les endilgan.<\/p>\n\n\n\n<p>Debido a esto, un hermano del&nbsp;<em>Farolito<\/em>,&nbsp;<strong>Paul Campos Forquera<\/strong>, su cu\u00f1ado,&nbsp;<strong>Facundo Ezequiel Valdez&nbsp;<\/strong>(nacido el 4 de mayo del 2001)&nbsp;y una t\u00eda del&nbsp;<em>Pollo<\/em>,&nbsp;<strong>Eliana&nbsp;<em>Chiqui&nbsp;<\/em>Valdivia,&nbsp;<\/strong>quedaron comprometidos con la investigaci\u00f3n.&nbsp;<mark>Hubo secuestros de m\u00e1s de cuatro millones de pesos (la mayor\u00eda en billetes de 100), dos tel\u00e9fonos celulares marcha Iphone, coca\u00edna en dosis (64 gramos) y elementos de corte y fraccionamiento.<\/mark><\/p>\n\n\n\n<p>Adem\u00e1s,\u00a0<mark>se sum\u00f3 como imputado en la instrucci\u00f3n\u00a0<strong>Mariano Valdivia<\/strong>, hermano m\u00e1s chico del joven asesinado<\/mark>, quien tambi\u00e9n hab\u00eda sido sorprendido con coca\u00edna y dinero en efectivo el\u00a0<strong>martes 30 de enero\u00a0<\/strong>y ser\u00e1 incluido en la lista de integrantes de la banda.<\/p>\n\n\n\n<p>La informaci\u00f3n a la que accedi\u00f3&nbsp;<em><strong>El Sol&nbsp;<\/strong><\/em>sostiene que Valdez hab\u00eda quedado en la mira de los polic\u00edas cuando se desarrollaron los 50 allanamientos la semana pasada en los barrios del oeste godoicruce\u00f1o.&nbsp;<strong>Este joven, en pareja con una hermana del&nbsp;<\/strong><em><strong>Farolito<\/strong><\/em>,&nbsp;<strong>se movilizaba en un VW Fox negro<\/strong>&nbsp;y era marcado como un hombre que llevaba estupefacientes para el narcomenudeo de un barrio a otro.<\/p>\n\n\n\n<p>De los trabajos de seguimiento se desprende que\u00a0<strong>Valdez se mov\u00eda entre el Campo Papa<\/strong>\u00a0y tambi\u00e9n el 4 de Julio. Este mi\u00e9rcoles, allanaron la propiedad que ten\u00eda o sab\u00eda utilizar en el asentamiento y tambi\u00e9n en el domicilio que habitaba con su pareja, en la manzana D del otro complejo. Le cortaron el paso al rodado y avanzaron con la requisa.<\/p>\n\n\n\n<p><strong>Secuestraron 4.437.900 pesos. La mayor cantidad de dinero se encontraba en el veh\u00edculo, al igual que las sustancias.<\/strong><\/p>\n\n\n\n<p>Valdez qued\u00f3 detenido e incomunicado y fue derivado a la U-32, el centro de detenci\u00f3n federal, a la espera de ser notificado de los cargos en su contra.<\/p>\n\n\n\n<p>Tambi\u00e9n hubo otras medidas en el barrio Los Barrancos y en calle V\u00e9lez S\u00e1rsfield. En el primer complejo atraparon al hermano del\u00a0<em><strong>Farolito,\u00a0<\/strong><\/em><strong>Paul Alfredo Campos Forquera<\/strong>. Este joven tambi\u00e9n es sospechoso de la comercializaci\u00f3n de drogas y ten\u00eda el rol del manejo del dinero.\u00a0<mark>En el domicilio tambi\u00e9n secuestraron plantas de marihuana.<\/mark><\/p>\n\n\n\n<p>Por su parte, para cerrar esta tanta de sospechosos, fue atrapada&nbsp;<strong>Eliana Valdivia<\/strong>, t\u00eda del&nbsp;<em><strong>Pollo<\/strong><\/em>.&nbsp;<strong>Conocida como&nbsp;<em>Chiqui&nbsp;<\/em><\/strong>y marcada den diversas pesquisas como la mujer que acopiaba drogas y ten\u00eda relaci\u00f3n directa con su sobrino para estas actividades ilegales, fue detenida en una vivienda del Campo Papa.<\/p>\n\n\n\n<p>Los allanamientos se desarrollaron para continuar con las investigaciones que iniciaron luego de la fuerte crecida que tuvo la guerra de bandas del Campo Papa entre noviembre y marzo de este a\u00f1o.<\/p>\n\n\n\n<p>Hubo tiroteos diarios y personas heridas. Tambi\u00e9n se registraron -al menos-,&nbsp;<strong>cuatro asesinatos<\/strong>. Algunas de las v\u00edctimas fatales, como&nbsp;<strong>Isabel Morales&nbsp;<\/strong>(63), quedaron en medio de tiroteos entre los grupos delictivos y muri\u00f3 al recibir un proyectil.<\/p>\n\n\n\n<p>Cuando los enfrentamientos eran cada vez m\u00e1s frecuentes&nbsp;<mark>\u2013los investigadores sostienen que hay entre cuatro y cinco organizaciones que buscan ganar su territorio en diversos sectores del Campo Papa-<\/mark>, se ordenaron allanamientos masivos en el sector.<\/p>\n\n\n\n<p>\u00a0Tanto el juez federal Garnica, como el fiscal de Homicidios\u00a0<strong>Gustavo Pirrello<\/strong>\u00a0autorizaron 50 procedimientos el Campo Papa y alrededores y<strong>\u00a0hubo secuestros de armas, drogas y detenidos por hechos de sangre.<\/strong><\/p>\n\n\n\n<p><strong>Fuente: www.elsol.com.ar<\/strong><\/p>\n","protected":false},"excerpt":{"rendered":"<p>Otro golpe directo a la\u00a0organizaci\u00f3n narco\u00a0que lideraban\u00a0Alan\u00a0Farolito\u00a0Campos Forquera (21)\u00a0y\u00a0Miguel \u00c1ngel Valdivia\u00a0(24),\u00a0conocido como el\u00a0Pollo\u00a0y acribillado de nueve balazos la tarde del 6 de marzo en la gomer\u00eda de sus abuelos sobre calle Salvador Civit de Godoy Cruz. Este jueves por la ma\u00f1ana, efectivos de la\u00a0Polic\u00eda contra el Narcotr\u00e1fico (PCN)\u00a0desarrollaron una\u00a0nueva serie de allanamientos luego del megaoperativo\u00a0del [&hellip;]<\/p>\n","protected":false},"author":2,"featured_media":6357,"comment_status":"open","ping_status":"open","sticky":false,"template":"","format":"standard","meta":[],"categories":[48],"tags":[],"_links":{"self":[{"href":"https:\/\/pasaenmendoza.com\/index.php?rest_route=\/wp\/v2\/posts\/6356"}],"collection":[{"href":"https:\/\/pasaenmendoza.com\/index.php?rest_route=\/wp\/v2\/posts"}],"about":[{"href":"https:\/\/pasaenmendoza.com\/index.php?rest_route=\/wp\/v2\/types\/post"}],"author":[{"embeddable":true,"href":"https:\/\/pasaenmendoza.com\/index.php?rest_route=\/wp\/v2\/users\/2"}],"replies":[{"embeddable":true,"href":"https:\/\/pasaenmendoza.com\/index.php?rest_route=%2Fwp%2Fv2%2Fcomments&post=6356"}],"version-history":[{"count":1,"href":"https:\/\/pasaenmendoza.com\/index.php?rest_route=\/wp\/v2\/posts\/6356\/revisions"}],"predecessor-version":[{"id":6358,"href":"https:\/\/pasaenmendoza.com\/index.php?rest_route=\/wp\/v2\/posts\/6356\/revisions\/6358"}],"wp:featuredmedia":[{"embeddable":true,"href":"https:\/\/pasaenmendoza.com\/index.php?rest_route=\/wp\/v2\/media\/6357"}],"wp:attachment":[{"href":"https:\/\/pasaenmendoza.com\/index.php?rest_route=%2Fwp%2Fv2%2Fmedia&parent=6356"}],"wp:term":[{"taxonomy":"category","embeddable":true,"href":"https:\/\/pasaenmendoza.com\/index.php?rest_route=%2Fwp%2Fv2%2Fcategories&post=6356"},{"taxonomy":"post_tag","embeddable":true,"href":"https:\/\/pasaenmendoza.com\/index.php?rest_route=%2Fwp%2Fv2%2Ftags&post=6356"}],"curies":[{"name":"wp","href":"https:\/\/api.w.org\/{rel}","templated":true}]}}