{"id":6369,"date":"2024-03-22T22:43:43","date_gmt":"2024-03-22T21:43:43","guid":{"rendered":"https:\/\/pasaenmendoza.com\/?p=6369"},"modified":"2024-03-22T22:43:44","modified_gmt":"2024-03-22T21:43:44","slug":"repartidores-de-pedidos-ya-pararan-este-sabado-en-mendoza","status":"publish","type":"post","link":"https:\/\/pasaenmendoza.com\/?p=6369","title":{"rendered":"Repartidores de Pedidos Ya parar\u00e1n este s\u00e1bado en Mendoza"},"content":{"rendered":"\n<p><strong>Repartidores de Pedidos Ya<\/strong>&nbsp;realizar\u00e1n un paro nacional este&nbsp;<strong>s\u00e1bado<\/strong>, de 20 a 00. Los trabajadores piden \u201c<em>aumentos que acompa\u00f1en la inflaci\u00f3n de forma mensual<\/em>\u201d y la apertura de canales de di\u00e1logo. El servicio podr\u00eda verse afectado.<\/p>\n\n\n\n<p>La medida se llevar\u00e1 a cabo en distintos puntos del pa\u00eds y en el caso de&nbsp;<strong>Mendoza<\/strong>,&nbsp;<mark>har\u00e1n un caravanazo desde Acceso Sur y Lamadrid hacia los Caballitos de Marly en el Parque General San Mart\u00edn.<\/mark><\/p>\n\n\n\n<p>Entre los reclamos, solicitan subas de ingresos seg\u00fan la inflaci\u00f3n, claridad en los pagos, fin de los pedidos m\u00faltiples y de las sanciones y cierres de cuentas.<\/p>\n\n\n\n<p>Adem\u00e1s, se pidi\u00f3 abrir una mesa de di\u00e1logo para resolver problemas.<\/p>\n\n\n\n<p><strong>Fuente: www.elsol.com.ar<\/strong><\/p>\n","protected":false},"excerpt":{"rendered":"<p>Repartidores de Pedidos Ya&nbsp;realizar\u00e1n un paro nacional este&nbsp;s\u00e1bado, de 20 a 00. Los trabajadores piden \u201caumentos que acompa\u00f1en la inflaci\u00f3n de forma mensual\u201d y la apertura de canales de di\u00e1logo. El servicio podr\u00eda verse afectado. La medida se llevar\u00e1 a cabo en distintos puntos del pa\u00eds y en el caso de&nbsp;Mendoza,&nbsp;har\u00e1n un caravanazo desde Acceso [&hellip;]<\/p>\n","protected":false},"author":2,"featured_media":6370,"comment_status":"open","ping_status":"open","sticky":false,"template":"","format":"standard","meta":[],"categories":[50],"tags":[],"_links":{"self":[{"href":"https:\/\/pasaenmendoza.com\/index.php?rest_route=\/wp\/v2\/posts\/6369"}],"collection":[{"href":"https:\/\/pasaenmendoza.com\/index.php?rest_route=\/wp\/v2\/posts"}],"about":[{"href":"https:\/\/pasaenmendoza.com\/index.php?rest_route=\/wp\/v2\/types\/post"}],"author":[{"embeddable":true,"href":"https:\/\/pasaenmendoza.com\/index.php?rest_route=\/wp\/v2\/users\/2"}],"replies":[{"embeddable":true,"href":"https:\/\/pasaenmendoza.com\/index.php?rest_route=%2Fwp%2Fv2%2Fcomments&post=6369"}],"version-history":[{"count":1,"href":"https:\/\/pasaenmendoza.com\/index.php?rest_route=\/wp\/v2\/posts\/6369\/revisions"}],"predecessor-version":[{"id":6371,"href":"https:\/\/pasaenmendoza.com\/index.php?rest_route=\/wp\/v2\/posts\/6369\/revisions\/6371"}],"wp:featuredmedia":[{"embeddable":true,"href":"https:\/\/pasaenmendoza.com\/index.php?rest_route=\/wp\/v2\/media\/6370"}],"wp:attachment":[{"href":"https:\/\/pasaenmendoza.com\/index.php?rest_route=%2Fwp%2Fv2%2Fmedia&parent=6369"}],"wp:term":[{"taxonomy":"category","embeddable":true,"href":"https:\/\/pasaenmendoza.com\/index.php?rest_route=%2Fwp%2Fv2%2Fcategories&post=6369"},{"taxonomy":"post_tag","embeddable":true,"href":"https:\/\/pasaenmendoza.com\/index.php?rest_route=%2Fwp%2Fv2%2Ftags&post=6369"}],"curies":[{"name":"wp","href":"https:\/\/api.w.org\/{rel}","templated":true}]}}