{"id":6378,"date":"2024-03-25T12:34:49","date_gmt":"2024-03-25T11:34:49","guid":{"rendered":"https:\/\/pasaenmendoza.com\/?p=6378"},"modified":"2024-03-25T12:34:50","modified_gmt":"2024-03-25T11:34:50","slug":"cornejo-reformas-reclamos-y-por-que-no-hay-razones-para-oponerse-a-la-mineria","status":"publish","type":"post","link":"https:\/\/pasaenmendoza.com\/?p=6378","title":{"rendered":"Cornejo: reformas, reclamos y por qu\u00e9 &#8220;no hay razones para oponerse a la miner\u00eda&#8221;"},"content":{"rendered":"\n<p>Han pasado poco m\u00e1s de<strong>\u00a0100 d\u00edas<\/strong>\u00a0de la segunda gesti\u00f3n de\u00a0Alfredo Cornejo, el \u00fanico mendocino que ha repetido en el Sill\u00f3n de San Mart\u00edn desde el retorno de la democracia. &#8220;<strong>Este proceso es m\u00e1s recesivo que el anterior, pero hered\u00e9 un Estado provincial m\u00e1s ordenado<\/strong>&#8220;, analiz\u00f3 el gobernador durante una entrevista con el\u00a0<em><strong>Post<\/strong><\/em>, en su oficina del cuarto piso de Casa de Gobierno, que mantiene la misma decoraci\u00f3n que su predecesor Rodolfo Suarez.<\/p>\n\n\n\n<p>Al igual que Suarez, ni bien arranc\u00f3 el gobierno, Cornejo no dud\u00f3 en pisar el acelerador en materia de&nbsp;<strong>miner\u00eda<\/strong>, tomando algunos recaudos para no correr la misma suerte: b\u00e1sicamente, no modificar la&nbsp;<strong>Ley 7722<\/strong>, idea que ratific\u00f3 para explotar la mayor cantidad posible de yacimientos de cobre. &#8220;Actualmente,&nbsp;<strong>el 80% del cobre del mundo se est\u00e1 sacando por flotaci\u00f3n<\/strong>, y con ese m\u00e9todo no se usa \u00e1cido sulf\u00farico ni&nbsp;<strong>ninguna sustancia prohibida en la 7722<\/strong>&#8220;, indic\u00f3. Adem\u00e1s,&nbsp;<strong>pidi\u00f3 a los bodegueros-lobistas que no tengan miedo a la &#8220;convivencia del vino con la miner\u00eda&#8221;<\/strong>, relaci\u00f3n arm\u00f3nica del otro lado de la cordillera.<\/p>\n\n\n\n<p>Por otra parte, el gobernador se refiri\u00f3 al episodio del\u00a0<strong>reclamo de un grupo de polic\u00edas<\/strong>, al que Cornejo le dio cierta entidad respondi\u00e9ndoles p\u00fablicamente. &#8220;<strong>Con la excusa del salario<\/strong>, que se ha ca\u00eddo como se ha ca\u00eddo el salario del docente y del empleado de comercio,<strong>\u00a0aprovechan cualquier cosa para intentar trabajar con l\u00f3gicas sindicales<\/strong>, y los polic\u00edas no pueden sindicalizarse&#8221;, repiti\u00f3 Cornejo, que por estas horas analiza, con un grupo de diputados, la posibilidad de modificar la Ley 6722, que establece el<strong>\u00a0reglamento de la Polic\u00eda<\/strong>, e incluir lo dispuesto en en el protocolo de fuerzas federales que anunci\u00f3 Patricia Bullrich la semana pasada, d\u00e1ndoles m\u00e1s<strong>\u00a0&#8220;protecci\u00f3n&#8221; a los efectivos de seguridad<\/strong>.<\/p>\n\n\n\n<p>Durante el mano a mano, el gobernador Cornejo tambi\u00e9n se refiri\u00f3 a la reforma de salud y\u00a0<strong>se quej\u00f3<\/strong>\u00a0porque, pese a la inversi\u00f3n en infraestructura,\u00a0<strong>los quir\u00f3fanos no funcionan a la tarde<\/strong>. La relaci\u00f3n con el gobierno nacional, al que considera &#8220;raro, muy raro&#8221;; la interna en la UCR y un mensaje para\u00a0Mart\u00edn Lousteau; qu\u00e9 tanta importancia le da a las disputas en el PRO en Mendoza; las diferencias entre\u00a0Javier Milei\u00a0y\u00a0Victoria Villarruel; qu\u00e9 har\u00e1 finalmente con los 1.023 millones de d\u00f3lares de Portezuelo; y m\u00e1s.<\/p>\n\n\n\n<p><strong>-\u00bfFueron m\u00e1s dif\u00edciles los primeros 100 d\u00edas de esta gesti\u00f3n o de la anterior?<\/strong><\/p>\n\n\n\n<p>-No me han tocado \u00e9pocas buenas. Lamentablemente los balances de los gobernadores tienen mucho que ver con la macroeconom\u00eda. La macroeconom\u00eda nacional influye m\u00e1s sobre las administraciones provinciales de lo que uno piensa, pero en las dos me ha tocado recesi\u00f3n. Entonces, ninguno de los dos arranques fueron buenos. Este es m\u00e1s recesivo que el anterior. La ventaja que tengo en este, a diferencia del 2015, es que hered\u00e9 un Estado provincial m\u00e1s ordenado. En los tres primeros meses de 2015-2016, era un desorden: retraso en los proveedores y en el pago de salarios, cosas elementales que no estaban cumplidas. Ac\u00e1 esa herencia ha sido positiva.<\/p>\n\n\n\n<p><strong>-En estos primeros 100 d\u00edas ha hecho propuestas de reformas profundas, como salud y miner\u00eda.<\/strong><\/p>\n\n\n\n<p>-Son temas que dijimos en la campa\u00f1a. En el caso de la salud, es una competencia bastante provincial, de las m\u00e1s sustantivas, pero la macroeconom\u00eda influye much\u00edsimo: el precio de los medicamentos, las anestesias, los insumos m\u00e9dicos en general, la distorsi\u00f3n que hay con los honorarios de los de los m\u00e9dicos que se van a Chile y cobran cuatro veces m\u00e1s, son todas cosas vinculadas a la macro. Ahora bien: el sistema de salud provincial requiere eliminar un mont\u00f3n de distorsiones, en las regulaci\u00f3n de los temas m\u00e9dicos, en los est\u00edmulos a los m\u00e9dicos, en el cobro a las obras sociales cuyos afiliados se atienden en hospitales. Eso hab\u00eda que modificarlo y lo estamos haciendo.\u00a0 Queremos que las historias cl\u00ednicas de cada uno de los mendocinos que se atienden en la red p\u00fablica est\u00e9n unificadas, de manera tal de poder hacer una trazabilidad. Queremos optimizar nuestros quir\u00f3fanos y que, adem\u00e1s de la ma\u00f1ana, atiendan a la tarde. Necesitamos muchas modificaciones al respecto.<\/p>\n\n\n\n<p><strong>-\u00bfY la apuesta por el desarrollo de la miner\u00eda?<\/strong><\/p>\n\n\n\n<p>-En el tema miner\u00eda, el promedio salarial de la miner\u00eda y del petr\u00f3leo est\u00e1 por encima de las otras actividades econ\u00f3micas. Si nosotros queremos influir sobre la econom\u00eda, necesitamos agregar actividades que tengan salarios m\u00e1s altos para mejorar nuestro consumo y nuestra circulaci\u00f3n interna. Hacer miner\u00eda y petr\u00f3leo depende mucho de la macro tambi\u00e9n, pero nosotros en Mendoza nos hab\u00edamos puesto restricciones, siendo muy dependientes de YPF en el petr\u00f3leo, por ejemplo. Ahora estamos revirtiendo todas las zonas y las \u00e1reas en las que ellos ya no invierten, hace rato que no invierten all\u00ed. Se las vamos a sacar y se las vamos a dar a otras empresas m\u00e1s chicas, pero que quieren hacer el petr\u00f3leo convencional. YPF se ha dedicado a Vaca Muerta en&nbsp; Neuqu\u00e9n y ha abandonado buena parte de la Cuenca Neuquina y la Cuenca Cuyana. Ah\u00ed estamos renegociando y queremos que se explote lo que queda de petr\u00f3leo. Y en miner\u00eda, sin tocar la Ley 7722, queremos aprovechar la oportunidad que nos da el cobre. Tenemos mucho cobre y el cobre es muy \u00fatil para el ambiente porque es el mineral que permite la transici\u00f3n energ\u00e9tica. Hay mucho cobre en Mendoza y en Malarg\u00fce adem\u00e1s hay licencia social para hacer miner\u00eda. Tambi\u00e9n modificamos el C\u00f3digo Procesal Minero y aspiramos a que el mi\u00e9rcoles tenga media sanci\u00f3n y que agilice los tr\u00e1mites de la miner\u00eda.<\/p>\n\n\n\n<p><strong>-A\u00f1os atr\u00e1s, con la Ley 7722 vigente, cada vez que se votaba una exploraci\u00f3n en la Legislatura hab\u00eda marchas, protestas, cortes de ruta&#8230; Y ahora no. Recientemente se aprobaron exploraciones y nadie se quej\u00f3. \u00bfPor qu\u00e9?<\/strong><\/p>\n\n\n\n<p>-Hay resistencia, alguna razonable, porque se le tiene miedo a la contaminaci\u00f3n y se sospecha de los controles, pero la verdad es que se puede hacer miner\u00eda sustentable y extraer cobre sin da\u00f1o ambiental y con escasa agua. Esto se puede hacer con la 7722 gracias a los mecanismos y la tecnolog\u00eda que hay. Actualmente, el 80% del cobre del mundo se est\u00e1 sacando por flotaci\u00f3n, y con ese m\u00e9todo no se usa \u00e1cido sulf\u00farico ni ninguna sustancia prohibida en la 7722. Por eso creo que no hay, racionalmente, razones para oponerse a la miner\u00eda en Mendoza. Puede haber sospechas, pero para eso est\u00e1 el nuevo C\u00f3digo Procesal Minero. Hay que dotar a la Polic\u00eda Ambiental con tecnolog\u00eda adecuada y todo est\u00e1 abierto para que en la sociedad pueda controlar ese proceso. Si queremos eliminar los combustibles f\u00f3siles, que son los que han complicado el clima en el mundo, necesitamos conseguir energ\u00edas limpias. Y si queremos ir a energ\u00edas limpias, tenemos que mejorar la transmisi\u00f3n y el almacenamiento de esas energ\u00edas. Y para la transmisi\u00f3n y el almacenamiento de esa energ\u00eda, se necesitan minerales como el cobre y el litio. Y esos minerales los tiene Argentina.<\/p>\n\n\n\n<p><strong>-\u00bfEs v\u00e1lido que otros sectores se manifiesten sobre miner\u00eda y digan c\u00f3mo se tiene que hacer? Por ejemplo, en el almuerzo de Bodegas de Argentina, Walter Bressia dijo que la miner\u00eda deb\u00eda desarrollarse lejos de ellos, de la vitivinicultura.<\/strong><\/p>\n\n\n\n<p>-Yo creo que Walter es un gran empresario. Es una pyme familiar que hace unos enormes vinos, muy buenos, de muy buena calidad, pero Walter ni nadie tiene que tenerle miedo a la convivencia. Los chilenos, al otro lado de la cordillera, a escasos kil\u00f3metros de aqu\u00ed, producen vinos blancos de muy buena calidad, unos de los mejores del mundo, en valles donde hay miner\u00eda. M\u00e1s arriba en la monta\u00f1a hacen miner\u00eda y m\u00e1s abajo hacen vitivinicultura. As\u00ed, exportan mucho m\u00e1s vino que nosotros y much\u00edsimo m\u00e1s minerales de los que exporta la Argentina. De hecho, hoy se necesita mucho el cobre y la Argentina no produce ni un gramo de cobre, siendo que tenemos tanto o m\u00e1s cobre que Chile.<\/p>\n\n\n\n<p><strong>-En estos primeros 100 d\u00edas de gesti\u00f3n, se empez\u00f3 a difundir un presunto malestar policial, a lo que usted en su momento le dio entidad, diciendo que los que quer\u00edan sindicalizarse deb\u00edan entregar las armas. \u00bfQu\u00e9 pas\u00f3 realmente y cu\u00e1l es el estado de situaci\u00f3n hoy?<\/strong><\/p>\n\n\n\n<p>-Yo creo que la Polic\u00eda tiene una gran mayor\u00eda muy profesional. El otro d\u00eda qued\u00f3 demostramos en los 463 allanamientos que se hicieron en el Campo Pappa. La propia justicia se qued\u00f3 sorprendida por el trabajo de la Polic\u00eda. Pero como en cualquier profesi\u00f3n, tiene un grupito peque\u00f1o que quiere vivir m\u00e1s del relato y del chisme en las redes sociales, que del ejercicio de la profesi\u00f3n. Entonces, con la excusa del salario, que se ha ca\u00eddo como se ha ca\u00eddo el salario del docente y del empleado de comercio, aprovechan cualquier cosa para intentar trabajar con l\u00f3gicas sindicales, y los polic\u00edas no pueden sindicalizarse. Entonces, yo invit\u00e9 a los efectivos de ese peque\u00f1o y reducido grupo a que, si no estaban conformes, ten\u00edan la opci\u00f3n de irse a otro sector y all\u00ed s\u00ed pod\u00edan sindicalizarse. Eso no quiere decir que no comprenda la situaci\u00f3n de bajo salario de la Polic\u00eda, de los docentes, de todo el sector p\u00fablico y del sector privado. Yo apuesto mucho a la Polic\u00eda y adem\u00e1s los quiero cuidar: no quiero que est\u00e9n a merced de cualquiera denuncia f\u00e1cil, de gatillo f\u00e1cil. Pero si hay alg\u00fan polic\u00eda que no cumple con la ley, las autoridades tienen la instrucci\u00f3n de ser severos con ellos.<\/p>\n\n\n\n<p><strong>-La semana pasada, la ministra Patricia Bullrich present\u00f3 un nuevo protocolo para las fuerzas federales, d\u00e1ndoles cierta protecci\u00f3n a los efectivos, al autorizarlos a disparar en caso de fuga o riesgo de muerte, entre otras circunstancias. En Mendoza, hay dos diputados del PRO que presentaron un proyecto para que se aplique para la Polic\u00eda provincial. \u00bfUsted est\u00e1 de acuerdo?<\/strong><\/p>\n\n\n\n<p>-Me lo envi\u00f3 Enrique Thomas (diputado del PRO). Me consult\u00f3 al respecto y no lo vi mal. S\u00ed debo decirte que la Ley 6722, que es la Ley Org\u00e1nica de la Polic\u00eda, tiene un procedimiento que m\u00e1s o menos recoge lo mismo. A lo mejor este es m\u00e1s completo y m\u00e1s amplio, por lo que lo vamos a evaluar en el futuro inmediato; no necesariamente ten\u00eda que ser por ley, pero bueno, si eso da mayor seguridad jur\u00eddica, no me niego a que haya ocurrido. Lo vamos a estudiar con detenimiento y con las autoridades del Ministerio de Seguridad y tambi\u00e9n le daremos participaci\u00f3n a la Justicia. Queremos cuidar al polic\u00eda que cumple su tarea y eso est\u00e1 muy consustanciado con tener una mejor seguridad. De todos modos, creo que el contexto en el que\u00a0Patricia Bullrich\u00a0lanza este protocolo es m\u00e1s pensando en Rosario y en zonas como el conurbano bonaerense que tienen altos niveles de inseguridad y donde la Polic\u00eda est\u00e1 pr\u00e1cticamente desarmada. Ese no es el caso de Mendoza. Mendoza tiene problemas de inseguridad, no hay que negarlo, pero no tiene los ribetes, ni cerca, de Rosario ni del conurbano.<\/p>\n\n\n\n<p><strong>-\u00bfUstedes notan que aument\u00f3 el delito en Mendoza?<\/strong><\/p>\n\n\n\n<p>-Se ha mejorado en los delitos violentos, como robos agravados con armas, y se ha mejorado en los homicidios. De hecho, de los 17 homicidios que han ocurrido, 14 ya est\u00e1n esclarecidos. La mayor\u00eda son ajustes de cuenta entre ellos y pocos son derivados de circunstancias de robo, aunque los hay tambi\u00e9n. En lo que no hemos mejorado son en todos esos delitos que derivan de la situaci\u00f3n social, como el robo o hurto. No es que yo justifique salir a robar, de ninguna manera lo justifico, s\u00f3lo explico que en el mercado del robado un neum\u00e1tico cuesta entre el 15 y 30 por ciento de lo que sale un neum\u00e1tico en el mercado formal de la econom\u00eda. Entonces, esa distorsi\u00f3n de precio sin duda alguna genera un incentivo para salir a robar neum\u00e1ticos de los autos que duermen la noche afuera. Tambi\u00e9n pasa con los instrumentos de trabajo en las zonas rurales, fincas que son imposibles de cuidar por parte de la Polic\u00eda, que son saqueadas. Se roban instrumentos de labranza o bombas de agua, que tiene un valor alt\u00edsimo en el mercado de la econom\u00eda y en el mercado&nbsp;del robado tienen precios irrisorios. Ahora bien: es un peque\u00f1o grupo que se dedica a eso y no hay que bajar los brazos a la hora de combatirlos y hacer que el Estado sea m\u00e1s inteligente que ese crimen organizado.<\/p>\n\n\n\n<p><strong>-\u00bfEl Ministerio P\u00fablico y la Justicia en general es la misma que dej\u00f3 usted en 2019? \u00bfMejor\u00f3? \u00bfEmpeor\u00f3?<\/strong><\/p>\n\n\n\n<p>-Yo creo que la Justicia ha mejorado. Ha mejorado su procedimiento en t\u00e9rminos penales y dem\u00e1s, pero tiene muchas cosas por mejorar tambi\u00e9n. Tenemos un nivel de estafa sin sanci\u00f3n muy alto y la Justicia tiene que encontrarle la vuelta a las estafas. En materia civil, tenemos adopciones que tardan un mont\u00f3n. Nosotros tenemos 800 chicos en los hogares y mucho, en general, van a ir hacia esa direcci\u00f3n.&nbsp; Pero no es en el Estado el que deber\u00eda cuidarlos: deber\u00edan estar en familias. Hay 128 chicos que ya est\u00e1n en estado de adoptabilidad y yo ruego que para fin de a\u00f1o, esos 128 hayan sido adoptados. La justicia ah\u00ed est\u00e1 lenta.&nbsp; Tenemos que ayudarla. A lo mejor no es todo desidia. La ley, quiz\u00e1s, no ayuda mucho, entonces hay que trabajar para modificarla. Por otra parte, hay muchas audiencias que fracasan en materia penal. Yo creo que no tiene que haber un \u00edndice de fracaso tan grande. Hemos construido un polo judicial justamente para eso. Si el Ejecutivo y la Justicia trabajan como el otro d\u00eda en el Campo Pappa, o como los trabajos de inteligencia sobre la banda de crimen organizado que organizaba entraderas, vamos a obtener resultados muy alentadores.<\/p>\n\n\n\n<p><strong>-\u00bfC\u00f3mo ha sido su relaci\u00f3n estos primeros 100 d\u00edas de gesti\u00f3n con el Gobierno nacional?<\/strong><\/p>\n\n\n\n<p>-Yo he tratado que sea lo m\u00e1s cordial posible y he tratado de colaborar porque creo firmemente que si el Gobierno nacional estabiliza la econom\u00eda, a Mendoza le va a ir mejor que al pa\u00eds, porque siempre ha pasado as\u00ed. Ahora bien, sobre la relaci\u00f3n&#8230; es un gobierno at\u00edpico, muy at\u00edpico&#8230; raro, muy raro. Es el resultado de las elecciones y del proceso: una persona, sin un partido pol\u00edtico y pr\u00e1cticamente sin equipo, lleg\u00f3 a la m\u00e1xima magistratura del pa\u00eds. Yo creo que hay que verlo con inteligencia. Por algo los argentinos optaron por alguien disruptivo: porque fracasaron las otras recetas. Yo no voy a ser el imprudente que haga censura ideol\u00f3gica porque s\u00ed.\u00a0<\/p>\n\n\n\n<p><strong>-De ese gobierno &#8220;at\u00edpico&#8221;, \u00bfa qui\u00e9n llama cuando se necesita?<\/strong><\/p>\n\n\n\n<p>-Al ministro del Interior (Guillermo Francos). Ha sido receptivo al di\u00e1logo. No hemos obtenido resultados en algunas de las cosas que le hemos planteado, pero creo que se requiere m\u00e1s fuerza pol\u00edtica para que distribuyan los impuestos que no coparticipan y que se los queda la Naci\u00f3n. Dialogando, podemos hacerle entender al gobierno que tiene que bajar los impuestos, como dijo que lo iba a hacer, y que los impuestos que ya tiene debe coparticiparlos porque la Constituci\u00f3n dice que son todos los impuestos son coparticipables, salvo los que tengan asignaci\u00f3n espec\u00edfica. El tema es que se quedan con todos, con eso de la asignaci\u00f3n espec\u00edfica: los que ha creado el kirchnerismo, como el Impuesto Pa\u00eds, y los viejos, como el Impuesto al Cheque. Y el Impuesto al Combustible, que subsidiaba el transporte p\u00fablico, ya no lo distribuyen, \u00a1pero s\u00ed se quedan con el impuesto! Esa contradicci\u00f3n creo que hay que dialogarla, pero tenemos que juntar masa cr\u00edtica con otros gobernadores para lograrlo.<\/p>\n\n\n\n<p><strong>-\u00bfCree que la conducci\u00f3n de la UCR no est\u00e1 teniendo esa lectura inteligente de la que habl\u00f3 reci\u00e9n?<\/strong><\/p>\n\n\n\n<p>-La UCR tiene una tentaci\u00f3n todo el tiempo a hacer oposici\u00f3n por algunos aspectos ideol\u00f3gicos. Lo comprendo, pero me parece que no estamos comprendiendo el proceso que vive la Argentina, donde se est\u00e1 demandando un cambio de modelo econ\u00f3mico y ese cambio de modelo econ\u00f3mico nosotros tenemos que acompa\u00f1arlo porque es el que queremos y nuestros simpatizantes radicales apoyan ese cambio de modelo econ\u00f3mico. A algunos de sus principales dirigentes (de la UCR) creo que les simpatizaba m\u00e1s Massa que Milei, y qued\u00f3 demostrado, encuestas mediante y resultado electoral, que la mayor\u00eda de los simpatizantes radicales y de Juntos por el Cambio&nbsp;masivamente se volc\u00f3 por Milei, eligieron este cambio de modelo.&nbsp;<\/p>\n\n\n\n<p><strong>-\u00bfPor qu\u00e9 Mart\u00edn Lousteau, presidente de la UCR, ha adoptada esta postura contraria a la que usted plantea?<\/strong><\/p>\n\n\n\n<p>-Mart\u00edn es una persona muy inteligente, muy bien formada, quiz\u00e1s de los mejores cuadros que tenemos. Yo creo que el microclima en el que se desarrolla tiende a poner mucho \u00e9nfasis a los temas ideol\u00f3gicos, y quiz\u00e1s en la Ciudad de Buenos Aires hay un clima para ese discurso y esa narrativa. Pero no lo hay en la Argentina productiva, en C\u00f3rdoba, en Mendoza, en Entre R\u00edos&#8230;\u00a0Yo percibo que el sector productivo, los sectores medios y las pymes, quieren un cambio de modelo econ\u00f3mico y el radicalismo tiene que tratar de representarlos.<\/p>\n\n\n\n<p><strong>-\u00bfEl kirchnerismo est\u00e1 extingui\u00e9ndose o est\u00e1 agazapado para intentar&nbsp; volver a gobernar?<\/strong><\/p>\n\n\n\n<p>-Est\u00e1n agazapados en el convencimiento de que este cambio de modelo va a fracasar y no va a tener resultados en t\u00e9rminos de aumento de inversi\u00f3n, consumo, salario real, y que va a ser la oportunidad de ellos para volver.<\/p>\n\n\n\n<p><strong>-\u00bfC\u00f3mo analiza las diferencias que han surgido entre Milei y Villarruel? Uno no imaginar\u00eda que en Mendoza su vice cuestione las medidas que usted ha tomado.<\/strong><\/p>\n\n\n\n<p>-No creo que (Villarruel) haya hecho una cr\u00edtica muy fuerte al gobierno, ni una diferenciaci\u00f3n; s\u00ed es obvio que tiene su personalidad. La relaci\u00f3n entre los presidentes y los vices, como as\u00ed tambi\u00e9n la de los gobernadores y los vice, siempre ha sido traum\u00e1tica porque se hace mucho hincapi\u00e9 en los procesos electorales, tratando de hacer m\u00e1s atractiva la f\u00f3rmula, pero las funciones de los vices que les atribuye la Constituci\u00f3n son menores. En el caso de Mendoza, es reemplazar al gobernador en caso de ausencia, muerte o destituci\u00f3n, y presidir el Senado, sin siquiera tener voto.\u00a0Yo creo que con Hebe (Casado) hemos logrado una buena armon\u00eda. Ella ha estado muy predispuesta. Viene de un lugar que no es pol\u00edtico y eso lo hac\u00eda atractivo, pero tambi\u00e9n lo hac\u00eda menos moldeable o menos arm\u00f3nico a la hora de todas estas cosas.<\/p>\n\n\n\n<p><strong>-\u00bfQu\u00e9 tan atento est\u00e1 a la interna del PRO en Mendoza?<\/strong><\/p>\n\n\n\n<p>-Yo espero que normalicen el partido. No est\u00e1 bueno que est\u00e9 intervenido. El radicalismo est\u00e1 intervenido en Santiago del Estero hace much\u00edsimos a\u00f1os y as\u00ed son los resultados electorales que tenemos. Creo que el PRO necesita esa normalizaci\u00f3n con elecciones internas y con la mayor democracia posible. El proceso fuerte de legitimaci\u00f3n de Hebe no se dio en la interna, se dio en la general, porque ella fue en una f\u00f3rmula que gan\u00f3 por 10 puntos de diferencia. Ella ya se legitim\u00f3 popularmente. Pero no est\u00e1 mal que organicen su partido.<\/p>\n\n\n\n<p><strong>-\u00bfEst\u00e1 bien que ella sea candidata a presidenta del PRO? \u00bfUsted lo hubiera hecho?<\/strong><\/p>\n\n\n\n<p>-No fui consultado al respecto&#8230; No s\u00e9 qu\u00e9 es lo que es bueno, lo que es malo. Le deseo lo mejor al PRO porque es un aliado y porque tenemos muchas coincidencias con el pensamiento original del PRO. Hace ocho a\u00f1os que somos socios en una alianza. El PRO un partido m\u00e1s bien nacional, como el radicalismo.<\/p>\n\n\n\n<p><strong>-\u00bfY los 1.023 millones de d\u00f3lares de Portezuelo?<\/strong><\/p>\n\n\n\n<p>-Hay algo que no se ha dicho: Mendoza tiene un stock de deuda de 800 millones de d\u00f3lares. Podemos pagarla completa. Si esto fuera el balance de una empresa, Mendoza ser\u00eda superavitaria. Lo que pasa es que no vale la pena pagar la deuda. Ese es el tema del &#8220;roleo&#8221; de la deuda. Las empresas y los Estados tienen que manejar su deuda, no pagarla \u00edntegramente. Dicho esto, nosotros tenemos un activo de 1.023 millones de d\u00f3lares, vamos a tenerlo completo en noviembre de este a\u00f1o, pero ya estamos en condiciones de hacer obras h\u00eddricas.<\/p>\n\n\n\n<p><strong>-\u00bfPero concretamente en qu\u00e9 se van a invertir?<\/strong><\/p>\n\n\n\n<p>-Tenemos un listado: un proyecto de energ\u00eda como es El Baqueano, un proyecto de energ\u00eda como es Portezuelo del Viento, proyectos de microcentrales de energ\u00eda. Y despu\u00e9s tenemos anteproyectos y proyectos de medidores para el agua, pensando en consumo agr\u00edcola, industrial y residencial. Tenemos proyectos de ca\u00f1er\u00edas para no tener p\u00e9rdidas en las redes. Tenemos proyectos de optimizaci\u00f3n de riego intra fincas, de canales primarios y secundarios. Tenemos anteproyectos de varias cosas vinculadas a energ\u00eda que califican en el esp\u00edritu del proyecto. Quiz\u00e1s no en la letra final del convenio que firm\u00e9 con Macri. Si pudi\u00e9semos modificar el destino m\u00e1s a\u00fan, bienvenido. De todos modos, una vez que los 1.023 millones sean \u00edntegramente nuestros, nadie nos puede reclamar porque es un resarcimiento. No obstante, cuando salgamos de la locura de estos tres primeros meses vertiginosos, vamos a estar muy concentrados en ejecutar ese dinero antes de terminar de cobrarlo en noviembre.<\/p>\n\n\n\n<p>FUENTE: Mendozapost.<\/p>\n","protected":false},"excerpt":{"rendered":"<p>Han pasado poco m\u00e1s de\u00a0100 d\u00edas\u00a0de la segunda gesti\u00f3n de\u00a0Alfredo Cornejo, el \u00fanico mendocino que ha repetido en el Sill\u00f3n de San Mart\u00edn desde el retorno de la democracia. &#8220;Este proceso es m\u00e1s recesivo que el anterior, pero hered\u00e9 un Estado provincial m\u00e1s ordenado&#8220;, analiz\u00f3 el gobernador durante una entrevista con el\u00a0Post, en su oficina [&hellip;]<\/p>\n","protected":false},"author":2,"featured_media":6379,"comment_status":"open","ping_status":"open","sticky":true,"template":"","format":"standard","meta":[],"categories":[47],"tags":[],"_links":{"self":[{"href":"https:\/\/pasaenmendoza.com\/index.php?rest_route=\/wp\/v2\/posts\/6378"}],"collection":[{"href":"https:\/\/pasaenmendoza.com\/index.php?rest_route=\/wp\/v2\/posts"}],"about":[{"href":"https:\/\/pasaenmendoza.com\/index.php?rest_route=\/wp\/v2\/types\/post"}],"author":[{"embeddable":true,"href":"https:\/\/pasaenmendoza.com\/index.php?rest_route=\/wp\/v2\/users\/2"}],"replies":[{"embeddable":true,"href":"https:\/\/pasaenmendoza.com\/index.php?rest_route=%2Fwp%2Fv2%2Fcomments&post=6378"}],"version-history":[{"count":1,"href":"https:\/\/pasaenmendoza.com\/index.php?rest_route=\/wp\/v2\/posts\/6378\/revisions"}],"predecessor-version":[{"id":6380,"href":"https:\/\/pasaenmendoza.com\/index.php?rest_route=\/wp\/v2\/posts\/6378\/revisions\/6380"}],"wp:featuredmedia":[{"embeddable":true,"href":"https:\/\/pasaenmendoza.com\/index.php?rest_route=\/wp\/v2\/media\/6379"}],"wp:attachment":[{"href":"https:\/\/pasaenmendoza.com\/index.php?rest_route=%2Fwp%2Fv2%2Fmedia&parent=6378"}],"wp:term":[{"taxonomy":"category","embeddable":true,"href":"https:\/\/pasaenmendoza.com\/index.php?rest_route=%2Fwp%2Fv2%2Fcategories&post=6378"},{"taxonomy":"post_tag","embeddable":true,"href":"https:\/\/pasaenmendoza.com\/index.php?rest_route=%2Fwp%2Fv2%2Ftags&post=6378"}],"curies":[{"name":"wp","href":"https:\/\/api.w.org\/{rel}","templated":true}]}}