{"id":6381,"date":"2024-03-25T12:39:49","date_gmt":"2024-03-25T11:39:49","guid":{"rendered":"https:\/\/pasaenmendoza.com\/?p=6381"},"modified":"2024-03-25T12:39:51","modified_gmt":"2024-03-25T11:39:51","slug":"dalmiro-garay-destaco-que-en-8-anos-bajo-del-70-al-35-la-cantidad-de-personas-detenidas-sin-condena","status":"publish","type":"post","link":"https:\/\/pasaenmendoza.com\/?p=6381","title":{"rendered":"Dalmiro Garay destac\u00f3 que en 8 a\u00f1os baj\u00f3 del 70% al 35% la cantidad de personas detenidas sin condena"},"content":{"rendered":"\n<p>El presidente de la Suprema Corte de Justicia de Mendoza adelant\u00f3 que en 2024 se buscar\u00e1, con m\u00e1s tecnolog\u00eda, hacer un mejor uso de las horas de trabajo<\/p>\n\n\n\n<p>Como uno de los logros importantes de\u00a0las reformas judiciales implementadas en los \u00faltimos ocho a\u00f1os,\u00a0<strong>el presidente de la Suprmera Corte de Justicia, Dalmiro Garay,\u00a0<\/strong>destac\u00f3 este mi\u00e9rcoles que se ha logrado revertir el problema de la cantidad de personas detenidas que a\u00fan no tiene condena.<\/p>\n\n\n\n<p>El titular del m\u00e1ximo \u00f3rgano de justicia de la provincia indic\u00f3 que&nbsp;<strong>en 2016 el 70% de las personas alojadas en establecimientos penitenciarios de la provincia no ten\u00eda condenda. Ocho a\u00f1os despu\u00e9s ese porcentaje se redujo a la mitad: 35%.<\/strong><\/p>\n\n\n\n<p>El ministro adjudic\u00f3 esa significativa disminuci\u00f3n a la modernizaci\u00f3n y agilizaci\u00f3n de las distintas instancias judiciales y revel\u00f3 que entre los, planes para 2024 est\u00e1 el de modificar algunos sistemas o reg\u00edmenes de trabajo para reemplazar con tecnolog\u00eda tareas que insumen demasiadas horas como es la\u00a0<strong>notificaci\u00f3n a trav\u00e9s de c\u00e9dulas que se llevan a domicilio.<\/strong><\/p>\n\n\n\n<h2 class=\"wp-block-heading\">Dalmiro Garay se refiri\u00f3 a los beneficios de la agilizaci\u00f3n judicial<\/h2>\n\n\n\n<p>Entrevistado en Radio Nihuil por Carlos Hern\u00e1ndez, Garay realiz\u00f3 una suerte de balance de los avances en la Justicia logrados a trav\u00e9s de la tecnolog\u00f3a pero tambi\u00e9n con las reformas que se introdujeron como la oralidad de los jucios, la aplicaci\u00f3n del sistema acusatorio por el cual el que investiga es el fiscal y no el juez y la implementaci\u00f3n de juicios por jurados.<\/p>\n\n\n\n<p>Dalmiro destac\u00f3:&nbsp;<strong>&#8220;En 2016 en las c\u00e1rceles los procesados sin condena alcanzaban al 70% de la poblaci\u00f3n en los distintos penales de Mendoza. Eso se revirti\u00f3: hoy es el 35% mientras el resto cumple condenas&#8221;.<\/strong><\/p>\n\n\n\n<p>Tambi\u00e9n se refiri\u00f3 el titular de la Corte a los cambios en los tratamientos de las causas que llegan a la Corte a partir del sorteo de salas que hace que incluso el propio presidente del tribunal tenga que involucrarse en las resoluciones: &#8220;La semana pasada fueron sorteadas 167 causas. Esto motiv\u00f3 una reinigenier\u00eda interna en lo que tiene que ver con el personal y con la forma de trabajo.&nbsp;<strong>Todo apunta a que las causas se resuelvan en los tiempos que marca el c\u00f3digo&#8221;.<\/strong><\/p>\n\n\n\n<p>Garay hizo especial hincapi\u00e9 en el anuncio que realiz\u00f3 recientemente al dejar inaugurado el a\u00f1o judicial respecto la firma digital ciudadana: &#8220;Un ciudadano que eventualmente presenta un escrito o demanda no puede hacer un tr\u00e1mite si no tiene una firma digital. Hoy tiene que firmar el papel, que ese scanea y bajo responsabilidad de su abogado se toma como v\u00e1lido&#8221;.<\/p>\n\n\n\n<p>&#8220;Por eso -ampli\u00f3- implementamos una plataforma dentro del Poder Judicial para que cualquier ciudadano que presente un escrito lo pueda firmar con un reconocimiento facial del Renaper (Registro Nacional de las Personas) y se va a tomar como v\u00e1lida. Esto permitir\u00e1 que el expediente digital sea un documento en PDF y no una imagen&#8221;,<\/p>\n\n\n\n<p><strong>La firma digital la pueden implementar otras reparticiones p\u00fablicas a las que le podemos facilitar el sistema<\/strong><\/p>\n\n\n\n<p>El funcionario asegur\u00f3 que &#8220;es una plataforma muy sencilla.\u00a0<strong>El abogado presenta el escrito y a la persona le llega el correo electr\u00f3nico, que firma, lo abre y hace la validaci\u00f3n. Eso ya queda registrado en el sistema con una cadena de custodia&#8221;.<\/strong><\/p>\n\n\n\n<p>Sobre la digitalizaci\u00f3n de los expedientes dijo que &#8220;salvo en la Justicia de Paz, todos los expedientes hoy son electr\u00f3nicos. Ya no hay expedientes en papel.\u00a0<strong>Esto lo iniciamos en 2021 y hoy, tres a\u00f1os despu\u00e9s, ya tenemos 600.000 expedientes nativos digitales, tramit\u00e1ndose en el Poder Judicial&#8221;.<\/strong><\/p>\n\n\n\n<h2 class=\"wp-block-heading\">Lo que viene para agilizar m\u00e1s el servicio judicial<\/h2>\n\n\n\n<p>Dalmiro Garay admiti\u00f3 que &#8220;necesitamos siempre mejores salarios para loas trabajadores judiciales y tambi\u00e9n mejores condiciones de empleo. Por eso vamos a seguir con el Polo Judicial de Tunuy\u00e1n a pesar de que la obra p\u00fablica est\u00e1 paralizada y se requieren unos $2.000 millones&#8221;.<\/p>\n\n\n\n<p>&#8220;Contar con mejor calidad de trabajo -a\u00f1adi\u00f3- en Tunuy\u00e1n tambi\u00e9n ayudar\u00e1 a descongestionar la cantidad de causas. Del mismo modo tenemos que hacer con las horas de trabajo.<strong>&nbsp;Hace 6 a\u00f1os fuimos a la oralizaci\u00f3n, hace 3 a\u00f1os fuimos a los expedientes electr\u00f3nicos y hoy debemos rediscutir c\u00f3mo se trabaja&#8221;.<\/strong><\/p>\n\n\n\n<p>Y puso como ejemplo: &#8220;En Familia cada acto procesal, o por lo menos el 90%, se notifica por c\u00e9dula a domicilio. Lo tiene que hacer un empleado y a veces se acumulan 500 c\u00e9dulas lo que puede demorar una semana. Entonces, con m\u00e1s tecnolog\u00eda, ideas y reforma procesal de leyes, vamos a optimizar esto&#8221;<\/p>\n\n\n\n<p>El supremo aludi\u00f3 adem\u00e1s al sistema acusatorio que se emplea en Mendoza, elogiado por el ministro de Justicia de la Naci\u00f3n, Mariano C\u00faneo Libarona: &#8220;Todos destacan como modelo a Mendoza. Es que los roles est\u00e1n bien definidos.\u00a0<strong>En nuestro sistema acusatorio, el fiscal investiga y acusa; la defensa p\u00fablica o particular hace su parte y el juez de Garant\u00edas tramia el proceso para que la igualdad de partes no se viole. Es el mejor sistema nivel mundial&#8221;.<\/strong><\/p>\n\n\n\n<p>FUENTE: Diariouno.com.ar <\/p>\n","protected":false},"excerpt":{"rendered":"<p>El presidente de la Suprema Corte de Justicia de Mendoza adelant\u00f3 que en 2024 se buscar\u00e1, con m\u00e1s tecnolog\u00eda, hacer un mejor uso de las horas de trabajo Como uno de los logros importantes de\u00a0las reformas judiciales implementadas en los \u00faltimos ocho a\u00f1os,\u00a0el presidente de la Suprmera Corte de Justicia, Dalmiro Garay,\u00a0destac\u00f3 este mi\u00e9rcoles que [&hellip;]<\/p>\n","protected":false},"author":2,"featured_media":6382,"comment_status":"open","ping_status":"open","sticky":true,"template":"","format":"standard","meta":[],"categories":[47],"tags":[],"_links":{"self":[{"href":"https:\/\/pasaenmendoza.com\/index.php?rest_route=\/wp\/v2\/posts\/6381"}],"collection":[{"href":"https:\/\/pasaenmendoza.com\/index.php?rest_route=\/wp\/v2\/posts"}],"about":[{"href":"https:\/\/pasaenmendoza.com\/index.php?rest_route=\/wp\/v2\/types\/post"}],"author":[{"embeddable":true,"href":"https:\/\/pasaenmendoza.com\/index.php?rest_route=\/wp\/v2\/users\/2"}],"replies":[{"embeddable":true,"href":"https:\/\/pasaenmendoza.com\/index.php?rest_route=%2Fwp%2Fv2%2Fcomments&post=6381"}],"version-history":[{"count":1,"href":"https:\/\/pasaenmendoza.com\/index.php?rest_route=\/wp\/v2\/posts\/6381\/revisions"}],"predecessor-version":[{"id":6383,"href":"https:\/\/pasaenmendoza.com\/index.php?rest_route=\/wp\/v2\/posts\/6381\/revisions\/6383"}],"wp:featuredmedia":[{"embeddable":true,"href":"https:\/\/pasaenmendoza.com\/index.php?rest_route=\/wp\/v2\/media\/6382"}],"wp:attachment":[{"href":"https:\/\/pasaenmendoza.com\/index.php?rest_route=%2Fwp%2Fv2%2Fmedia&parent=6381"}],"wp:term":[{"taxonomy":"category","embeddable":true,"href":"https:\/\/pasaenmendoza.com\/index.php?rest_route=%2Fwp%2Fv2%2Fcategories&post=6381"},{"taxonomy":"post_tag","embeddable":true,"href":"https:\/\/pasaenmendoza.com\/index.php?rest_route=%2Fwp%2Fv2%2Ftags&post=6381"}],"curies":[{"name":"wp","href":"https:\/\/api.w.org\/{rel}","templated":true}]}}