{"id":6384,"date":"2024-03-25T12:48:51","date_gmt":"2024-03-25T11:48:51","guid":{"rendered":"https:\/\/pasaenmendoza.com\/?p=6384"},"modified":"2024-03-25T12:48:52","modified_gmt":"2024-03-25T11:48:52","slug":"el-tiempo-en-mendoza-lunes-caluroso-y-algo-nublado","status":"publish","type":"post","link":"https:\/\/pasaenmendoza.com\/?p=6384","title":{"rendered":"El tiempo en Mendoza: lunes caluroso y algo nublado"},"content":{"rendered":"\n<p>\u201cCaluroso y algo nublado, vientos moderados del noroeste\u201d, es lo que indica la&nbsp;<strong>Direcci\u00f3n de Contingencias Clim\u00e1ticas<\/strong>&nbsp;para este&nbsp;<strong>lunes<\/strong>.&nbsp;<mark>La m\u00ednima ser\u00e1 de 19 grados y la m\u00e1xima podr\u00eda llegar a los 32.<\/mark><\/p>\n\n\n\n<p>Para el&nbsp;<strong>martes<\/strong>&nbsp;se prev\u00e9 \u201cCaluroso con nubosidad variable y tormentas aisladas, vientos moderados del noreste\u201d.&nbsp;<mark>La m\u00ednima ser\u00e1 de 21 grados y la m\u00e1xima de 34.<\/mark><\/p>\n\n\n\n<p>El\u00a0<strong>mi\u00e9rcoles<\/strong>\u00a0estar\u00e1 inestable con precipitaciones aisladas, vientos moderados del sudeste.\u00a0<mark>La m\u00ednima ser\u00e1 de 19 grados y la m\u00e1xima de 32.<\/mark><\/p>\n\n\n\n<p><strong>La situaci\u00f3n en alta monta\u00f1a<\/strong><\/p>\n\n\n\n<p>El&nbsp;<strong>Sistema Integrado Cristo Redentor<\/strong>&nbsp;se encuentra&nbsp;<mark>habilitado<\/mark>&nbsp;para todo tipo de veh\u00edculos, durante las 24 horas.<\/p>\n\n\n\n<p>En tanto, el\u00a0<strong>paso Pehuenche<\/strong>\u00a0est\u00e1\u00a0<mark>transitable<\/mark>\u00a0para todo tipo de veh\u00edculo.<\/p>\n\n\n\n<p><strong>Fuente: www.elsol.com.ar<\/strong><\/p>\n","protected":false},"excerpt":{"rendered":"<p>\u201cCaluroso y algo nublado, vientos moderados del noroeste\u201d, es lo que indica la&nbsp;Direcci\u00f3n de Contingencias Clim\u00e1ticas&nbsp;para este&nbsp;lunes.&nbsp;La m\u00ednima ser\u00e1 de 19 grados y la m\u00e1xima podr\u00eda llegar a los 32. Para el&nbsp;martes&nbsp;se prev\u00e9 \u201cCaluroso con nubosidad variable y tormentas aisladas, vientos moderados del noreste\u201d.&nbsp;La m\u00ednima ser\u00e1 de 21 grados y la m\u00e1xima de 34. El\u00a0mi\u00e9rcoles\u00a0estar\u00e1 [&hellip;]<\/p>\n","protected":false},"author":2,"featured_media":6385,"comment_status":"open","ping_status":"open","sticky":false,"template":"","format":"standard","meta":[],"categories":[52],"tags":[],"_links":{"self":[{"href":"https:\/\/pasaenmendoza.com\/index.php?rest_route=\/wp\/v2\/posts\/6384"}],"collection":[{"href":"https:\/\/pasaenmendoza.com\/index.php?rest_route=\/wp\/v2\/posts"}],"about":[{"href":"https:\/\/pasaenmendoza.com\/index.php?rest_route=\/wp\/v2\/types\/post"}],"author":[{"embeddable":true,"href":"https:\/\/pasaenmendoza.com\/index.php?rest_route=\/wp\/v2\/users\/2"}],"replies":[{"embeddable":true,"href":"https:\/\/pasaenmendoza.com\/index.php?rest_route=%2Fwp%2Fv2%2Fcomments&post=6384"}],"version-history":[{"count":1,"href":"https:\/\/pasaenmendoza.com\/index.php?rest_route=\/wp\/v2\/posts\/6384\/revisions"}],"predecessor-version":[{"id":6386,"href":"https:\/\/pasaenmendoza.com\/index.php?rest_route=\/wp\/v2\/posts\/6384\/revisions\/6386"}],"wp:featuredmedia":[{"embeddable":true,"href":"https:\/\/pasaenmendoza.com\/index.php?rest_route=\/wp\/v2\/media\/6385"}],"wp:attachment":[{"href":"https:\/\/pasaenmendoza.com\/index.php?rest_route=%2Fwp%2Fv2%2Fmedia&parent=6384"}],"wp:term":[{"taxonomy":"category","embeddable":true,"href":"https:\/\/pasaenmendoza.com\/index.php?rest_route=%2Fwp%2Fv2%2Fcategories&post=6384"},{"taxonomy":"post_tag","embeddable":true,"href":"https:\/\/pasaenmendoza.com\/index.php?rest_route=%2Fwp%2Fv2%2Ftags&post=6384"}],"curies":[{"name":"wp","href":"https:\/\/api.w.org\/{rel}","templated":true}]}}