{"id":639,"date":"2023-08-11T15:18:11","date_gmt":"2023-08-11T13:18:11","guid":{"rendered":"https:\/\/pasaenmendoza.com\/?p=639"},"modified":"2023-08-11T15:18:12","modified_gmt":"2023-08-11T13:18:12","slug":"cual-es-el-estado-de-salud-de-la-bebe-abandonada-en-ciudad","status":"publish","type":"post","link":"https:\/\/pasaenmendoza.com\/?p=639","title":{"rendered":"Cu\u00e1l es el estado de salud de la beb\u00e9 abandonada en Ciudad"},"content":{"rendered":"\n<p>Ayer jueves, una reci\u00e9n nacida de tan solo un d\u00eda y medio, fue abandonada en una vivienda particular, ubicada en el barrio Alta Mendoza, en el oeste de la Ciudad. Por protocolo, la ni\u00f1a fue derivada al<strong> Hospital Humberto Notti<\/strong>, donde los m\u00e9dicos aseguraron que goza de buen estado de salud.<\/p>\n\n\n\n<p>De acuerdo con el parte m\u00e9dico dado a conocer por las autoridades del nosocomio, \u201cla paciente se encuentra en el servicio de Neonatolog\u00eda, en buen estado de salud\u201d.<\/p>\n\n\n\n<p>Por otro lado, aclararon que dada las circunstancias,\u00a0<strong>el caso se encuentra judicializado\u00a0<\/strong>por lo que no se brindar\u00e1 m\u00e1s informaci\u00f3n al respecto.<\/p>\n\n\n\n<p>La mujer que recibi\u00f3 a la ni\u00f1a se llama Soledad y manifest\u00f3 que la peque\u00f1a se encontraba en muy buen estado de salud, incluso, muy cuidada, ya que estaba perfumada y con las u\u00f1as de sus manos cortadas.<\/p>\n\n\n\n<p><strong><em>\u201cCuando sal\u00ed a ver y me encontr\u00e9 con el trapo pens\u00e9 que era un perro, porque mi marido es veterinario, y es habitual que nos dejen perros. Sin embargo, cuando la vi me enamor\u00e9 de inmediato, incluso, me negaba a d\u00e1rsela a los polic\u00edas que tambi\u00e9n se encari\u00f1aron con ella\u201d<\/em>, expres\u00f3 la mujer.<\/strong><\/p>\n\n\n\n<figure class=\"wp-block-image size-large\"><img decoding=\"async\" loading=\"lazy\" width=\"768\" height=\"1024\" src=\"https:\/\/pasaenmendoza.com\/wp-content\/uploads\/2023\/08\/escalera-768x1024.jpg\" alt=\"\" class=\"wp-image-642\" srcset=\"https:\/\/pasaenmendoza.com\/wp-content\/uploads\/2023\/08\/escalera-768x1024.jpg 768w, https:\/\/pasaenmendoza.com\/wp-content\/uploads\/2023\/08\/escalera-225x300.jpg 225w, https:\/\/pasaenmendoza.com\/wp-content\/uploads\/2023\/08\/escalera-150x200.jpg 150w, https:\/\/pasaenmendoza.com\/wp-content\/uploads\/2023\/08\/escalera-300x400.jpg 300w, https:\/\/pasaenmendoza.com\/wp-content\/uploads\/2023\/08\/escalera-696x928.jpg 696w, https:\/\/pasaenmendoza.com\/wp-content\/uploads\/2023\/08\/escalera.jpg 900w\" sizes=\"(max-width: 768px) 100vw, 768px\" \/><\/figure>\n\n\n\n<p>Soledad es madre de dos adolescentes y, pese a ello, expres\u00f3 en la fiscal\u00eda su deseo de adoptarla, sin embargo, refiri\u00f3 que no es un proceso muy sencillo.<\/p>\n\n\n\n<p><em>\u201cLo que m\u00e1s llam\u00f3 la atenci\u00f3n fue el estado en el que se encontraba la menor, estaba muy cuidada, por lo que es muy probable que su madre la haya dado por alguna raz\u00f3n econ\u00f3mica. Hay muchas variables y el proceso de adopci\u00f3n no es f\u00e1cil\u201d<\/em>, asegur\u00f3.<\/p>\n\n\n\n<p><strong>Fuente: www.elsol.com.ar<\/strong><\/p>\n","protected":false},"excerpt":{"rendered":"<p>Ayer jueves, una reci\u00e9n nacida de tan solo un d\u00eda y medio, fue abandonada en una vivienda particular, ubicada en el barrio Alta Mendoza, en el oeste de la Ciudad. Por protocolo, la ni\u00f1a fue derivada al Hospital Humberto Notti, donde los m\u00e9dicos aseguraron que goza de buen estado de salud. De acuerdo con el [&hellip;]<\/p>\n","protected":false},"author":2,"featured_media":640,"comment_status":"open","ping_status":"open","sticky":false,"template":"","format":"standard","meta":[],"categories":[50],"tags":[],"_links":{"self":[{"href":"https:\/\/pasaenmendoza.com\/index.php?rest_route=\/wp\/v2\/posts\/639"}],"collection":[{"href":"https:\/\/pasaenmendoza.com\/index.php?rest_route=\/wp\/v2\/posts"}],"about":[{"href":"https:\/\/pasaenmendoza.com\/index.php?rest_route=\/wp\/v2\/types\/post"}],"author":[{"embeddable":true,"href":"https:\/\/pasaenmendoza.com\/index.php?rest_route=\/wp\/v2\/users\/2"}],"replies":[{"embeddable":true,"href":"https:\/\/pasaenmendoza.com\/index.php?rest_route=%2Fwp%2Fv2%2Fcomments&post=639"}],"version-history":[{"count":3,"href":"https:\/\/pasaenmendoza.com\/index.php?rest_route=\/wp\/v2\/posts\/639\/revisions"}],"predecessor-version":[{"id":644,"href":"https:\/\/pasaenmendoza.com\/index.php?rest_route=\/wp\/v2\/posts\/639\/revisions\/644"}],"wp:featuredmedia":[{"embeddable":true,"href":"https:\/\/pasaenmendoza.com\/index.php?rest_route=\/wp\/v2\/media\/640"}],"wp:attachment":[{"href":"https:\/\/pasaenmendoza.com\/index.php?rest_route=%2Fwp%2Fv2%2Fmedia&parent=639"}],"wp:term":[{"taxonomy":"category","embeddable":true,"href":"https:\/\/pasaenmendoza.com\/index.php?rest_route=%2Fwp%2Fv2%2Fcategories&post=639"},{"taxonomy":"post_tag","embeddable":true,"href":"https:\/\/pasaenmendoza.com\/index.php?rest_route=%2Fwp%2Fv2%2Ftags&post=639"}],"curies":[{"name":"wp","href":"https:\/\/api.w.org\/{rel}","templated":true}]}}