{"id":6390,"date":"2024-03-25T12:57:57","date_gmt":"2024-03-25T11:57:57","guid":{"rendered":"https:\/\/pasaenmendoza.com\/?p=6390"},"modified":"2024-03-25T12:57:58","modified_gmt":"2024-03-25T11:57:58","slug":"que-hay-detras-del-asesinato-del-joven-de-18-anos-en-guaymallen","status":"publish","type":"post","link":"https:\/\/pasaenmendoza.com\/?p=6390","title":{"rendered":"Qu\u00e9 hay detr\u00e1s del asesinato del joven de 18 a\u00f1os en Guaymall\u00e9n"},"content":{"rendered":"\n<p>El asesinato este domingo de&nbsp;<strong>Alexis Daniel Solar<\/strong>&nbsp;ocurri\u00f3 en medio de un conflicto en la puerta de una casa del barrio&nbsp;<strong>Chavanne&nbsp;<\/strong>de Guaymall\u00e9n.&nbsp;<mark>Este joven de 18 a\u00f1os, quien se hac\u00eda llamar El Leproso en el distrito Jes\u00fas Nazareno<\/mark>, hab\u00eda estado preso hasta hace pocas semanas por un intento de asesinato y lleg\u00f3 hasta la zona con dos amigos, termin\u00f3 recibiendo un disparo letal.<\/p>\n\n\n\n<p><strong>Los pesquisas trabajan sobre la base de dos hip\u00f3tesis<\/strong>: una que apunta a una ri\u00f1a previa con conocidos y otra direccionada a las molestias que Solar causaba a metros de una vivienda donde se desarrollaba a una fiesta. Todo surgi\u00f3 por las declaraciones de testigos en la escena y en sede judicial.<\/p>\n\n\n\n<p>La respuesta desde el interior del domicilio fue tr\u00e1gica:&nbsp;<mark>uno de los moradores sac\u00f3 un arma de fuego y comenz\u00f3 a disparar<\/mark>. Solar recibi\u00f3 un proyectil en la cabeza y qued\u00f3 tendido a metros del ingreso de la morada. Sus compa\u00f1eros salieron corriendo pero uno de ellos&nbsp;<strong>retorn\u00f3 a los pocos minutos con la madre del joven herido y su pareja.<\/strong><\/p>\n\n\n\n<p>Lo cargaron y llevaron hasta el Hospital Central. Sin embargo, los m\u00e9dicos de la guardia constataron el deceso. El caso qued\u00f3 en manos de la fiscal de Homicidios Claudia R\u00edos y estaba calificado como homicidio agravado por el uso de arma de fuego.<\/p>\n\n\n\n<p>La reconstrucci\u00f3n inicial que realizaron los detectives sostiene que, minutos antes de las 5.50, ingres\u00f3 un llamado al CEO advirtiendo sobre un&nbsp;<strong>tiroteo sobre calle 20 de Junio<\/strong>&nbsp;y una persona herida con un disparo en la cabeza.<\/p>\n\n\n\n<p>Los primeros polic\u00edas que llegaron hasta la zona, en jurisdicci\u00f3n de Comisar\u00eda 44, detallaron que tomaron contacto con una vecina y que les aport\u00f3 que el herido hab\u00eda llegado hasta un domicilio con dos amigos<strong>. La testigo describi\u00f3 que Solar comenz\u00f3 a golpear los vidrios de la ventana del ingreso al domicilio ubicado a la altura 6825&nbsp;<\/strong>y los pocos minutos se escucharon detonaciones de arma de fuego.<\/p>\n\n\n\n<p>La mujer agreg\u00f3 que observ\u00f3 c\u00f3mo la v\u00edctima se desplomaba y que llam\u00f3 al 911. Luego ampli\u00f3 que los dos amigos del herido salieron corriendo con el objetivo de ir a buscar a la madre del joven nacido el 8 de agosto del 2005.<\/p>\n\n\n\n<p>Minutos despu\u00e9s, ya cuando personal policial se encontraba en la escena, se hizo presente uno de los acompa\u00f1antes de Solar, domiciliado en el barrio Nuevo Amanecer y de 17 a\u00f1os. Cont\u00f3 que hab\u00edan llegado con otro joven m\u00e1s y porque hab\u00edan tenido problemas con los habitantes de esa casa, desconociendo qui\u00e9nes viv\u00edan all\u00ed.<\/p>\n\n\n\n<p><strong>Agreg\u00f3 que Solar rompi\u00f3 los vidrios de las ventanas y que desde el interior dispararon un arma de fuego<\/strong>. Salieron corriendo para darle aviso a la madre y la mujer lleg\u00f3 junto con su pareja. Lo cargaron en un veh\u00edculo particular y lo trasladaron hasta efector p\u00fablico de calle Alem. Sin embargo, los m\u00e9dicos poco pudieron hacer porque lleg\u00f3 sin vida.<\/p>\n\n\n\n<p>Con el avance de la instrucci\u00f3n, surgi\u00f3 otra teor\u00eda en el expediente:&nbsp;<mark>testigos aseguraron que Solar hab\u00eda llegado hasta la casa donde vive su padre y comenz\u00f3 a golpear las ventanas para que lo atendieran<\/mark>. Los investigadores comprobaron luego que all\u00ed ten\u00eda domicilio una t\u00eda de la v\u00edctima.<\/p>\n\n\n\n<p><strong>Los ruidos que causaba generaron la reacci\u00f3n de unos vecinos que se encontraban en medio de un festejo<\/strong>. Al parecer, le pidieron que frenara con la actitud y hubo algunos cruces verbales.<\/p>\n\n\n\n<p>A los pocos minutos, dos hombres se ofuscaron y fueron a buscar armas de fuego. Le dispararon al joven y luego escaparon.\u00a0<mark>Hubo allanamientos con el paso de las horas para detener sospechosos y con el objetivo de armas de fuego\u00a0<\/mark>pero los resultados no fueron positivos.<\/p>\n\n\n\n<p><strong>Fuente: www.elsol.com.ar<\/strong><\/p>\n","protected":false},"excerpt":{"rendered":"<p>El asesinato este domingo de&nbsp;Alexis Daniel Solar&nbsp;ocurri\u00f3 en medio de un conflicto en la puerta de una casa del barrio&nbsp;Chavanne&nbsp;de Guaymall\u00e9n.&nbsp;Este joven de 18 a\u00f1os, quien se hac\u00eda llamar El Leproso en el distrito Jes\u00fas Nazareno, hab\u00eda estado preso hasta hace pocas semanas por un intento de asesinato y lleg\u00f3 hasta la zona con dos [&hellip;]<\/p>\n","protected":false},"author":2,"featured_media":6391,"comment_status":"open","ping_status":"open","sticky":false,"template":"","format":"standard","meta":[],"categories":[48],"tags":[],"_links":{"self":[{"href":"https:\/\/pasaenmendoza.com\/index.php?rest_route=\/wp\/v2\/posts\/6390"}],"collection":[{"href":"https:\/\/pasaenmendoza.com\/index.php?rest_route=\/wp\/v2\/posts"}],"about":[{"href":"https:\/\/pasaenmendoza.com\/index.php?rest_route=\/wp\/v2\/types\/post"}],"author":[{"embeddable":true,"href":"https:\/\/pasaenmendoza.com\/index.php?rest_route=\/wp\/v2\/users\/2"}],"replies":[{"embeddable":true,"href":"https:\/\/pasaenmendoza.com\/index.php?rest_route=%2Fwp%2Fv2%2Fcomments&post=6390"}],"version-history":[{"count":1,"href":"https:\/\/pasaenmendoza.com\/index.php?rest_route=\/wp\/v2\/posts\/6390\/revisions"}],"predecessor-version":[{"id":6392,"href":"https:\/\/pasaenmendoza.com\/index.php?rest_route=\/wp\/v2\/posts\/6390\/revisions\/6392"}],"wp:featuredmedia":[{"embeddable":true,"href":"https:\/\/pasaenmendoza.com\/index.php?rest_route=\/wp\/v2\/media\/6391"}],"wp:attachment":[{"href":"https:\/\/pasaenmendoza.com\/index.php?rest_route=%2Fwp%2Fv2%2Fmedia&parent=6390"}],"wp:term":[{"taxonomy":"category","embeddable":true,"href":"https:\/\/pasaenmendoza.com\/index.php?rest_route=%2Fwp%2Fv2%2Fcategories&post=6390"},{"taxonomy":"post_tag","embeddable":true,"href":"https:\/\/pasaenmendoza.com\/index.php?rest_route=%2Fwp%2Fv2%2Ftags&post=6390"}],"curies":[{"name":"wp","href":"https:\/\/api.w.org\/{rel}","templated":true}]}}