{"id":6398,"date":"2024-03-25T21:12:18","date_gmt":"2024-03-25T20:12:18","guid":{"rendered":"https:\/\/pasaenmendoza.com\/?p=6398"},"modified":"2024-03-25T21:12:19","modified_gmt":"2024-03-25T20:12:19","slug":"en-pleno-brote-de-dengue-el-ministro-de-salud-mendocino-fue-a-una-reunion-para-definir-medidas","status":"publish","type":"post","link":"https:\/\/pasaenmendoza.com\/?p=6398","title":{"rendered":"En pleno brote de dengue, el ministro de Salud mendocino fue a una reuni\u00f3n para definir medidas"},"content":{"rendered":"\n<p>En medio de un\u00a0<strong>brote hist\u00f3rico de dengue, que en Mendoza ya provoc\u00f3 dos muertes<\/strong>, el ministro de Salud, Rodolfo Montero, viaj\u00f3 a Buenos Aires para sumarse a la reuni\u00f3n del Consejo Federal de Salud (Cofesa) que tendr\u00e1 como ejes de agenda la enfermedad viral que se transmite por la picadura del mosquito y la campa\u00f1a de vacunaci\u00f3n antigripal.<\/p>\n\n\n\n<p>En el primer encuentro del Cofesa en la era Milei,&nbsp;<strong>los 24 ministros se reunieron desde las 9.30 en el Centro Cultural Kirchner<\/strong>&nbsp;y est\u00e1 previsto que cerca de las 16.30 el Ministerio de Salud difunda un comunicado oficial sobre las conclusiones de esa reuni\u00f3n.<\/p>\n\n\n\n<p>En la agenda que envi\u00f3 la Naci\u00f3n a los ministros figura que se van a centrar en la situaci\u00f3n epidemiol\u00f3gica por el dengue, por el que ya se notificaron en el pa\u00eds&nbsp;<strong>134.202 casos y 96 fallecidos, cifras r\u00e9cord<\/strong>&nbsp;para la enfermedad en la Argentina.<\/p>\n\n\n\n<p>Esta vez el experimentado epidemi\u00f3logo\u00a0<strong>Carlos Giovacchini<\/strong>, de la Direcci\u00f3n de Epidemiolog\u00eda, que depende de la Secretar\u00eda de Calidad en Salud, ser\u00e1 el encargado de graficar el cuadro de situaci\u00f3n y plantear la estrategia que se desplegar\u00e1.<\/p>\n\n\n\n<p>Por su lado, el ministro<strong>&nbsp;Montero<\/strong>&nbsp;si bien plantear\u00e1&nbsp;<strong>c\u00f3mo avanza la enfermedad viral del dengue en Mendoza,<\/strong>&nbsp;y c\u00f3mo se inici\u00f3 este lunes la&nbsp;<strong>campa\u00f1a de vacunaci\u00f3n antigripal.<\/strong>&nbsp;Tambi\u00e9n est\u00e1 interesado en saber c\u00f3mo ser\u00e1 &#8220;la<strong>&nbsp;continuidad de programas como Incluir salud, del HIV, Remediar, de Incaimen y de fibrosis qu\u00edstica<\/strong>&nbsp;entre otros.<\/p>\n\n\n\n<p>&#8220;Necesitamos mejorar la respuesta de esos programas y que no los corten.&nbsp;<strong>Representan $2.300.000.000 por mes para la provincia<\/strong>&#8220;, plante\u00f3 el funcionario de Cornejo en relaci\u00f3n a los fondos que env\u00eda la administraci\u00f3n central.<\/p>\n\n\n\n<p>Adem\u00e1s, el Ministerio de Salud de la Naci\u00f3n tiene previsto presentar los lineamientos para \u201cavanzar en una gesti\u00f3n por resultados sanitarios, con el objetivo de mejorar la calidad del sistema de salud y el&nbsp;<strong>plan de receta electr\u00f3nica<\/strong>\u201d.<\/p>\n\n\n\n<p>Durante la<strong>\u00a0pandemia de coronavirus, el Cofesa se mantuvo muy activo,<\/strong>\u00a0en comunicaci\u00f3n permanente entre la Naci\u00f3n y los ministerios provinciales, para el dise\u00f1o y la aplicaci\u00f3n de medidas de prevenci\u00f3n y atenci\u00f3n de la enfermedad. Sin embargo,<strong>\u00a0desde hace m\u00e1s de cuatro meses no se re\u00fane.<\/strong><\/p>\n\n\n\n<h2 class=\"wp-block-heading\">Brote hist\u00f3rico de dengue y varias provincias en alerta<\/h2>\n\n\n\n<p>Seg\u00fan el \u00faltimo reporte del Ministerio de Salud, en lo que va del a\u00f1o, se notificaron&nbsp;<strong>134.202 casos de dengue y 96 fallecidos, cifras r\u00e9cord<\/strong>&nbsp;para la enfermedad en la Argentina.<\/p>\n\n\n\n<p>Las continuas&nbsp;<strong>lluvias&nbsp;<\/strong>y las<strong>&nbsp;altas temperaturas&nbsp;<\/strong>dificultan cortar el ciclo de vida del mosquito, especialmente en la zona norte del pa\u00eds, donde la enfermedad se volvi\u00f3 pand\u00e9mica.<\/p>\n\n\n\n<p>El&nbsp;<strong>mayor n\u00famero de contagios fue registrado en la regi\u00f3n Centro, seguido por la regi\u00f3n NEA<\/strong>. A su vez,&nbsp;<strong>325&nbsp;<\/strong>casos fueron clasificados como dengue&nbsp;<strong>grave&nbsp;<\/strong>y hay&nbsp;<strong>17 provincias en alerta sanitaria.<\/strong><\/p>\n\n\n\n<p>De acuerdo con las cifras oficiales, se registraron<strong>&nbsp;casos de dengue en todos los grupos etarios,<\/strong>&nbsp;aunque la incidencia acumulada entre los 15 y 64 a\u00f1os es mayor que en el resto de la poblaci\u00f3n y desciende hacia los extremos de la vida: \u201cLa incidencia acumulada m\u00ednima se observa en menores de 4 a\u00f1os, con 77 casos cada 100.000 habitantes, y una m\u00e1xima de 423 casos cada 100.000 habitantes entre los 25 a 29 a\u00f1os\u201d, se indic\u00f3.<\/p>\n\n\n\n<p>En Mendoza,\u00a0<strong>hay 550 casos registrados seg\u00fan el \u00faltimo reporte<\/strong>. Desde la cartera sanitaria local\u00a0<strong>instan a la cautela<\/strong>\u00a0y a esperar las autopsias para saber si los decesos asociados al dengue tuvieron a esa enfermedad como causa principal.<\/p>\n\n\n\n<p><strong>Fuente: www.diariouno.com.ar<\/strong><\/p>\n","protected":false},"excerpt":{"rendered":"<p>En medio de un\u00a0brote hist\u00f3rico de dengue, que en Mendoza ya provoc\u00f3 dos muertes, el ministro de Salud, Rodolfo Montero, viaj\u00f3 a Buenos Aires para sumarse a la reuni\u00f3n del Consejo Federal de Salud (Cofesa) que tendr\u00e1 como ejes de agenda la enfermedad viral que se transmite por la picadura del mosquito y la campa\u00f1a [&hellip;]<\/p>\n","protected":false},"author":2,"featured_media":6399,"comment_status":"open","ping_status":"open","sticky":false,"template":"","format":"standard","meta":[],"categories":[104],"tags":[],"_links":{"self":[{"href":"https:\/\/pasaenmendoza.com\/index.php?rest_route=\/wp\/v2\/posts\/6398"}],"collection":[{"href":"https:\/\/pasaenmendoza.com\/index.php?rest_route=\/wp\/v2\/posts"}],"about":[{"href":"https:\/\/pasaenmendoza.com\/index.php?rest_route=\/wp\/v2\/types\/post"}],"author":[{"embeddable":true,"href":"https:\/\/pasaenmendoza.com\/index.php?rest_route=\/wp\/v2\/users\/2"}],"replies":[{"embeddable":true,"href":"https:\/\/pasaenmendoza.com\/index.php?rest_route=%2Fwp%2Fv2%2Fcomments&post=6398"}],"version-history":[{"count":1,"href":"https:\/\/pasaenmendoza.com\/index.php?rest_route=\/wp\/v2\/posts\/6398\/revisions"}],"predecessor-version":[{"id":6400,"href":"https:\/\/pasaenmendoza.com\/index.php?rest_route=\/wp\/v2\/posts\/6398\/revisions\/6400"}],"wp:featuredmedia":[{"embeddable":true,"href":"https:\/\/pasaenmendoza.com\/index.php?rest_route=\/wp\/v2\/media\/6399"}],"wp:attachment":[{"href":"https:\/\/pasaenmendoza.com\/index.php?rest_route=%2Fwp%2Fv2%2Fmedia&parent=6398"}],"wp:term":[{"taxonomy":"category","embeddable":true,"href":"https:\/\/pasaenmendoza.com\/index.php?rest_route=%2Fwp%2Fv2%2Fcategories&post=6398"},{"taxonomy":"post_tag","embeddable":true,"href":"https:\/\/pasaenmendoza.com\/index.php?rest_route=%2Fwp%2Fv2%2Ftags&post=6398"}],"curies":[{"name":"wp","href":"https:\/\/api.w.org\/{rel}","templated":true}]}}