{"id":6401,"date":"2024-03-25T21:20:36","date_gmt":"2024-03-25T20:20:36","guid":{"rendered":"https:\/\/pasaenmendoza.com\/?p=6401"},"modified":"2024-03-25T21:20:37","modified_gmt":"2024-03-25T20:20:37","slug":"los-municipios-asumiran-mas-funciones-en-el-control-de-comercios-y-se-quedaran-con-el-50-de-las-multas","status":"publish","type":"post","link":"https:\/\/pasaenmendoza.com\/?p=6401","title":{"rendered":"Los municipios asumir\u00e1n m\u00e1s funciones en el control de comercios y se quedar\u00e1n con el 50% de las multas"},"content":{"rendered":"\n<p>La\u00a0<strong>Direcci\u00f3n de Defensa del Consumidor<\/strong>\u00a0firm\u00f3 un convenio con los\u00a0<strong>18<\/strong>\u00a0<strong>municipios\u00a0<\/strong>de la provincia para trabajar en conjunto. Esto implica\u00a0<strong>ampliar funciones<\/strong>\u00a0en las \u00e1reas relacionadas con el comercio y desarrollo econ\u00f3mico de cada departamento para controlar que se cumpla con la ley. Las comunas\u00a0<strong>recibir\u00e1n a cambio el 50% de lo recaudado en multas<\/strong>.<\/p>\n\n\n\n<p>La intenci\u00f3n es&nbsp;<strong>reforzar los operativos de fiscalizaci\u00f3n en locales comerciales de todo Mendoza a trav\u00e9s de la colaboraci\u00f3n de los municipios<\/strong>&nbsp;que tienen una mayor cercan\u00eda tanto con los comerciantes como con los consumidores. Y sobre todo&nbsp;<strong>prevenir actos ilegales o abusos comerciales<\/strong>&nbsp;que pueden surgir en las compras y ventas de productos de todo tipo.<\/p>\n\n\n\n<p>Anticiparon que esta tarea colaborativa no compromete inversi\u00f3n econ\u00f3mica por parte de los municipios, sino todo lo contrario: si se llega a la instancia final de resoluci\u00f3n con\u00a0<strong>una multa o sanci\u00f3n al local comercial, de ese monto recaudado la mitad quedar\u00e1 en las arcas municipales<\/strong>.<\/p>\n\n\n\n<p>La directora de Defensa del Consumidor de la Provincia, M\u00f3nica Lucero de Nofal, aclar\u00f3 que&nbsp;<strong>esta iniciativa no apunta a la recaudaci\u00f3n sino a la prevenci\u00f3n<\/strong>&nbsp;con una campa\u00f1a de informaci\u00f3n al consumidor necesaria para que cada negocio de barrio o c\u00e9ntrico conozca las reglas y las cumpla.<\/p>\n\n\n\n<p>&#8220;El esp\u00edritu de esto no es poner multa a la empresa, buscamos que todos trabajemos por la resoluci\u00f3n del conflicto entre el consumidor y el proveedor, y estamos\u00a0<strong>ampliando funciones a los municipios<\/strong>\u00a0para que nos ayuden tambi\u00e9n en la prevenci\u00f3n para el consumidor&#8221;, detall\u00f3 Nofal.<\/p>\n\n\n\n<h2 class=\"wp-block-heading\">Fiscalizaci\u00f3n en comercios con r\u00e9dito para los municipios<\/h2>\n\n\n\n<p>Estos convenios que Defensa del Consumidor rubric\u00f3 con los intendentes mendocinos incluyen la recepci\u00f3n y tramitaci\u00f3n de denuncias, as\u00ed como la promoci\u00f3n de la educaci\u00f3n en consumo. Pero tambi\u00e9n incluye la&nbsp;<strong>ampliaci\u00f3n de tareas a los funcionarios municipales del \u00e1rea.<\/strong><\/p>\n\n\n\n<p>Con esa ampliaci\u00f3n, tambi\u00e9n viene un ingreso a las arcas comunales:&nbsp;<strong>del total recaudado en concepto de multas, el 50% quedar\u00e1 en el municipio<\/strong>.<\/p>\n\n\n\n<p>\u201cHemos profundizado estos cambios&nbsp;<strong>sin que haya ninguna erogaci\u00f3n para la Municipalidad, para la Direcci\u00f3n ni para el Consumidor<\/strong>\u201d, remarc\u00f3 la titular de Defensa del Consumidor.<\/p>\n\n\n\n<p>Esta ampliaci\u00f3n de funciones incluye la\u00a0<strong>fiscalizaci\u00f3n en la exhibici\u00f3n de precios, la correlaci\u00f3n de precio de la g\u00f3ndola a la caja, la existencia del libro de quejas y productos vencidos<\/strong>, o hasta la metrolog\u00eda legal que consiste por ejemplo en la\u00a0<strong>verificaci\u00f3n del peso de un producto<\/strong>\u00a0coincidente con lo que informa su envase.<\/p>\n\n\n\n<p>&#8220;Tambi\u00e9n queremos incorporar el control de peso y medidas de los productos, fundamentalmente los alimenticios, que ser\u00eda controlar si el az\u00facar pesa un kilo como dice su paquete,&nbsp;<strong>fiscalizar as\u00ed que coincida su peso o medida con lo establecido en el rotulado<\/strong>&nbsp;de aquello que se va a comprar&#8221;, detall\u00f3 Lucero de Nofal.<\/p>\n\n\n\n<p>Respecto de la nueva organizaci\u00f3n de las \u00e1reas municipales de Comercio que ahora absorbi\u00f3 la Direcci\u00f3n de Defensa del Consumidor, Lucero de Nofal afirm\u00f3 que \u201cla unificaci\u00f3n de Defensa del Consumidor con Comercio nos parece muy bien y creo que eso es trabajar coordinadamente\u201d.<\/p>\n\n\n\n<p>A partir de ahora entonces,&nbsp;<strong>los 18 municipios tienen injerencia en la recepci\u00f3n y tramitaci\u00f3n de denuncias<\/strong>, as\u00ed como la promoci\u00f3n de la educaci\u00f3n en consumo.<\/p>\n\n\n\n<h2 class=\"wp-block-heading\">Controles integrados<\/h2>\n\n\n\n<p>La funcionaria provincial anunci\u00f3 tambi\u00e9n que con esto desde hace unos d\u00edas \u201cempezamos con los<strong>&nbsp;controles integrales<\/strong>: hay inspectores de Provincia, ya sea de Fiscalizaci\u00f3n y Control o Defensa del Consumidor, y de los municipios trabajando en cada departamento\u201d.<\/p>\n\n\n\n<p>Y sostuvo que, en \u00faltima instancia, cuando el proveedor o comerciante no cumple con la Ley de Defensa del Consumidor y no soluciona el conflicto con el cliente, &#8220;<strong>el caso termina en sanci\u00f3n e infracci\u00f3n y multa<\/strong>\u00a0con lo cual ah\u00ed el municipio recibir\u00e1 la mitad del valor de esa multa&#8221;.<\/p>\n\n\n\n<p>La directora de Defensa del Consumidor resumi\u00f3 el objetivo central que convoca a tomar este tipo de iniciativas mancomunadas con los departamentos:<\/p>\n\n\n\n<p><strong>&#8220;Es fundamental que los consumidores conozcan sus derechos y sepan c\u00f3mo defenderlos, por eso trabajamos diariamente y mancomunadamente para informar sobre estas tem\u00e1ticas\u201d.<\/strong><\/p>\n\n\n\n<p>Estos acuerdos entre las 18 municipalidades y la Direcci\u00f3n de Defensa del Consumidor del Gobierno de Mendoza se realizaron durante este mes en el marco de la celebraci\u00f3n del D\u00eda Mundial de los Derechos de los Consumidores.<\/p>\n\n\n\n<h2 class=\"wp-block-heading\">El consumidor como pata fundamental para el desarrollo econ\u00f3mico<\/h2>\n\n\n\n<p>La&nbsp;<strong>Organizaci\u00f3n de las Naciones Unidas (ONU)<\/strong>&nbsp;instaur\u00f3 el 15 de marzo 1983 el D\u00eda Mundial de los Derechos de los Consumidores. La celebraci\u00f3n evoca las palabras del entonces presidente de Estados Unidos, John Fitzgerald Kennedy, cuando en su discurso del 15 de marzo de 1962 reconoci\u00f3 al consumidor \u201ccomo un elemento fundamental dentro del proceso productivo\u201d.<\/p>\n\n\n\n<p>En este contexto es que la Provincia tambi\u00e9n puso en vigor el\u00a0<strong>Consejo Provincial de Defensa del Consumidor<\/strong>, que tendr\u00e1 como objetivo el an\u00e1lisis e intercambio de informaci\u00f3n, as\u00ed como la promoci\u00f3n de pol\u00edticas p\u00fablicas relacionadas con la protecci\u00f3n del consumidor.<\/p>\n\n\n\n<p>La directora del \u00e1rea provincial record\u00f3 que &#8220;Mendoza fue pionera en la protecci\u00f3n y educaci\u00f3n en el consumo con la sanci\u00f3n de la Ley provincial 5.547\/90, que inspir\u00f3 la Ley Nacional 24.240&#8221;.<\/p>\n\n\n\n<p><strong>Fuente: www.diariouno.com.ar<\/strong><\/p>\n\n\n\n<p><\/p>\n","protected":false},"excerpt":{"rendered":"<p>La\u00a0Direcci\u00f3n de Defensa del Consumidor\u00a0firm\u00f3 un convenio con los\u00a018\u00a0municipios\u00a0de la provincia para trabajar en conjunto. Esto implica\u00a0ampliar funciones\u00a0en las \u00e1reas relacionadas con el comercio y desarrollo econ\u00f3mico de cada departamento para controlar que se cumpla con la ley. Las comunas\u00a0recibir\u00e1n a cambio el 50% de lo recaudado en multas. La intenci\u00f3n es&nbsp;reforzar los operativos de [&hellip;]<\/p>\n","protected":false},"author":2,"featured_media":6402,"comment_status":"open","ping_status":"open","sticky":false,"template":"","format":"standard","meta":[],"categories":[105],"tags":[],"_links":{"self":[{"href":"https:\/\/pasaenmendoza.com\/index.php?rest_route=\/wp\/v2\/posts\/6401"}],"collection":[{"href":"https:\/\/pasaenmendoza.com\/index.php?rest_route=\/wp\/v2\/posts"}],"about":[{"href":"https:\/\/pasaenmendoza.com\/index.php?rest_route=\/wp\/v2\/types\/post"}],"author":[{"embeddable":true,"href":"https:\/\/pasaenmendoza.com\/index.php?rest_route=\/wp\/v2\/users\/2"}],"replies":[{"embeddable":true,"href":"https:\/\/pasaenmendoza.com\/index.php?rest_route=%2Fwp%2Fv2%2Fcomments&post=6401"}],"version-history":[{"count":1,"href":"https:\/\/pasaenmendoza.com\/index.php?rest_route=\/wp\/v2\/posts\/6401\/revisions"}],"predecessor-version":[{"id":6403,"href":"https:\/\/pasaenmendoza.com\/index.php?rest_route=\/wp\/v2\/posts\/6401\/revisions\/6403"}],"wp:featuredmedia":[{"embeddable":true,"href":"https:\/\/pasaenmendoza.com\/index.php?rest_route=\/wp\/v2\/media\/6402"}],"wp:attachment":[{"href":"https:\/\/pasaenmendoza.com\/index.php?rest_route=%2Fwp%2Fv2%2Fmedia&parent=6401"}],"wp:term":[{"taxonomy":"category","embeddable":true,"href":"https:\/\/pasaenmendoza.com\/index.php?rest_route=%2Fwp%2Fv2%2Fcategories&post=6401"},{"taxonomy":"post_tag","embeddable":true,"href":"https:\/\/pasaenmendoza.com\/index.php?rest_route=%2Fwp%2Fv2%2Ftags&post=6401"}],"curies":[{"name":"wp","href":"https:\/\/api.w.org\/{rel}","templated":true}]}}