{"id":6404,"date":"2024-03-25T21:24:59","date_gmt":"2024-03-25T20:24:59","guid":{"rendered":"https:\/\/pasaenmendoza.com\/?p=6404"},"modified":"2024-03-25T21:25:00","modified_gmt":"2024-03-25T20:25:00","slug":"anses-la-letra-chica-del-aumento-a-jubilados-que-otorgo-milei","status":"publish","type":"post","link":"https:\/\/pasaenmendoza.com\/?p=6404","title":{"rendered":"ANSES: la letra chica del aumento a jubilados que otorg\u00f3 Milei"},"content":{"rendered":"\n<p><strong>Javier Milei\u00a0<\/strong>y\u00a0<strong>ANSES\u00a0<\/strong>oficializaron el cambio en la\u00a0<strong>movilidad jubilatoria<\/strong>\u00a0y, por lo tanto, el aumento que recibir\u00e1n los\u00a0<strong>jubilados<\/strong>. Lo hicieron a trav\u00e9s de un decreto que contiene varias novedades y no todas son buenas, ya que la nueva f\u00f3rmula reci\u00e9n ser\u00e1 aplicada desde los pagos en los meses de julio.<\/p>\n\n\n\n<p>Seg\u00fan el decreto que cambia la forma de&nbsp;<strong>ANSES&nbsp;<\/strong>de dar aumentos a los&nbsp;<strong>jubilados<\/strong>, el cambio se debe a que la f\u00f3rmula actual &#8220;presenta graves y serios inconvenientes&#8221;. Adem\u00e1s, sostiene que esta &#8220;ha arrojado resultados desastrosos para los jubilados y pensionados del pa\u00eds, quienes han sufrido una notoria p\u00e9rdida del poder adquisitivo&#8221;.<\/p>\n\n\n\n<p>En ese sentido, el Gobierno Nacional y\u00a0<strong>ANSES\u00a0<\/strong>reconocen que la inflaci\u00f3n ha provocado una p\u00e9rdida de poder adquisitivo en los\u00a0<strong>jubilados\u00a0<\/strong>y que el problema creado por la\u00a0<strong>Ley de Movilidad Jubilatoria<\/strong>\u00a0no puede ser postergado.<\/p>\n\n\n\n<h2 class=\"wp-block-heading\">ANSES: qu\u00e9 dice el decreto de aumento a jubilados<\/h2>\n\n\n\n<p>Seg\u00fan el decreto que lleva la firma de&nbsp;<strong>Milei<\/strong>, &#8220;la primera actualizaci\u00f3n en base a la movilidad dispuesta se har\u00e1 efectiva a partir de las prestaciones previsionales correspondientes al mes de julio de 2024&#8221;, y no desde abril como se hab\u00eda dicho en un inicio.<\/p>\n\n\n\n<p>Justamente, en abril&nbsp;<strong>ANSES&nbsp;<\/strong>otorgar\u00e1 a los&nbsp;<strong>jubilados&nbsp;<\/strong>&#8220;un incremento extraordinario equivalente al 12,5% sobre los haberes corrrespondiente a marzo&#8221;, un porcentaje que est\u00e1 lejos del 27% anunciado, en caso de que tambi\u00e9n hubiese existido el aumento confirmado.<\/p>\n\n\n\n<p>Asimismo, el decreto, en sus art\u00edculos tambi\u00e9n establece que en mayo de 2024,&nbsp;<strong>ANSES&nbsp;<\/strong>pagar\u00e1 &#8220;un adelanto de la movilidad correspondiente al mes de junio del mismo a\u00f1o&#8221; y en junio, otra suba calculada conforme a la pauta fijada en el art\u00edculo 32 de la Ley 24.241,<\/p>\n\n\n\n<p>Sobre estos aumentos a\u00a0<strong>jubilados\u00a0<\/strong>de\u00a0<strong>ANSES<\/strong>, el decreto establece que &#8220;ser\u00e1n a cuenta de la movilidad a pagar en junio de 2024 conforme el \u00edndice que se obtendr\u00e1 de acuerdo a la f\u00f3rmula de movilidad vigente a la fecha del dictado del presente. Una vez obtenido el porcentaje que surja de esta, se descontar\u00e1n los puntos porcentuales de los incrementos acumulados que la persona beneficiaria hubiera percibido&#8221;.<\/p>\n\n\n\n<p>Asimismo, el decreto tambi\u00e9n establece que en caso de los aumentos de\u00a0<strong>ANSES<\/strong>\u00a0a<strong>\u00a0jubilados\u00a0<\/strong>&#8220;superen el aumento calculado seg\u00fan la f\u00f3rmula mencionada en el primer p\u00e1rrafo de este art\u00edculo, no se descontar\u00e1 la diferencia, la que se considerar\u00e1 incorporada al haber. Si fueran menores a dicho aumento, se abonar\u00e1 la diferencia resultante&#8221;.<\/p>\n\n\n\n<h2 class=\"wp-block-heading\">ANSES: aumento y bono en abril para jubilados<\/h2>\n\n\n\n<p>Adem\u00e1s del aumento,&nbsp;<strong>ANSES&nbsp;<\/strong>le pagar\u00e1 a los&nbsp;<strong>jubilados&nbsp;<\/strong>un bono de $70.000. Este ser\u00e1 recibido por todos aquellos que cobran la m\u00ednima, seg\u00fan lo publicado por el Gobierno Nacional en el Bolet\u00edn Oficial.<\/p>\n\n\n\n<p>Este monto del bono de&nbsp;<strong>ANSES&nbsp;<\/strong>es el mismo que se abon\u00f3 en marzo a aquellos&nbsp;<strong>jubilados&nbsp;<\/strong>que cobran menos. Tambi\u00e9n lo cobran las siguientes categor\u00edas:<\/p>\n\n\n\n<ul>\n<li>Pensi\u00f3n Universal para el Adulto Mayor (PUAM)<\/li>\n\n\n\n<li>Pensi\u00f3n No Contributiva por Vejez<\/li>\n\n\n\n<li>Pensi\u00f3n No Contributiva por Invalidez<\/li>\n\n\n\n<li>Pensi\u00f3n No Contributiva Madre de 7 hijas\/os<\/li>\n\n\n\n<li>Pensiones Graciables a cargo de ANSES<\/li>\n\n\n\n<li>Otras Pensiones No Contributivas<\/li>\n<\/ul>\n\n\n\n<h2 class=\"wp-block-heading\">ANSES: fechas de pago a jubilados en abril 2024<\/h2>\n\n\n\n<p><strong>Jubilados que cobran la m\u00ednima<\/strong><\/p>\n\n\n\n<ul>\n<li>&nbsp;Documentos terminados en 0: 10 de abril<\/li>\n\n\n\n<li>Documentos terminados en 1: 11 de abril<\/li>\n\n\n\n<li>Documentos terminados en 2: 12 de abril<\/li>\n\n\n\n<li>Documentos terminados en 3: 15 de abril<\/li>\n\n\n\n<li>Documentos terminados en 4: 16 de abril<\/li>\n\n\n\n<li>Documentos terminados en 5: 17 de abril<\/li>\n\n\n\n<li>Documentos terminados en 6: 18 de abril<\/li>\n\n\n\n<li>Documentos terminados en 7: 19 de abril<\/li>\n\n\n\n<li>Documentos terminados en 8: 22 de abril<\/li>\n\n\n\n<li>Documentos terminados en 9: 23 de abril<\/li>\n<\/ul>\n\n\n\n<p><strong>Jubilados que cobran m\u00e1s que la m\u00ednima<\/strong><\/p>\n\n\n\n<ul>\n<li>&nbsp;Documentos terminados en 0 y 1: mi\u00e9rcoles 24 de abril<\/li>\n\n\n\n<li>Dodcumentos terminados en 2 y 3: jueves 25 de abril<\/li>\n\n\n\n<li>Documentos terminados en 4 y 5: viernes 26 de abril<\/li>\n\n\n\n<li>Documentos terminados en 5 y 6: lunes 29 de abril<\/li>\n\n\n\n<li>Documentos terminados en 8 y 9: martes 30 de abril<\/li>\n<\/ul>\n\n\n\n<p><strong>Fuente: www.diariouno.com.ar<\/strong><\/p>\n","protected":false},"excerpt":{"rendered":"<p>Javier Milei\u00a0y\u00a0ANSES\u00a0oficializaron el cambio en la\u00a0movilidad jubilatoria\u00a0y, por lo tanto, el aumento que recibir\u00e1n los\u00a0jubilados. Lo hicieron a trav\u00e9s de un decreto que contiene varias novedades y no todas son buenas, ya que la nueva f\u00f3rmula reci\u00e9n ser\u00e1 aplicada desde los pagos en los meses de julio. Seg\u00fan el decreto que cambia la forma de&nbsp;ANSES&nbsp;de [&hellip;]<\/p>\n","protected":false},"author":2,"featured_media":6405,"comment_status":"open","ping_status":"open","sticky":false,"template":"","format":"standard","meta":[],"categories":[57],"tags":[],"_links":{"self":[{"href":"https:\/\/pasaenmendoza.com\/index.php?rest_route=\/wp\/v2\/posts\/6404"}],"collection":[{"href":"https:\/\/pasaenmendoza.com\/index.php?rest_route=\/wp\/v2\/posts"}],"about":[{"href":"https:\/\/pasaenmendoza.com\/index.php?rest_route=\/wp\/v2\/types\/post"}],"author":[{"embeddable":true,"href":"https:\/\/pasaenmendoza.com\/index.php?rest_route=\/wp\/v2\/users\/2"}],"replies":[{"embeddable":true,"href":"https:\/\/pasaenmendoza.com\/index.php?rest_route=%2Fwp%2Fv2%2Fcomments&post=6404"}],"version-history":[{"count":1,"href":"https:\/\/pasaenmendoza.com\/index.php?rest_route=\/wp\/v2\/posts\/6404\/revisions"}],"predecessor-version":[{"id":6406,"href":"https:\/\/pasaenmendoza.com\/index.php?rest_route=\/wp\/v2\/posts\/6404\/revisions\/6406"}],"wp:featuredmedia":[{"embeddable":true,"href":"https:\/\/pasaenmendoza.com\/index.php?rest_route=\/wp\/v2\/media\/6405"}],"wp:attachment":[{"href":"https:\/\/pasaenmendoza.com\/index.php?rest_route=%2Fwp%2Fv2%2Fmedia&parent=6404"}],"wp:term":[{"taxonomy":"category","embeddable":true,"href":"https:\/\/pasaenmendoza.com\/index.php?rest_route=%2Fwp%2Fv2%2Fcategories&post=6404"},{"taxonomy":"post_tag","embeddable":true,"href":"https:\/\/pasaenmendoza.com\/index.php?rest_route=%2Fwp%2Fv2%2Ftags&post=6404"}],"curies":[{"name":"wp","href":"https:\/\/api.w.org\/{rel}","templated":true}]}}