{"id":6407,"date":"2024-03-25T21:29:08","date_gmt":"2024-03-25T20:29:08","guid":{"rendered":"https:\/\/pasaenmendoza.com\/?p=6407"},"modified":"2024-03-25T21:29:10","modified_gmt":"2024-03-25T20:29:10","slug":"por-la-sequia-mendoza-extendio-el-estado-de-emergencia-para-el-sector-ganadero-y-apicola","status":"publish","type":"post","link":"https:\/\/pasaenmendoza.com\/?p=6407","title":{"rendered":"Por la sequ\u00eda Mendoza extendi\u00f3 el estado de emergencia para el sector ganadero y ap\u00edcola"},"content":{"rendered":"\n<p>El Gobierno de Mendoza\u00a0<strong>prorrog\u00f3 el estado de emergencia y desastre agropecuario por\u00a0sequ\u00eda<\/strong>\u00a0hasta el 31 de marzo del a\u00f1o 2025. La medida alcanza a propiedades con producciones caprinas, bobinas, ovinas, equinas y ap\u00edcolas que se hayan visto afectadas por la falta de agua.<\/p>\n\n\n\n<p>As\u00ed se desprende del&nbsp;<strong>decreto 554<\/strong>, con fecha 20 de marzo de 2024, publicado en el bolet\u00edn oficial, que lleva las firmas del Ministro de Producci\u00f3n Rodolfo Vargas Arizu y del Gobernador de Mendoza Alfredo Cornejo.<\/p>\n\n\n\n<p><strong>La medida inicial se public\u00f3 en el bolet\u00edn oficial en diciembre de 2022<\/strong>\u00a0y actualmente, a ra\u00edz de la situaci\u00f3n actual de las diversas explotaciones ganaderas de la provincia, el director de Ganader\u00eda, Roberto Francisco R\u00edos, solicit\u00f3 que la medida\u00a0<strong>se extienda hasta el 31 de marzo<\/strong>\u00a0del a\u00f1o que viene.<\/p>\n\n\n\n<h2 class=\"wp-block-heading\">Fondo para la Transformaci\u00f3n y el Crecimiento<\/h2>\n\n\n\n<p>Vale destacar que todos aquellos productores alcanzados por esta medida tienen una serie de beneficios. Uno de ellos tiene que ver con la pr\u00f3rroga de los vencimientos de las cuotas a pagar por los\u00a0<strong>cr\u00e9ditos obtenidos a trav\u00e9s del Fondo para la Transformaci\u00f3n y el Crecimiento<\/strong>\u00a0(FTyC), que se encuentren dentro de los plazos que dura esta medida. Lo propio ocurre con el impuesto inmobiliario y los c\u00e1nones previstos por irrigaci\u00f3n.<\/p>\n\n\n\n<p>A su vez, desde el ejecutivo provincial se est\u00e1 trabajando para que esta medida provincial sea reconocida por el Gobierno nacional, a los efectos de que todos aquellos productores que tengan cr\u00e9ditos vigentes a trav\u00e9s del Banco Naci\u00f3n puedan hacer uso del mismo beneficio.<\/p>\n\n\n\n<p>Durante el 2023, mientras la medida estuvo vigente, desde el Ejecutivo se elabor\u00f3 un estimativo de lo que la Provincia dej\u00f3 de recaudar en concepto de cuotas prorrogadas por cr\u00e9ditos otorgados desde el FTyC, suspensi\u00f3n del pago al Impuesto Inmobiliario y del canon correspondiente a Irrigaci\u00f3n. Esta cifra fue superior a 210 millones de pesos.<\/p>\n\n\n\n<p>Si bien en lo que va del a\u00f1o la presencia de lluvia ha sido importante,&nbsp;<strong>Mendoza ven\u00eda de tres periodos consecutivos de sequ\u00eda y los campos no ten\u00edan reservas<\/strong>. La provincia no est\u00e1 ajena a lo que ha venido sucediendo en otras regiones del pa\u00eds.<strong>&nbsp;La provincia de Mendoza cuenta con un total de 3.420 productores bovinos registrados a trav\u00e9s de un RENSPA ganadero<\/strong>.<\/p>\n\n\n\n<p>El stock ganadero bovino est\u00e1 distribuido principalmente en los departamentos de&nbsp;<strong>San Rafael y General Alvear<\/strong>. El departamento de&nbsp;<strong>La Paz<\/strong>&nbsp;se encuentra en tercer lugar. En cuanto a producci\u00f3n caprina, que tambi\u00e9n es alcanzada por esta medida, el departamento que mayor cantidad de animales tiene es&nbsp;<strong>Malarg\u00fce<\/strong>&nbsp;y le sigue&nbsp;<strong>Lavalle<\/strong>.<\/p>\n\n\n\n<h2 class=\"wp-block-heading\">Incentivar la recr\u00eda en el sector ganadero<\/h2>\n\n\n\n<p>Desde el Ministerio de Producci\u00f3n provincial se viene&nbsp;<strong>apostando e incentivando la recr\u00eda de animales en la provincia.<\/strong><\/p>\n\n\n\n<p>La&nbsp;<strong>recr\u00eda<\/strong>&nbsp;es una etapa de la producci\u00f3n ganadera en la que se prioriza el crecimiento \u00f3seo-muscular de los animales, en lugar de su engrasamiento. Esta etapa comienza con el destete de los terneros y&nbsp;<strong>termina cuando los animales alcanzan un peso vivo que les permite pasar a una dieta m\u00e1s intensiva<\/strong>.<\/p>\n\n\n\n<p>Seg\u00fan datos aportados desde Ganader\u00eda, se ha logrado un incremento de animales alimentados en territorio local durante 2023.<\/p>\n\n\n\n<p>Sobre este \u00faltimo punto, se supo que esto se ha logrado gracias a la implementaci\u00f3n del sistema bajo riego que permite la producci\u00f3n de alfalfa. Mendoza tiene buena oferta forrajera y&nbsp;<strong>potencial para crecer en la recr\u00eda en Mendoza<\/strong>. Para ello se est\u00e1 haciendo uso la Ley de Est\u00edmulo 7074. Si bien la actividad ha venido mostrando un crecimiento constante, a\u00fan falta mucho por delante.&nbsp;<strong>Solo se est\u00e1 pudiendo dar respuesta al 12% de demanda local.<\/strong><\/p>\n\n\n\n<p><strong>Fuente: www.diariouno.com.ar<\/strong><a rel=\"noreferrer noopener\" href=\"https:\/\/www.facebook.com\/dialog\/feed?app_id=161316767303985&amp;link=https%3A%2F%2Fwww.diariouno.com.ar%2Feconomia%2Fpor-la-sequia-mendoza-extendio-el-estado-emergencia-el-sector-ganadero-y-apicola-n1306631&amp;name=Por+la+sequ%C3%ADa+Mendoza+extendi%C3%B3+el+estado+de+emergencia+para+el+sector+ganadero+y+ap%C3%ADcola&amp;caption=Ganader%C3%ADa&amp;description=La+medida+alcanza+a+propiedades+con+producciones+caprinas%2C+bobinas%2C+ovinas%2C+equinas+y+ap%C3%ADcolas+que+se+hayan+visto+afectadas+por+la+falta+de+agua&amp;redirect_uri=https%3A%2F%2Fwww.diariouno.com.ar%2Feconomia%2Fpor-la-sequia-mendoza-extendio-el-estado-emergencia-el-sector-ganadero-y-apicola-n1306631\" target=\"_blank\"><\/a><\/p>\n","protected":false},"excerpt":{"rendered":"<p>El Gobierno de Mendoza\u00a0prorrog\u00f3 el estado de emergencia y desastre agropecuario por\u00a0sequ\u00eda\u00a0hasta el 31 de marzo del a\u00f1o 2025. La medida alcanza a propiedades con producciones caprinas, bobinas, ovinas, equinas y ap\u00edcolas que se hayan visto afectadas por la falta de agua. As\u00ed se desprende del&nbsp;decreto 554, con fecha 20 de marzo de 2024, publicado [&hellip;]<\/p>\n","protected":false},"author":2,"featured_media":6408,"comment_status":"open","ping_status":"open","sticky":false,"template":"","format":"standard","meta":[],"categories":[103],"tags":[],"_links":{"self":[{"href":"https:\/\/pasaenmendoza.com\/index.php?rest_route=\/wp\/v2\/posts\/6407"}],"collection":[{"href":"https:\/\/pasaenmendoza.com\/index.php?rest_route=\/wp\/v2\/posts"}],"about":[{"href":"https:\/\/pasaenmendoza.com\/index.php?rest_route=\/wp\/v2\/types\/post"}],"author":[{"embeddable":true,"href":"https:\/\/pasaenmendoza.com\/index.php?rest_route=\/wp\/v2\/users\/2"}],"replies":[{"embeddable":true,"href":"https:\/\/pasaenmendoza.com\/index.php?rest_route=%2Fwp%2Fv2%2Fcomments&post=6407"}],"version-history":[{"count":1,"href":"https:\/\/pasaenmendoza.com\/index.php?rest_route=\/wp\/v2\/posts\/6407\/revisions"}],"predecessor-version":[{"id":6409,"href":"https:\/\/pasaenmendoza.com\/index.php?rest_route=\/wp\/v2\/posts\/6407\/revisions\/6409"}],"wp:featuredmedia":[{"embeddable":true,"href":"https:\/\/pasaenmendoza.com\/index.php?rest_route=\/wp\/v2\/media\/6408"}],"wp:attachment":[{"href":"https:\/\/pasaenmendoza.com\/index.php?rest_route=%2Fwp%2Fv2%2Fmedia&parent=6407"}],"wp:term":[{"taxonomy":"category","embeddable":true,"href":"https:\/\/pasaenmendoza.com\/index.php?rest_route=%2Fwp%2Fv2%2Fcategories&post=6407"},{"taxonomy":"post_tag","embeddable":true,"href":"https:\/\/pasaenmendoza.com\/index.php?rest_route=%2Fwp%2Fv2%2Ftags&post=6407"}],"curies":[{"name":"wp","href":"https:\/\/api.w.org\/{rel}","templated":true}]}}