{"id":6410,"date":"2024-03-26T12:35:52","date_gmt":"2024-03-26T11:35:52","guid":{"rendered":"https:\/\/pasaenmendoza.com\/?p=6410"},"modified":"2024-03-26T12:35:53","modified_gmt":"2024-03-26T11:35:53","slug":"el-gobierno-no-reformara-la-ley-de-coparticipacion-y-posterga-un-cambio-clave","status":"publish","type":"post","link":"https:\/\/pasaenmendoza.com\/?p=6410","title":{"rendered":"El Gobierno no reformar\u00e1 la Ley de Coparticipaci\u00f3n y posterga un cambio clave"},"content":{"rendered":"\n<p>El Ejecutivo provincial incluir\u00eda en un paquete fiscal la modificaci\u00f3n en el coeficiente de equilibrio del desarrollo regional, pero no avanzar\u00e1 en el cambio de fondo que reclaman varios intendentes.<\/p>\n\n\n\n<p>Durante los \u00faltimos meses se ha desatado una guerra entre intendentes mendocinos por el reparto de la\u00a0<strong>coparticipaci\u00f3n\u00a0<\/strong>y varios de ellos han reclamado al Gobierno provincial una actualizaci\u00f3n en la distribuci\u00f3n de los recursos. En la Casa de Gobierno\u00a0vienen preparando una modificaci\u00f3n parcial en la legislaci\u00f3n que se incluir\u00eda en el paquete fiscal que el gobernador\u00a0<strong>Alfredo Cornejo<\/strong>\u00a0enviar\u00e1 a la Legislatura durante abril. Sin embargo, desde el Ejecutivo provincial advierten que no se avanzar\u00e1 en una reforma a la Ley de Coparticipaci\u00f3n provincial.<\/p>\n\n\n\n<p>La legislaci\u00f3n provincial actual establece que la distribuci\u00f3n de los recursos coparticipables entre los 18 departamentos se realiza teniendo en cuenta tres criterios. El 25% se reparte en partes iguales entre las comunas, el 10% se distribuye en base al coeficiente de equilibrio del desarrollo regional y el 65% se env\u00eda en proporci\u00f3n a la poblaci\u00f3n de cada departamento.<\/p>\n\n\n\n<p>El \u00faltimo de los par\u00e1metros tuvo una importante modificaci\u00f3n este a\u00f1o luego de que se aplicaran los datos provisorios del Censo 2022. A trav\u00e9s de la Resoluci\u00f3n N\u00ba 10 del Ministerio de Hacienda y Finanzas se modificaron los \u00edndices correspondientes a cada departamento respecto de su poblaci\u00f3n. Por ejemplo, Luj\u00e1n de Cuyo y Maip\u00fa se vieron beneficiados por la nueva f\u00f3rmula, mientras que Godoy Cruz, Las Heras y Guaymall\u00e9n se consideraron perjudicados en reparto y cuestionaron la rigurosidad y precisi\u00f3n del estudio realizado por el INDEC.<\/p>\n\n\n\n<p>En medio de los cruces y reproches entre intendentes, el Gobierno provincial se puso a trabajar en una modificaci\u00f3n al coeficiente de equilibrio del desarrollo regional, que como su nombre indica busca compensar las diferencias entre las comunas con mayor cantidad de habitantes y las menos pobladas.<\/p>\n\n\n\n<p>Se esperaba que esta semana ingrese a la Legislatura el proyecto, pero desde el Ejecutivo descartaron esa posibilidad e indicaron que lo m\u00e1s probable es que se incluya en el paquete de reformas fiscales que Cornejo adelant\u00f3 que enviar\u00e1 antes del 1 de mayo, fecha en la que iniciar\u00e1n las sesiones ordinarias.<\/p>\n\n\n\n<p>En este sentido, el Gobierno no avanzar\u00e1 en una modificaci\u00f3n de fondo e integral en la&nbsp;<strong>Ley de Coparticipaci\u00f3n<\/strong>, que es planteo que vienen realizando hace meses varios intendentes. Si bien el mandatario provincial entiende que es necesario modificar esta norma, considera que la discusi\u00f3n debe darse en otro contexto en el que hayan mayores certezas sobre las variables econ\u00f3micas.<\/p>\n\n\n\n<p>De esta manera, pese a los reclamos de varios intendentes solo se avanzar\u00e1 en una correcci\u00f3n del coeficiente de equilibrio del desarrollo regional, el cual ya estar\u00eda siendo analizado por algunos jefes comunales y el equipo de Hacienda provincial.<\/p>\n\n\n\n<p>La visi\u00f3n reinante en la Casa de Gobierno es que la Ley de Coparticipaci\u00f3n sancionada durante la d\u00e9cada de los a\u00f1os 90 era buena porque introduc\u00eda ratios sobre personal e inversiones y premiaba la eficacia y la eficiencia de los municipios.<\/p>\n\n\n\n<p>Esa norma se derog\u00f3 tiempo despu\u00e9s y se modific\u00f3 por una en la que se pondera m\u00e1s la cantidad de habitantes de los departamentos para el reparto. All\u00ed se incluy\u00f3 el correctivo para cada uno de los censos, por si hab\u00edan distorsiones muy grandes, el cual se ha modificado en m\u00e1s de una oportunidad.<\/p>\n\n\n\n<p>FUENTE: Mdzonline.<\/p>\n\n\n\n<p><\/p>\n\n\n\n<p><\/p>\n","protected":false},"excerpt":{"rendered":"<p>El Ejecutivo provincial incluir\u00eda en un paquete fiscal la modificaci\u00f3n en el coeficiente de equilibrio del desarrollo regional, pero no avanzar\u00e1 en el cambio de fondo que reclaman varios intendentes. Durante los \u00faltimos meses se ha desatado una guerra entre intendentes mendocinos por el reparto de la\u00a0coparticipaci\u00f3n\u00a0y varios de ellos han reclamado al Gobierno provincial [&hellip;]<\/p>\n","protected":false},"author":2,"featured_media":6411,"comment_status":"open","ping_status":"open","sticky":true,"template":"","format":"standard","meta":[],"categories":[47],"tags":[],"_links":{"self":[{"href":"https:\/\/pasaenmendoza.com\/index.php?rest_route=\/wp\/v2\/posts\/6410"}],"collection":[{"href":"https:\/\/pasaenmendoza.com\/index.php?rest_route=\/wp\/v2\/posts"}],"about":[{"href":"https:\/\/pasaenmendoza.com\/index.php?rest_route=\/wp\/v2\/types\/post"}],"author":[{"embeddable":true,"href":"https:\/\/pasaenmendoza.com\/index.php?rest_route=\/wp\/v2\/users\/2"}],"replies":[{"embeddable":true,"href":"https:\/\/pasaenmendoza.com\/index.php?rest_route=%2Fwp%2Fv2%2Fcomments&post=6410"}],"version-history":[{"count":1,"href":"https:\/\/pasaenmendoza.com\/index.php?rest_route=\/wp\/v2\/posts\/6410\/revisions"}],"predecessor-version":[{"id":6412,"href":"https:\/\/pasaenmendoza.com\/index.php?rest_route=\/wp\/v2\/posts\/6410\/revisions\/6412"}],"wp:featuredmedia":[{"embeddable":true,"href":"https:\/\/pasaenmendoza.com\/index.php?rest_route=\/wp\/v2\/media\/6411"}],"wp:attachment":[{"href":"https:\/\/pasaenmendoza.com\/index.php?rest_route=%2Fwp%2Fv2%2Fmedia&parent=6410"}],"wp:term":[{"taxonomy":"category","embeddable":true,"href":"https:\/\/pasaenmendoza.com\/index.php?rest_route=%2Fwp%2Fv2%2Fcategories&post=6410"},{"taxonomy":"post_tag","embeddable":true,"href":"https:\/\/pasaenmendoza.com\/index.php?rest_route=%2Fwp%2Fv2%2Ftags&post=6410"}],"curies":[{"name":"wp","href":"https:\/\/api.w.org\/{rel}","templated":true}]}}