{"id":6413,"date":"2024-03-26T12:41:45","date_gmt":"2024-03-26T11:41:45","guid":{"rendered":"https:\/\/pasaenmendoza.com\/?p=6413"},"modified":"2024-03-26T12:41:47","modified_gmt":"2024-03-26T11:41:47","slug":"el-ministro-guillermo-francos-le-confirmo-a-ulpiano-suarez-una-reunion-clave-para-intendentes","status":"publish","type":"post","link":"https:\/\/pasaenmendoza.com\/?p=6413","title":{"rendered":"El ministro Guillermo Francos le confirm\u00f3 a Ulpiano Suarez una reuni\u00f3n clave para intendentes"},"content":{"rendered":"\n<p>El ministro de Interior recibi\u00f3 al alcalde capitalino y a sus pares de C\u00f3rdoba y Paran\u00e1. Le transmitieron su preocupaci\u00f3n por la obra p\u00fablica, el subsidio al transporte y el financiamiento internacional.<\/p>\n\n\n\n<p>Tres intendentes de ciudades capitales argentinas, entre ellas, el mendocino&nbsp;<strong>Ulpiano Suarez<\/strong>, se reunieron este lunes con el ministro de Interior<strong>&nbsp;Guillermo Francos<\/strong>&nbsp;para sintetizar la preocupaci\u00f3n que tienen jefes comunales de todo el pa\u00eds. El compromiso es volver a reunirse a fines de abril en un encuentro nacional con representantes del gobierno de<strong>&nbsp;Javier Milei<\/strong>.<\/p>\n\n\n\n<p>Los problemas en com\u00fan que encuentran diferentes intendentes fueron la s\u00edntesis de un encuentro realizado la semana pasada en C\u00f3rdoba. Suarez acudi\u00f3 a la cita con Francos junto a&nbsp;<strong>Daniel Passerini<\/strong>, que est\u00e1 al frente de&nbsp;<strong>C\u00f3rdoba capital<\/strong>, y de&nbsp;<strong>Rosario Romero<\/strong>, la intendenta de&nbsp;<strong>Paran\u00e1<\/strong>.<\/p>\n\n\n\n<p>Los alcaldes le transmitieron a Francos tres preocupaciones centrales: por un lado,<mark>&nbsp;la paralizaci\u00f3n de la obra p\u00fablica nacional en sus departamentos<\/mark>; luego,&nbsp;<mark>la ca\u00edda en los subsidios nacionales para el transporte de pasajeros<\/mark>&nbsp;y, por \u00faltimo,&nbsp;<mark>la posibilidad de conseguir financiamiento a trav\u00e9s de organismos internacionales&nbsp;<\/mark>como el BID.<\/p>\n\n\n\n<p>El compromiso fue trabajar esta agenda de temas para llegar a una reuni\u00f3n nacional que tiene una fecha y lugar tentativos:&nbsp;<mark>a fines de abril, en un cara a cara entre los intendentes de capitales y el ministro Francos en la ciudad de Rosario<\/mark>.<\/p>\n\n\n\n<p>\u201c<em>Francos mostr\u00f3 muy buena predisposici\u00f3n<\/em>\u201c, indic\u00f3 el intendente de la Ciudad de Mendoza. Por lo pronto, los intendentes volver\u00e1n a reunirse la semana pr\u00f3xima, pero por videollamada, para hacer un relevamiento por la obra p\u00fablica fondeada por Naci\u00f3n que est\u00e1 paralizada o demorada, sobre los proyectos que tienen sus respectivas ciudades.<\/p>\n\n\n\n<p>Francos tambi\u00e9n les garantiz\u00f3 que la cartera a su cargo ser\u00e1 \u201c<em>el puente<\/em>\u201d con los organismos financieros de cr\u00e9dito internacional \u201c<em>con proyectos ya presentados, para que sea m\u00e1s \u00e1gil esa agenda<\/em>\u201c.<\/p>\n\n\n\n<p>En el caso de la obra p\u00fablica nacional, Suarez tiene en su territorio la obra de urbanizaci\u00f3n -pavimentaci\u00f3n, vereda, cunetas- para el barrio La Favorita, que era financiada por el Gobierno nacional. Adem\u00e1s de obras vinculadas a agua potable y saneamiento con un acueducto y una cisterna tambi\u00e9n para el conglomerado de barrios del oeste de Capital.<\/p>\n\n\n\n<p>En la red social X (Twitter), el ministro Francos public\u00f3 una foto del encuentro con Suarez, Passerini y Romero.<\/p>\n\n\n\n<p>FUENTE: Elsol.com.ar <\/p>\n","protected":false},"excerpt":{"rendered":"<p>El ministro de Interior recibi\u00f3 al alcalde capitalino y a sus pares de C\u00f3rdoba y Paran\u00e1. Le transmitieron su preocupaci\u00f3n por la obra p\u00fablica, el subsidio al transporte y el financiamiento internacional. Tres intendentes de ciudades capitales argentinas, entre ellas, el mendocino&nbsp;Ulpiano Suarez, se reunieron este lunes con el ministro de Interior&nbsp;Guillermo Francos&nbsp;para sintetizar la [&hellip;]<\/p>\n","protected":false},"author":2,"featured_media":6414,"comment_status":"open","ping_status":"open","sticky":true,"template":"","format":"standard","meta":[],"categories":[47],"tags":[],"_links":{"self":[{"href":"https:\/\/pasaenmendoza.com\/index.php?rest_route=\/wp\/v2\/posts\/6413"}],"collection":[{"href":"https:\/\/pasaenmendoza.com\/index.php?rest_route=\/wp\/v2\/posts"}],"about":[{"href":"https:\/\/pasaenmendoza.com\/index.php?rest_route=\/wp\/v2\/types\/post"}],"author":[{"embeddable":true,"href":"https:\/\/pasaenmendoza.com\/index.php?rest_route=\/wp\/v2\/users\/2"}],"replies":[{"embeddable":true,"href":"https:\/\/pasaenmendoza.com\/index.php?rest_route=%2Fwp%2Fv2%2Fcomments&post=6413"}],"version-history":[{"count":1,"href":"https:\/\/pasaenmendoza.com\/index.php?rest_route=\/wp\/v2\/posts\/6413\/revisions"}],"predecessor-version":[{"id":6415,"href":"https:\/\/pasaenmendoza.com\/index.php?rest_route=\/wp\/v2\/posts\/6413\/revisions\/6415"}],"wp:featuredmedia":[{"embeddable":true,"href":"https:\/\/pasaenmendoza.com\/index.php?rest_route=\/wp\/v2\/media\/6414"}],"wp:attachment":[{"href":"https:\/\/pasaenmendoza.com\/index.php?rest_route=%2Fwp%2Fv2%2Fmedia&parent=6413"}],"wp:term":[{"taxonomy":"category","embeddable":true,"href":"https:\/\/pasaenmendoza.com\/index.php?rest_route=%2Fwp%2Fv2%2Fcategories&post=6413"},{"taxonomy":"post_tag","embeddable":true,"href":"https:\/\/pasaenmendoza.com\/index.php?rest_route=%2Fwp%2Fv2%2Ftags&post=6413"}],"curies":[{"name":"wp","href":"https:\/\/api.w.org\/{rel}","templated":true}]}}