{"id":6416,"date":"2024-03-26T12:47:19","date_gmt":"2024-03-26T11:47:19","guid":{"rendered":"https:\/\/pasaenmendoza.com\/?p=6416"},"modified":"2024-03-26T12:47:20","modified_gmt":"2024-03-26T11:47:20","slug":"ya-son-40-despidos-de-anses-en-mendoza-en-lo-que-va-del-ano","status":"publish","type":"post","link":"https:\/\/pasaenmendoza.com\/?p=6416","title":{"rendered":"Ya son 40 despidos de Anses en Mendoza en lo que va del a\u00f1o"},"content":{"rendered":"\n<p>Este lunes, las oficinas de<strong>\u00a0Anses Mendoza<\/strong>\u00a0-como otras tantas en el pa\u00eds- no abrieron sus puertas debido a que\u00a0<strong>sus empleados se encontraban en estado de asamblea permanente a ra\u00edz de los despidos<\/strong>\u00a0llevados adelante en el organismo.<\/p>\n\n\n\n<p><strong>Seg\u00fan se conoci\u00f3, el total es de 856 despidos en todo el pa\u00eds en esta tanda. De esos, 17 son en la provincia de Mendoza<\/strong>. Sin embargo, los trabajadores del organismo temen que &#8220;la motosierra&#8221; siga activa y venga un tercer recorte de personal.<\/p>\n\n\n\n<p>Sucede que\u00a0<strong>meses atr\u00e1s<\/strong>, mientras iniciaba el a\u00f1o,\u00a0<strong>hubo 23 despidos en Mendoza<\/strong>. En esa primera tanda de despidos se avanz\u00f3 sobre jefes con cargos pol\u00edticos, designados por el \u00faltimo gobierno, y jefes de oficinas.<\/p>\n\n\n\n<p>En tanto que en<strong>\u00a0esta nueva tanda ha habido 17 despedidos<\/strong>. Desde el Gobierno aseguraron que se trata de &#8220;cargos claves de La C\u00e1mpora&#8221;, mientras que los distintos sindicatos reclaman por los despidos y aseguran que se ha dado un proceso de &#8220;vaciamiento&#8221;.<\/p>\n\n\n\n<p>Los despedidos llevados adelante por el Gobierno ser\u00edan todas aquellas personas que ingresaron entre los a\u00f1os 2020 y 2023, es decir, bajo la gesti\u00f3n del \u00faltimo gobierno. En tanto que tambi\u00e9n hubo reclamos en distintas partes del pa\u00eds por el despido de personas con licencias prolongadas.<\/p>\n\n\n\n<p>Mientras tanto, los trabajadores mantuvieron cerradas las oficinas en la provincia y hay preocupaci\u00f3n por la continuidad laboral. &#8220;Dicen que quieren echar 2000, faltar\u00edan 1200 m\u00e1s&#8221;, advierten en las distintas protestas que se han llevado a cabo en distintas zonas del pa\u00eds.<\/p>\n\n\n\n<p>Por otro lado, los trabajadores desmienten la versi\u00f3n del gobierno sobre &#8220;el crecimiento&#8221; de Anses. &#8220;La gesti\u00f3n anterior termin\u00f3 con menos empleados de los que comenz\u00f3. En el a\u00f1o pasado se dec\u00edan que hab\u00edan ingresado 4000 y no es cierto&#8221;, advierten desde Anses.<\/p>\n\n\n\n<p>De donde son los despedidos en Mendoza<\/p>\n\n\n\n<p>Todas las oficinas de Mendoza dependen de la Jefatura Regional Cuyo, salvo una que es la UDAT (Atenci\u00f3n telef\u00f3nica) que no figura en los registros junto con las otras administraciones locales.<\/p>\n\n\n\n<p>Entre los despidos en el Gran Mendoza hay una persona despedida en Godoy Cruz, dos en Guaymall\u00e9n, dos en Las Heras y dos en Ciudad. Mientras que en el resto de la provincia tambi\u00e9n despidieron una persona de la oficina de General Alvear, una en Lavalle, una en Luj\u00e1n, una en Malarg\u00fce, una en San Rafael y tres en Uspallata.<\/p>\n\n\n\n<p>Por otro lado, otras dos personas del \u00e1rea de Atenci\u00f3n Telef\u00f3nica tambi\u00e9n fueron despedidas.<\/p>\n\n\n\n<p>Desde los distintos gremios miran alarmados la situaci\u00f3n y advierten que hay algunas oficinas que sienten un fuerte golpe con los despidos y otras que, incluso, deber\u00e1n cerrar porque no tienen gente para la atenci\u00f3n.<\/p>\n\n\n\n<p>FUENTE: Mendozapost.<\/p>\n","protected":false},"excerpt":{"rendered":"<p>Este lunes, las oficinas de\u00a0Anses Mendoza\u00a0-como otras tantas en el pa\u00eds- no abrieron sus puertas debido a que\u00a0sus empleados se encontraban en estado de asamblea permanente a ra\u00edz de los despidos\u00a0llevados adelante en el organismo. Seg\u00fan se conoci\u00f3, el total es de 856 despidos en todo el pa\u00eds en esta tanda. De esos, 17 son [&hellip;]<\/p>\n","protected":false},"author":2,"featured_media":6417,"comment_status":"open","ping_status":"open","sticky":true,"template":"","format":"standard","meta":[],"categories":[47],"tags":[],"_links":{"self":[{"href":"https:\/\/pasaenmendoza.com\/index.php?rest_route=\/wp\/v2\/posts\/6416"}],"collection":[{"href":"https:\/\/pasaenmendoza.com\/index.php?rest_route=\/wp\/v2\/posts"}],"about":[{"href":"https:\/\/pasaenmendoza.com\/index.php?rest_route=\/wp\/v2\/types\/post"}],"author":[{"embeddable":true,"href":"https:\/\/pasaenmendoza.com\/index.php?rest_route=\/wp\/v2\/users\/2"}],"replies":[{"embeddable":true,"href":"https:\/\/pasaenmendoza.com\/index.php?rest_route=%2Fwp%2Fv2%2Fcomments&post=6416"}],"version-history":[{"count":1,"href":"https:\/\/pasaenmendoza.com\/index.php?rest_route=\/wp\/v2\/posts\/6416\/revisions"}],"predecessor-version":[{"id":6418,"href":"https:\/\/pasaenmendoza.com\/index.php?rest_route=\/wp\/v2\/posts\/6416\/revisions\/6418"}],"wp:featuredmedia":[{"embeddable":true,"href":"https:\/\/pasaenmendoza.com\/index.php?rest_route=\/wp\/v2\/media\/6417"}],"wp:attachment":[{"href":"https:\/\/pasaenmendoza.com\/index.php?rest_route=%2Fwp%2Fv2%2Fmedia&parent=6416"}],"wp:term":[{"taxonomy":"category","embeddable":true,"href":"https:\/\/pasaenmendoza.com\/index.php?rest_route=%2Fwp%2Fv2%2Fcategories&post=6416"},{"taxonomy":"post_tag","embeddable":true,"href":"https:\/\/pasaenmendoza.com\/index.php?rest_route=%2Fwp%2Fv2%2Ftags&post=6416"}],"curies":[{"name":"wp","href":"https:\/\/api.w.org\/{rel}","templated":true}]}}