{"id":6425,"date":"2024-03-26T15:19:55","date_gmt":"2024-03-26T14:19:55","guid":{"rendered":"https:\/\/pasaenmendoza.com\/?p=6425"},"modified":"2024-03-26T15:19:56","modified_gmt":"2024-03-26T14:19:56","slug":"se-presento-el-delivery-que-baleo-a-un-asaltante-en-ciudad-y-entrego-dos-armas","status":"publish","type":"post","link":"https:\/\/pasaenmendoza.com\/?p=6425","title":{"rendered":"Se present\u00f3 el delivery que bale\u00f3 a un asaltante en Ciudad y entreg\u00f3 dos armas"},"content":{"rendered":"\n<p><strong>El delivery de Pedidos Ya que bale\u00f3 el s\u00e1bado por la noche en la Cuarta Secci\u00f3n<\/strong>&nbsp;a un presunto asaltante se present\u00f3 este mi\u00e9rcoles con un abogado en el edificio del Ministerio P\u00fablico Fiscal y<strong>&nbsp;entreg\u00f3 dos armas de fuego<\/strong>, una que ser\u00eda de su propiedad y otra del sujeto que lo abord\u00f3 con el objetivo de robarle la moto.<\/p>\n\n\n\n<p><mark>Se trata de un hombre de 56 a\u00f1os<\/mark>\u00a0que era buscado por la fiscal de Homicidios\u00a0<strong>Claudia Alejandra R\u00edos<\/strong>\u00a0desde los primeros momentos de la instrucci\u00f3n,\u00a0debido a que hab\u00eda quedado registrado en c\u00e1maras de seguridad. \u00a0<\/p>\n\n\n\n<p>De acuerdo con fuentes consultadas por este diario,\u00a0<mark>qued\u00f3 alojado en calidad de aprehendido mientras se define su futuro procesal en el expediente<\/mark>, ya que podr\u00eda tratarse de un caso de<strong>\u00a0exceso de la leg\u00edtima defensa<\/strong>. Las armas que puso a disposici\u00f3n para peritajes fueron una\u00a0<strong>pistola 380\u00a0<\/strong>(en la escena se levantaron seis vainas de ese calibre) y un\u00a0<strong>rev\u00f3lver 32.<\/strong><\/p>\n\n\n\n<p>El joven baleado fue identificado horas despu\u00e9s del hecho cuando se present\u00f3 una hermana y se encuentra internado en Hospital Central en grave estado. Hasta este lunes por la tarde,&nbsp;<strong>permanec\u00eda en coma inducido<\/strong>&nbsp;luego de haber recibido tres balazos en zonas como t\u00f3rax, cuello y pierna izquierda. &nbsp;<\/p>\n\n\n\n<p>Por las fuentes consultadas, se trata de\u00a0<strong>Gustavo Gabriel Lucero<\/strong>, oriundo del barrio Santa Teresita de Las Heras y con antecedentes por lesiones, amenazas, hurto y robo.<\/p>\n\n\n\n<p>La reconstrucci\u00f3n del hecho sostiene que, a las 22.30,&nbsp;<strong>dos asaltantes se movilizaban en una moto 150cc blanca por calle Espa\u00f1a hacia el norte<\/strong>. En un momento frenaron la marcha donde se encontraba en delivery al lado de su moto. El acompa\u00f1ante descendi\u00f3 y abord\u00f3 a la v\u00edctima del robo.&nbsp;<strong>C\u00e1maras de seguridad captaron esa secuencia del hecho.<\/strong><\/p>\n\n\n\n<p>Al parecer, hubo un forcejeo y se observ\u00f3 en los registros salir al presunto asaltante con la moto robada a contramano por Espa\u00f1a.&nbsp;<mark>A posterior se lo vio al trabajador salir con un arma y comenzar a disparar<\/mark>.<\/p>\n\n\n\n<p>Los plomos dieron en la espalda del sujeto y luego el delivery tom\u00f3 su veh\u00edculo y se fue de la escena por calle Echeverr\u00eda hacia el este, tambi\u00e9n a contramano.<\/p>\n\n\n\n<p>Testigos llamaron al 911 y una ambulancia del SEC lleg\u00f3 hasta el lugar. Carg\u00f3 al herido y lo traslad\u00f3 hasta el Hospital Central en estado cr\u00edtico.<strong>\u00a0Qued\u00f3 alojado en Terapia Intensiva intubado y en coma inducido.<\/strong><\/p>\n\n\n\n<p><strong>Fuente: www.elsol.com.ar<\/strong><\/p>\n","protected":false},"excerpt":{"rendered":"<p>El delivery de Pedidos Ya que bale\u00f3 el s\u00e1bado por la noche en la Cuarta Secci\u00f3n&nbsp;a un presunto asaltante se present\u00f3 este mi\u00e9rcoles con un abogado en el edificio del Ministerio P\u00fablico Fiscal y&nbsp;entreg\u00f3 dos armas de fuego, una que ser\u00eda de su propiedad y otra del sujeto que lo abord\u00f3 con el objetivo de [&hellip;]<\/p>\n","protected":false},"author":2,"featured_media":6426,"comment_status":"open","ping_status":"open","sticky":false,"template":"","format":"standard","meta":[],"categories":[48],"tags":[],"_links":{"self":[{"href":"https:\/\/pasaenmendoza.com\/index.php?rest_route=\/wp\/v2\/posts\/6425"}],"collection":[{"href":"https:\/\/pasaenmendoza.com\/index.php?rest_route=\/wp\/v2\/posts"}],"about":[{"href":"https:\/\/pasaenmendoza.com\/index.php?rest_route=\/wp\/v2\/types\/post"}],"author":[{"embeddable":true,"href":"https:\/\/pasaenmendoza.com\/index.php?rest_route=\/wp\/v2\/users\/2"}],"replies":[{"embeddable":true,"href":"https:\/\/pasaenmendoza.com\/index.php?rest_route=%2Fwp%2Fv2%2Fcomments&post=6425"}],"version-history":[{"count":1,"href":"https:\/\/pasaenmendoza.com\/index.php?rest_route=\/wp\/v2\/posts\/6425\/revisions"}],"predecessor-version":[{"id":6427,"href":"https:\/\/pasaenmendoza.com\/index.php?rest_route=\/wp\/v2\/posts\/6425\/revisions\/6427"}],"wp:featuredmedia":[{"embeddable":true,"href":"https:\/\/pasaenmendoza.com\/index.php?rest_route=\/wp\/v2\/media\/6426"}],"wp:attachment":[{"href":"https:\/\/pasaenmendoza.com\/index.php?rest_route=%2Fwp%2Fv2%2Fmedia&parent=6425"}],"wp:term":[{"taxonomy":"category","embeddable":true,"href":"https:\/\/pasaenmendoza.com\/index.php?rest_route=%2Fwp%2Fv2%2Fcategories&post=6425"},{"taxonomy":"post_tag","embeddable":true,"href":"https:\/\/pasaenmendoza.com\/index.php?rest_route=%2Fwp%2Fv2%2Ftags&post=6425"}],"curies":[{"name":"wp","href":"https:\/\/api.w.org\/{rel}","templated":true}]}}