{"id":6428,"date":"2024-03-26T15:23:09","date_gmt":"2024-03-26T14:23:09","guid":{"rendered":"https:\/\/pasaenmendoza.com\/?p=6428"},"modified":"2024-03-26T15:23:10","modified_gmt":"2024-03-26T14:23:10","slug":"un-chico-de-17-anos-fue-baleado-en-la-favorita-y-sospechan-de-un-hombre-con-muletas","status":"publish","type":"post","link":"https:\/\/pasaenmendoza.com\/?p=6428","title":{"rendered":"Un chico de 17 a\u00f1os fue baleado en La Favorita y sospechan de un hombre con muletas"},"content":{"rendered":"\n<p>Un chico de 17 a\u00f1os fue\u00a0<strong>baleado<\/strong>\u00a0en el abdomen en el barrio La Favorita, en Capital, y qued\u00f3<strong>\u00a0internado en muy grave estado en el Hospital Central<\/strong>. Indicaron que hab\u00eda salido de su casa para ir a comprar cuando fue atacado por un hombre conocido como<strong>\u00a0Yiyo o Marito, quien andar\u00eda en muletas.<\/strong>\u00a0Todav\u00eda no hay detenidos.<\/p>\n\n\n\n<p>El hecho ocurri\u00f3 a plena luz del d\u00eda, minutos antes de las 14 del lunes, en<strong>&nbsp;calles Pablo Neruda y 20 de Junio, de Capital,<\/strong>&nbsp;cuando el muchacho de 17 a\u00f1os&nbsp;<strong>sali\u00f3 de su casa para ir a comprar, seg\u00fan relat\u00f3 su propia familia.<\/strong><\/p>\n\n\n\n<p>Varios llamados al 911 alertaron sobre un tiroteo y una persona herida que fue llevada en auto particular hasta el Hospital Lagomaggiore, donde los m\u00e9dicos indicaron que\u00a0<strong>estaba en estado cr\u00edtico debido al proyectil que recibi\u00f3 en su abdomen, por donde hab\u00eda perdido mucha sangre.<\/strong><\/p>\n\n\n\n<p>Por su estado, fue trasladado al Central donde&nbsp;<strong>lo operaron y qued\u00f3 internado en terapia intensiva, en estado delicado.<\/strong><\/p>\n\n\n\n<p>Familiares de la v\u00edctima indicaron que el ataque fue cerca del aut\u00f3dromo, en el interior de La Favorita, y que\u00a0<strong>el autor ser\u00eda el mencionado Yiyo o Marito, quien creen que anda en muletas.<\/strong>\u00a0Tambi\u00e9n nombraron a un tal\u00a0<strong>Rengo David<\/strong>, quien podr\u00eda estar vinculado con el hecho.<\/p>\n\n\n\n<p><strong>Fuente: www.diariouno.com.ar<\/strong><\/p>\n","protected":false},"excerpt":{"rendered":"<p>Un chico de 17 a\u00f1os fue\u00a0baleado\u00a0en el abdomen en el barrio La Favorita, en Capital, y qued\u00f3\u00a0internado en muy grave estado en el Hospital Central. Indicaron que hab\u00eda salido de su casa para ir a comprar cuando fue atacado por un hombre conocido como\u00a0Yiyo o Marito, quien andar\u00eda en muletas.\u00a0Todav\u00eda no hay detenidos. El hecho [&hellip;]<\/p>\n","protected":false},"author":2,"featured_media":6429,"comment_status":"open","ping_status":"open","sticky":false,"template":"","format":"standard","meta":[],"categories":[48],"tags":[],"_links":{"self":[{"href":"https:\/\/pasaenmendoza.com\/index.php?rest_route=\/wp\/v2\/posts\/6428"}],"collection":[{"href":"https:\/\/pasaenmendoza.com\/index.php?rest_route=\/wp\/v2\/posts"}],"about":[{"href":"https:\/\/pasaenmendoza.com\/index.php?rest_route=\/wp\/v2\/types\/post"}],"author":[{"embeddable":true,"href":"https:\/\/pasaenmendoza.com\/index.php?rest_route=\/wp\/v2\/users\/2"}],"replies":[{"embeddable":true,"href":"https:\/\/pasaenmendoza.com\/index.php?rest_route=%2Fwp%2Fv2%2Fcomments&post=6428"}],"version-history":[{"count":1,"href":"https:\/\/pasaenmendoza.com\/index.php?rest_route=\/wp\/v2\/posts\/6428\/revisions"}],"predecessor-version":[{"id":6430,"href":"https:\/\/pasaenmendoza.com\/index.php?rest_route=\/wp\/v2\/posts\/6428\/revisions\/6430"}],"wp:featuredmedia":[{"embeddable":true,"href":"https:\/\/pasaenmendoza.com\/index.php?rest_route=\/wp\/v2\/media\/6429"}],"wp:attachment":[{"href":"https:\/\/pasaenmendoza.com\/index.php?rest_route=%2Fwp%2Fv2%2Fmedia&parent=6428"}],"wp:term":[{"taxonomy":"category","embeddable":true,"href":"https:\/\/pasaenmendoza.com\/index.php?rest_route=%2Fwp%2Fv2%2Fcategories&post=6428"},{"taxonomy":"post_tag","embeddable":true,"href":"https:\/\/pasaenmendoza.com\/index.php?rest_route=%2Fwp%2Fv2%2Ftags&post=6428"}],"curies":[{"name":"wp","href":"https:\/\/api.w.org\/{rel}","templated":true}]}}