{"id":6434,"date":"2024-03-26T23:27:50","date_gmt":"2024-03-26T22:27:50","guid":{"rendered":"https:\/\/pasaenmendoza.com\/?p=6434"},"modified":"2024-03-26T23:27:51","modified_gmt":"2024-03-26T22:27:51","slug":"rodolfo-montero-descarto-que-la-vacuna-del-dengue-se-incorpore-al-calendario-oficial","status":"publish","type":"post","link":"https:\/\/pasaenmendoza.com\/?p=6434","title":{"rendered":"Rodolfo Montero descart\u00f3 que la vacuna del dengue se incorpore al calendario oficial"},"content":{"rendered":"\n<p>Tras participar de la cumbre de ministros de salud de todo el pa\u00eds, en el Consejo Federal de Salud (Cofesa) el mendocino\u00a0<strong>Rodolfo Montero adelant\u00f3 algunas\u00a0medidas que se acordaron para enfrentar el brote de dengue\u00a0<\/strong>que ya dej\u00f3 m\u00e1s de 96 fallecidos en Argentina.<\/p>\n\n\n\n<p>El funcionario de Cornejo remarc\u00f3 que respecto de la enfermedad viral que dispar\u00f3 el dengue, Mendoza est\u00e1 lejos de la situaci\u00f3n epidemiol\u00f3gica que enfrentan las provincias del Norte del pa\u00eds y adelant\u00f3 que en la reuni\u00f3n se confirm\u00f3 que la vacuna contra el dengue no se incorporar\u00e1 al calendario oficial.<\/p>\n\n\n\n<p>&#8220;Lo que se determin\u00f3 es que por ahora no va a ser una opci\u00f3n la implementaci\u00f3n de la vacuna en el calendario. Hay dos provincias que est\u00e1n inoculando a poblaci\u00f3n de riesgo, se va a hacer una evaluaci\u00f3n de c\u00f3mo les va a ellos y vamos a seguir de cerca la situaci\u00f3n de Brasil.\u00a0<strong>Por ahora no va a ser una opci\u00f3n la vacuna para el calendario oficial<\/strong>&#8220;, ratific\u00f3 y marc\u00f3 que se<strong>\u00a0trazaron distintas estrategias de c\u00f3mo se va a trabajar, sobre todo, en la pr\u00f3xima temporada<\/strong>&#8220;.<\/p>\n\n\n\n<p>La decisi\u00f3n de no sumar esa vacuna al calendario oficial fue justificada tambi\u00e9n por Iris Aguilar, jefa de Inmunizaciones del Ministerio de Salud.<\/p>\n\n\n\n<p>&#8220;Vacunarse contra el dengue&nbsp;<strong>no es la soluci\u00f3n para un brote<\/strong>&nbsp;como el que tenemos ahora&#8221; asegur\u00f3 y aport\u00f3 que &#8220;los ensayos cl\u00ednicos de la vacuna se hicieron en pa\u00edses end\u00e9micos, o sea, pa\u00edses que tienen casos de dengue durante todo el a\u00f1o, no se hicieron en una situaci\u00f3n de brote como la que estamos atravesando en este momento&#8221;.<\/p>\n\n\n\n<p>Por tanto: &#8220;Si una persona se vacuna hoy contra el dengue, lo m\u00e1s probable es que tambi\u00e9n pueda tener dengue porque la protecci\u00f3n se logra con la segunda dosis que se aplica a los tres meses de la primera&#8221;.<\/p>\n\n\n\n<p>Desde la Naci\u00f3n recalcaron que la Organizaci\u00f3n Mundial de la Salud (OMS) no recomienda incluir la vacuna del dengue en los programas nacionales de inmunizaci\u00f3n de los pa\u00edses, fundamentalmente por que la la vacuna no est\u00e1 recomendada como estrategia de Salud P\u00fablica para evitar la propagaci\u00f3n de la enfermedad.<\/p>\n\n\n\n<p>Respecto de la prevenci\u00f3n, desde la Naci\u00f3n insistieron que el trabajo m\u00e1s fuerte recae en los gobiernos locales para la eliminaci\u00f3n del mosquito del dengue y advirtieron que el Ministerio de Salud de la Naci\u00f3n adoptar\u00e1 un rol rector con foco en la recolecci\u00f3n y evidencia de datos, y una gesti\u00f3n por resultados sanitarios.<\/p>\n\n\n\n<h2 class=\"wp-block-heading\">\u00bfLlegar\u00e1n los fondos para otros programas de salud?<\/h2>\n\n\n\n<p>M\u00e1s all\u00e1 del brote de dengue, al ministro mendocino le interesaba chequear en esa reuni\u00f3n que lider\u00f3 el ministro de Salud de la Naci\u00f3n, Mario Russo, si efectivamente el gobierno del presidente Javier Milei iba a sostener varios programas preventivos clave para el sistema sanitario.<\/p>\n\n\n\n<p>Puntualmente consult\u00f3 sobre la continuidad de los programas Sumar; Darse que es de alto costo; el programa oncol\u00f3gico nacional; Incluir Salud y Remediar. &#8220;<strong>En la mayor\u00eda se defini\u00f3 la continuidad, para darle tranquilidad a la poblaci\u00f3n&#8221;, cont\u00f3 escuetamente.<\/strong><\/p>\n\n\n\n<p>Previamente Montero hab\u00eda marcado que por la totalidad de esos programas Mendoza recib\u00eda mensualmente unos $2.300.0000 y ser\u00e1 tarea de los funcionarios de Salud constatar si llegar\u00e1 la totalidad de esos fondos.<\/p>\n\n\n\n<h2 class=\"wp-block-heading\">Aseguraron la continuidad de la provisi\u00f3n de medicamentos oncol\u00f3gicos<\/h2>\n\n\n\n<p>Luego de varios cuestionamientos por la falta de medicamentos oncol\u00f3gicos que demandaban enfermos de c\u00e1ncer sin cobertura social, en el mismo Cofesa, el ministro de Salud de la Naci\u00f3n se refiri\u00f3 al funcionamiento de la Direcci\u00f3n de Asistencia Directa por Situaciones Especiales (DADSE), recientemente trasladada al Ministerio de Salud.<\/p>\n\n\n\n<p>El funcionario libertario asegur\u00f3 que detectaron irregularidades de gestiones anteriores y confirm\u00f3 que la continuidad de esta \u00e1rea del Estado es fundamental para la gesti\u00f3n: &#8220;Se est\u00e1 avanzando con la entrega de medicamentos para entre 150 y 180 pacientes por semana\u201d y se trabajar\u00e1 fuertemente para seguir dando respuesta&#8221;.<\/p>\n\n\n\n<p><strong>Fuente: www.diariouno.com.ar<\/strong><\/p>\n","protected":false},"excerpt":{"rendered":"<p>Tras participar de la cumbre de ministros de salud de todo el pa\u00eds, en el Consejo Federal de Salud (Cofesa) el mendocino\u00a0Rodolfo Montero adelant\u00f3 algunas\u00a0medidas que se acordaron para enfrentar el brote de dengue\u00a0que ya dej\u00f3 m\u00e1s de 96 fallecidos en Argentina. El funcionario de Cornejo remarc\u00f3 que respecto de la enfermedad viral que dispar\u00f3 [&hellip;]<\/p>\n","protected":false},"author":2,"featured_media":6435,"comment_status":"open","ping_status":"open","sticky":false,"template":"","format":"standard","meta":[],"categories":[104],"tags":[],"_links":{"self":[{"href":"https:\/\/pasaenmendoza.com\/index.php?rest_route=\/wp\/v2\/posts\/6434"}],"collection":[{"href":"https:\/\/pasaenmendoza.com\/index.php?rest_route=\/wp\/v2\/posts"}],"about":[{"href":"https:\/\/pasaenmendoza.com\/index.php?rest_route=\/wp\/v2\/types\/post"}],"author":[{"embeddable":true,"href":"https:\/\/pasaenmendoza.com\/index.php?rest_route=\/wp\/v2\/users\/2"}],"replies":[{"embeddable":true,"href":"https:\/\/pasaenmendoza.com\/index.php?rest_route=%2Fwp%2Fv2%2Fcomments&post=6434"}],"version-history":[{"count":1,"href":"https:\/\/pasaenmendoza.com\/index.php?rest_route=\/wp\/v2\/posts\/6434\/revisions"}],"predecessor-version":[{"id":6436,"href":"https:\/\/pasaenmendoza.com\/index.php?rest_route=\/wp\/v2\/posts\/6434\/revisions\/6436"}],"wp:featuredmedia":[{"embeddable":true,"href":"https:\/\/pasaenmendoza.com\/index.php?rest_route=\/wp\/v2\/media\/6435"}],"wp:attachment":[{"href":"https:\/\/pasaenmendoza.com\/index.php?rest_route=%2Fwp%2Fv2%2Fmedia&parent=6434"}],"wp:term":[{"taxonomy":"category","embeddable":true,"href":"https:\/\/pasaenmendoza.com\/index.php?rest_route=%2Fwp%2Fv2%2Fcategories&post=6434"},{"taxonomy":"post_tag","embeddable":true,"href":"https:\/\/pasaenmendoza.com\/index.php?rest_route=%2Fwp%2Fv2%2Ftags&post=6434"}],"curies":[{"name":"wp","href":"https:\/\/api.w.org\/{rel}","templated":true}]}}