{"id":6437,"date":"2024-03-26T23:33:07","date_gmt":"2024-03-26T22:33:07","guid":{"rendered":"https:\/\/pasaenmendoza.com\/?p=6437"},"modified":"2024-03-26T23:33:09","modified_gmt":"2024-03-26T22:33:09","slug":"el-circulo-medico-de-mendoza-fijo-la-consulta-en-15-000-a-partir-de-abril","status":"publish","type":"post","link":"https:\/\/pasaenmendoza.com\/?p=6437","title":{"rendered":"El C\u00edrculo M\u00e9dico de Mendoza fij\u00f3 la consulta en $15.000 a partir de abril"},"content":{"rendered":"\n<p>El C\u00edrculo M\u00e9dico de Mendoza inform\u00f3 que desde el 1 abril el valor de la consulta m\u00e9dica ascender\u00e1 a $15.000 para los<strong>\u00a0afiliados a obras sociales,\u00a0prepagas\u00a0y mutuales.<\/strong>\u00a0El valor hasta fin de marzo ser\u00e1 de $13.500, conforme al \u00faltimo aumento.<\/p>\n\n\n\n<p>La informaci\u00f3n la confirm\u00f3 el titular del C\u00edrculo M\u00e9dico de Mendoza, Lodovico Palma, quien advirti\u00f3 que la mayor\u00eda de las prepagas nacionales est\u00e1n reconociendo una parte de la pr\u00e1ctica m\u00e9dica pero no la totalidad y por eso contin\u00faa el conflicto. De esta manera, cada obra social reconoce un monto y<strong>&nbsp;el resto lo debe abonar el afiliado&nbsp;<\/strong>a trav\u00e9s de un plus o coapago.<\/p>\n\n\n\n<p>La medida se implement\u00f3 desde septiembre del 2023, luego de una serie de negociaciones en las cuales las asociaciones m\u00e9dicas hab\u00edan solicitado que se acortaran los plazos para el pago de las prestaciones que ten\u00edan una demora de entre 2 y 3 meses. Y adem\u00e1s que haya una adecuaci\u00f3n entre la inflaci\u00f3n y la consulta m\u00e9dica.<\/p>\n\n\n\n<p>Lejos de haber arribado a un acuerdo entre las entidades m\u00e9dicas y los gerenciadores del sistema de salud privada, el conflicto se extendi\u00f3 en el tiempo y se sumaron nuevas modalidades como la de la Asociaci\u00f3n de Oftalmolog\u00eda, que adem\u00e1s de la consulta, cobra parte de los tratamientos al paciente por la suba de los insumos dolarizados.<\/p>\n\n\n\n<h2 class=\"wp-block-heading\"><strong>El impacto del cobro de la consulta m\u00e9dica<\/strong><\/h2>\n\n\n\n<p>El Ministerio de Salud y Deportes de Mendoza realiz\u00f3 un estudio para establecer si la crisis en el sector privado ten\u00eda correlato o impacto en la demanda del sistema p\u00fablico de salud.<\/p>\n\n\n\n<p>El ministro Rodolfo Montero asegur\u00f3 que hay m\u00e1s pacientes que utilizan el sistema. El aumento fue del<strong>&nbsp;15% en las guardias.<\/strong>&nbsp;La crisis en Salud y las posibilidades de que los mendocinos dejen de pagar las coberturas privadas fue uno de los motivos por los cuales se present\u00f3 una reforma sanitaria que avanza en el Senado.<\/p>\n\n\n\n<p>Desde los sanatorios tambi\u00e9n\u00a0<strong>observan que hay una merma en la atenci\u00f3n de los pacientes<\/strong>, incluso algunos ya han manifestado la voluntad de dejar de tener una prepaga y quedarse con la obra social que tienen en sus empleos.<\/p>\n\n\n\n<p><strong>Fuente: www.diariouno.com.ar<\/strong><\/p>\n","protected":false},"excerpt":{"rendered":"<p>El C\u00edrculo M\u00e9dico de Mendoza inform\u00f3 que desde el 1 abril el valor de la consulta m\u00e9dica ascender\u00e1 a $15.000 para los\u00a0afiliados a obras sociales,\u00a0prepagas\u00a0y mutuales.\u00a0El valor hasta fin de marzo ser\u00e1 de $13.500, conforme al \u00faltimo aumento. La informaci\u00f3n la confirm\u00f3 el titular del C\u00edrculo M\u00e9dico de Mendoza, Lodovico Palma, quien advirti\u00f3 que la [&hellip;]<\/p>\n","protected":false},"author":2,"featured_media":6438,"comment_status":"open","ping_status":"open","sticky":false,"template":"","format":"standard","meta":[],"categories":[58],"tags":[],"_links":{"self":[{"href":"https:\/\/pasaenmendoza.com\/index.php?rest_route=\/wp\/v2\/posts\/6437"}],"collection":[{"href":"https:\/\/pasaenmendoza.com\/index.php?rest_route=\/wp\/v2\/posts"}],"about":[{"href":"https:\/\/pasaenmendoza.com\/index.php?rest_route=\/wp\/v2\/types\/post"}],"author":[{"embeddable":true,"href":"https:\/\/pasaenmendoza.com\/index.php?rest_route=\/wp\/v2\/users\/2"}],"replies":[{"embeddable":true,"href":"https:\/\/pasaenmendoza.com\/index.php?rest_route=%2Fwp%2Fv2%2Fcomments&post=6437"}],"version-history":[{"count":1,"href":"https:\/\/pasaenmendoza.com\/index.php?rest_route=\/wp\/v2\/posts\/6437\/revisions"}],"predecessor-version":[{"id":6439,"href":"https:\/\/pasaenmendoza.com\/index.php?rest_route=\/wp\/v2\/posts\/6437\/revisions\/6439"}],"wp:featuredmedia":[{"embeddable":true,"href":"https:\/\/pasaenmendoza.com\/index.php?rest_route=\/wp\/v2\/media\/6438"}],"wp:attachment":[{"href":"https:\/\/pasaenmendoza.com\/index.php?rest_route=%2Fwp%2Fv2%2Fmedia&parent=6437"}],"wp:term":[{"taxonomy":"category","embeddable":true,"href":"https:\/\/pasaenmendoza.com\/index.php?rest_route=%2Fwp%2Fv2%2Fcategories&post=6437"},{"taxonomy":"post_tag","embeddable":true,"href":"https:\/\/pasaenmendoza.com\/index.php?rest_route=%2Fwp%2Fv2%2Ftags&post=6437"}],"curies":[{"name":"wp","href":"https:\/\/api.w.org\/{rel}","templated":true}]}}