{"id":6447,"date":"2024-03-27T14:08:34","date_gmt":"2024-03-27T13:08:34","guid":{"rendered":"https:\/\/pasaenmendoza.com\/?p=6447"},"modified":"2024-03-27T14:08:36","modified_gmt":"2024-03-27T13:08:36","slug":"miercoles-caluroso-con-alerta-por-tormentas-fuertes-para-la-tarde-y-noche","status":"publish","type":"post","link":"https:\/\/pasaenmendoza.com\/?p=6447","title":{"rendered":"Mi\u00e9rcoles caluroso con alerta por tormentas fuertes para la tarde y noche"},"content":{"rendered":"\n<p><strong>Este mi\u00e9rcoles tendremos otro d\u00eda caluroso en Mendoza<\/strong>&nbsp;y el pron\u00f3stico indica que podr\u00eda haber tormentas durante la tarde y noche.<\/p>\n\n\n\n<p>Seg\u00fan el&nbsp;<strong>SMN<\/strong>, en el Gran Mendoza la m\u00e1xima llegar\u00e1 hoy a los<strong>&nbsp;31\u00b0&nbsp;<\/strong>y la humedad relativa del ambiente se mantiene cerca del 65%.<\/p>\n\n\n\n<p>El cielo permanece parcialmente nublado y sopla leve viento del noreste.<\/p>\n\n\n\n<p>Hay\u00a0<strong>alerta amarillo por tormentas fuertes<\/strong>\u00a0en gran parte de la provincia de Mendoza, sobre todo en el sur y este de Mendoza. Podr\u00eda haber ca\u00edda de granizo.<\/p>\n\n\n\n<p>Para ma\u00f1ana jueves, el pron\u00f3stico indica&nbsp;<strong>leve descenso<\/strong>&nbsp;de temperatura con una m\u00e1xima de 27\u00b0, y tormentas fuertes por la ma\u00f1ana.<\/p>\n\n\n\n<p>El viernes volver\u00e1 a subir la temperatura y la m\u00e1xima ser\u00e1 de\u00a0<strong>32\u00b0<\/strong>, pero a partir del domingo tendremos verdaderos d\u00edas de oto\u00f1o.\u00a0<\/p>\n\n\n\n<p><strong>Fuente: www.mendozapost.com<\/strong><\/p>\n","protected":false},"excerpt":{"rendered":"<p>Este mi\u00e9rcoles tendremos otro d\u00eda caluroso en Mendoza&nbsp;y el pron\u00f3stico indica que podr\u00eda haber tormentas durante la tarde y noche. Seg\u00fan el&nbsp;SMN, en el Gran Mendoza la m\u00e1xima llegar\u00e1 hoy a los&nbsp;31\u00b0&nbsp;y la humedad relativa del ambiente se mantiene cerca del 65%. El cielo permanece parcialmente nublado y sopla leve viento del noreste. Hay\u00a0alerta amarillo [&hellip;]<\/p>\n","protected":false},"author":2,"featured_media":6448,"comment_status":"open","ping_status":"open","sticky":false,"template":"","format":"standard","meta":[],"categories":[52],"tags":[],"_links":{"self":[{"href":"https:\/\/pasaenmendoza.com\/index.php?rest_route=\/wp\/v2\/posts\/6447"}],"collection":[{"href":"https:\/\/pasaenmendoza.com\/index.php?rest_route=\/wp\/v2\/posts"}],"about":[{"href":"https:\/\/pasaenmendoza.com\/index.php?rest_route=\/wp\/v2\/types\/post"}],"author":[{"embeddable":true,"href":"https:\/\/pasaenmendoza.com\/index.php?rest_route=\/wp\/v2\/users\/2"}],"replies":[{"embeddable":true,"href":"https:\/\/pasaenmendoza.com\/index.php?rest_route=%2Fwp%2Fv2%2Fcomments&post=6447"}],"version-history":[{"count":1,"href":"https:\/\/pasaenmendoza.com\/index.php?rest_route=\/wp\/v2\/posts\/6447\/revisions"}],"predecessor-version":[{"id":6449,"href":"https:\/\/pasaenmendoza.com\/index.php?rest_route=\/wp\/v2\/posts\/6447\/revisions\/6449"}],"wp:featuredmedia":[{"embeddable":true,"href":"https:\/\/pasaenmendoza.com\/index.php?rest_route=\/wp\/v2\/media\/6448"}],"wp:attachment":[{"href":"https:\/\/pasaenmendoza.com\/index.php?rest_route=%2Fwp%2Fv2%2Fmedia&parent=6447"}],"wp:term":[{"taxonomy":"category","embeddable":true,"href":"https:\/\/pasaenmendoza.com\/index.php?rest_route=%2Fwp%2Fv2%2Fcategories&post=6447"},{"taxonomy":"post_tag","embeddable":true,"href":"https:\/\/pasaenmendoza.com\/index.php?rest_route=%2Fwp%2Fv2%2Ftags&post=6447"}],"curies":[{"name":"wp","href":"https:\/\/api.w.org\/{rel}","templated":true}]}}