{"id":6450,"date":"2024-03-27T14:15:09","date_gmt":"2024-03-27T13:15:09","guid":{"rendered":"https:\/\/pasaenmendoza.com\/?p=6450"},"modified":"2024-03-27T14:15:12","modified_gmt":"2024-03-27T13:15:12","slug":"el-caso-del-delivery-que-le-disparo-a-un-asaltante-en-ciudad-no-te-lleves-la-moto-que-es-mi-trabajo","status":"publish","type":"post","link":"https:\/\/pasaenmendoza.com\/?p=6450","title":{"rendered":"El caso del delivery que le dispar\u00f3 a un asaltante en Ciudad: \u201cNo te llev\u00e9s la moto que es mi trabajo\u201d"},"content":{"rendered":"\n<p><strong>\u00bfLeg\u00edtima defensa o exceso de leg\u00edtima defensa?\u00a0<\/strong>El caso del delivery de comidas que dispar\u00f3 e hiri\u00f3 por la espalda a un asaltante\u00a0la noche del s\u00e1bado en la Cuarta Secci\u00f3n de Ciudad potenci\u00f3 la discusi\u00f3n sobre las calificaciones que se analizan en la causa que lidera la fiscal de Homicidios\u00a0<strong>Claudia Alejandra R\u00edos.<\/strong><\/p>\n\n\n\n<p>Prima facie, trascendi\u00f3 que la representante del Ministerio P\u00fablico le impuso al trabajador asaltado por dos motochorros mientras se encontraba a la espera de una salida en calles Videla Correa y Espa\u00f1a de Ciudad la segunda de las figuras penales, es decir,<mark>&nbsp;teniendo como base que la v\u00edctima del robo accion\u00f3 el arma que ten\u00eda en su poder, una pistola calibre 380, mientras el se\u00f1alado malviviente escapaba a toda velocidad con la moto que acaba de sustraer y con el objetivo de recuperarla.<\/mark><\/p>\n\n\n\n<p>Todo el caso teniendo como base que&nbsp;<strong>Gabriel Lucero<\/strong>, el se\u00f1alado malviviente de 24 a\u00f1os, oriundo del barrio Santa Teresita de Las Heras y con antecedentes por robos, hurtos y amenazas,&nbsp;<strong>permanece en coma en sala 4 cama 4 de Terapia Intensiva del Hospital Central.<\/strong><\/p>\n\n\n\n<p>A pocas horas de iniciada la instrucci\u00f3n, para la fiscal\u00eda no cumplieron con algunos de los requisitos b\u00e1sicos que prev\u00e9 la leg\u00edtima defensa, que no es punible:<em>&nbsp;\u201cAgresi\u00f3n ileg\u00edtima; necesidad racional del medio empleado para impedirla o repelerla; y falta de provocaci\u00f3n suficiente por parte del que se defiende\u201d.<\/em><\/p>\n\n\n\n<p>Debido a esto, se aplica el art\u00edculo 35 del C\u00f3digo Penal:&nbsp;<em>\u201cEl que hubiere excedido los l\u00edmites impuestos por la Ley, por la autoridad o por la necesidad, ser\u00e1 castigado con la pena fijada para el delito por culpa o imprudencia\u201d<\/em>, es decir, de un a\u00f1o a cinco de c\u00e1rcel si es hallado culpable y Lucero pierde la vida.<\/p>\n\n\n\n<p>De lo contrario, se tratar\u00eda de un caso de tentativa, por lo que la pena es mucho menor y podr\u00eda llegar hasta los 2 a\u00f1os y medio. En ambos casos,\u00a0<strong>es excarcelable<\/strong>\u00a0y este mediod\u00eda recuper\u00f3 la libertad.<\/p>\n\n\n\n<p><strong>El asalto que sufri\u00f3 el delivery en Ciudad<\/strong><\/p>\n\n\n\n<p>Lo cierto es el&nbsp;<mark>delivery de Pedidos Ya se present\u00f3 este lunes por la tarde en el edificio del Ministerio P\u00fablico ubicado en el Polo Judicial y entreg\u00f3 dos armas de fuego<\/mark>: una que ser\u00eda de su propiedad,&nbsp;<strong>una pistola calibre 380 y un rev\u00f3lver calibre 32<\/strong>&nbsp;que le quit\u00f3 al asaltante despu\u00e9s de balearlo y recuperar la moto que le hab\u00eda sustra\u00eddo. Qued\u00f3 alojado en una comisar\u00eda en calidad de aprehendido y luego fue notificado de la acusaci\u00f3n.<\/p>\n\n\n\n<p><strong>El hombre, de 56 a\u00f1os y oriundo del barrio La Favorita, tambi\u00e9n puso a disposici\u00f3n la moto que utilizaba para los repartos y las prendas de vestir que ten\u00eda la noche del hecho.\u00a0<\/strong>Tuvo la intenci\u00f3n de declarar desde el primer momento.<\/p>\n\n\n\n<p>De todas formas, trascendi\u00f3 que habl\u00f3 con algunos pesquisas y su abogado y su versi\u00f3n coincidi\u00f3 con lo que aportaron algunos testigos y lo que registraron las c\u00e1maras de seguridad de la zona del hecho.&nbsp;<mark>Una testigo detall\u00f3 que el delivery, despu\u00e9s de sufrir el robo de su moto, grit\u00f3, palabras m\u00e1s palabras menos, que no se llevaran la moto&nbsp;<\/mark>porque&nbsp;<em>\u201cera fruto de su trabajo\u201d.<\/em><\/p>\n\n\n\n<p>De la causa se desprende que dos asaltantes circulaban en una moto blanca 150cc por calle Espa\u00f1a hacia el norte cuando frenaron la marcha al ver que un delivery se encontraba a punto de retirar un pedido en la rotiser\u00eda U Pizza.\u00a0<strong>Uno de los ladrones descendi\u00f3 del rodado y amenaz\u00f3 a la v\u00edctima con un arma de fuego.<\/strong><\/p>\n\n\n\n<p>Logr\u00f3 quitarle la moto y se dio a la fuga con el c\u00f3mplice, quien lo hac\u00eda en el otro rodado. En ese momento, se observa en las c\u00e1maras de seguridad,<strong>&nbsp;el trabajador sac\u00f3 un arma de fuego y dispar\u00f3 seis veces para impedir la sustracci\u00f3n de la moto.<\/strong><mark>&nbsp;Tres plomos dieron en la espalda, cuello y pierna izquierda de Gabriel Lucero y el asaltante cay\u00f3.<\/mark><\/p>\n\n\n\n<p>El delivery recuper\u00f3 su moto y tom\u00f3 el arma de fuego que portaba el malviviente. Segundos despu\u00e9s,\u00a0<strong>abandon\u00f3 la escena por calle Echeverr\u00eda a contramano<\/strong>. Testigos llamaron al 911 y una ambulancia arrib\u00f3 hasta la zona. Carg\u00f3 al herido y lo llev\u00f3 hasta el Hospital Central.<\/p>\n\n\n\n<p><strong>Fuente: www.elsol.com.ar<\/strong><\/p>\n","protected":false},"excerpt":{"rendered":"<p>\u00bfLeg\u00edtima defensa o exceso de leg\u00edtima defensa?\u00a0El caso del delivery de comidas que dispar\u00f3 e hiri\u00f3 por la espalda a un asaltante\u00a0la noche del s\u00e1bado en la Cuarta Secci\u00f3n de Ciudad potenci\u00f3 la discusi\u00f3n sobre las calificaciones que se analizan en la causa que lidera la fiscal de Homicidios\u00a0Claudia Alejandra R\u00edos. Prima facie, trascendi\u00f3 que [&hellip;]<\/p>\n","protected":false},"author":2,"featured_media":6451,"comment_status":"open","ping_status":"open","sticky":false,"template":"","format":"standard","meta":[],"categories":[48],"tags":[],"_links":{"self":[{"href":"https:\/\/pasaenmendoza.com\/index.php?rest_route=\/wp\/v2\/posts\/6450"}],"collection":[{"href":"https:\/\/pasaenmendoza.com\/index.php?rest_route=\/wp\/v2\/posts"}],"about":[{"href":"https:\/\/pasaenmendoza.com\/index.php?rest_route=\/wp\/v2\/types\/post"}],"author":[{"embeddable":true,"href":"https:\/\/pasaenmendoza.com\/index.php?rest_route=\/wp\/v2\/users\/2"}],"replies":[{"embeddable":true,"href":"https:\/\/pasaenmendoza.com\/index.php?rest_route=%2Fwp%2Fv2%2Fcomments&post=6450"}],"version-history":[{"count":1,"href":"https:\/\/pasaenmendoza.com\/index.php?rest_route=\/wp\/v2\/posts\/6450\/revisions"}],"predecessor-version":[{"id":6452,"href":"https:\/\/pasaenmendoza.com\/index.php?rest_route=\/wp\/v2\/posts\/6450\/revisions\/6452"}],"wp:featuredmedia":[{"embeddable":true,"href":"https:\/\/pasaenmendoza.com\/index.php?rest_route=\/wp\/v2\/media\/6451"}],"wp:attachment":[{"href":"https:\/\/pasaenmendoza.com\/index.php?rest_route=%2Fwp%2Fv2%2Fmedia&parent=6450"}],"wp:term":[{"taxonomy":"category","embeddable":true,"href":"https:\/\/pasaenmendoza.com\/index.php?rest_route=%2Fwp%2Fv2%2Fcategories&post=6450"},{"taxonomy":"post_tag","embeddable":true,"href":"https:\/\/pasaenmendoza.com\/index.php?rest_route=%2Fwp%2Fv2%2Ftags&post=6450"}],"curies":[{"name":"wp","href":"https:\/\/api.w.org\/{rel}","templated":true}]}}