{"id":6453,"date":"2024-03-27T14:17:59","date_gmt":"2024-03-27T13:17:59","guid":{"rendered":"https:\/\/pasaenmendoza.com\/?p=6453"},"modified":"2024-03-27T14:18:00","modified_gmt":"2024-03-27T13:18:00","slug":"despreocupada-total-una-joven-caminaba-con-marihuana-dolares-y-una-balanza","status":"publish","type":"post","link":"https:\/\/pasaenmendoza.com\/?p=6453","title":{"rendered":"Despreocupada total: una joven caminaba con marihuana, d\u00f3lares y una balanza"},"content":{"rendered":"\n<p><strong>Polic\u00edas federales detuvieron la noche de este martes a una joven que se movilizaba con droga, d\u00f3lares y una balanza&nbsp;<\/strong>por la v\u00eda p\u00fablica, cerca de una estaci\u00f3n de servicios de Luj\u00e1n. Luego de ser requisada e identificada, qued\u00f3 en libertad por orden judicial pero sometida a proceso por la tenencia de la sustancia y los otros elementos.<\/p>\n\n\n\n<p>La informaci\u00f3n a la que accedi\u00f3&nbsp;<em><strong>El Sol&nbsp;<\/strong><\/em>se\u00f1ala que, minutos antes de las 23, efectivos de la&nbsp;<strong>Brigada de la Polic\u00eda Federal de Mendoza&nbsp;<\/strong>realizaban trabajos de campo en zona de calles Azcu\u00e9naga y Bufano y observaron la presencia de una mujer con actitud sospechosa.<\/p>\n\n\n\n<p>Al darse cuenta de la presencia de los uniformados,<mark>\u00a0intent\u00f3 ocultar un elemento que cargaba.<\/mark>\u00a0Al parecer, se trataba de una balanza. Ante esto, los efectivos se acercaron y la entrevistaron. Llamaron a un testigo e iniciaron los correspondientes procesos de identificaci\u00f3n y palpado.<\/p>\n\n\n\n<p>Entre sus pertenencias, en el interior de una bolsa,<mark>&nbsp;transportaba cinco envoltorios de nylon de marihuana que hicieron un peso total de 120 gramos, 100 d\u00f3lares, un tel\u00e9fono celular y una balanza<\/mark>&nbsp;digital.&nbsp;<strong>Los polic\u00edas federales entendieron que podr\u00eda estar realizando tareas de delivery para venta de cannabis.<\/strong><\/p>\n\n\n\n<p>Debido a esto, se dio intervenci\u00f3n al Juzgado Federal N\u00ba1 de la provincia, subrogado por el juez<strong>\u00a0Marcelo Garnica<\/strong>, y se dispuso que la mujer sea citada para dar explicaciones del traslado del estupefaciente.<\/p>\n\n\n\n<p><strong>Fuente: www.elsol.com.ar<\/strong><\/p>\n","protected":false},"excerpt":{"rendered":"<p>Polic\u00edas federales detuvieron la noche de este martes a una joven que se movilizaba con droga, d\u00f3lares y una balanza&nbsp;por la v\u00eda p\u00fablica, cerca de una estaci\u00f3n de servicios de Luj\u00e1n. Luego de ser requisada e identificada, qued\u00f3 en libertad por orden judicial pero sometida a proceso por la tenencia de la sustancia y los [&hellip;]<\/p>\n","protected":false},"author":2,"featured_media":6454,"comment_status":"open","ping_status":"open","sticky":false,"template":"","format":"standard","meta":[],"categories":[47],"tags":[],"_links":{"self":[{"href":"https:\/\/pasaenmendoza.com\/index.php?rest_route=\/wp\/v2\/posts\/6453"}],"collection":[{"href":"https:\/\/pasaenmendoza.com\/index.php?rest_route=\/wp\/v2\/posts"}],"about":[{"href":"https:\/\/pasaenmendoza.com\/index.php?rest_route=\/wp\/v2\/types\/post"}],"author":[{"embeddable":true,"href":"https:\/\/pasaenmendoza.com\/index.php?rest_route=\/wp\/v2\/users\/2"}],"replies":[{"embeddable":true,"href":"https:\/\/pasaenmendoza.com\/index.php?rest_route=%2Fwp%2Fv2%2Fcomments&post=6453"}],"version-history":[{"count":1,"href":"https:\/\/pasaenmendoza.com\/index.php?rest_route=\/wp\/v2\/posts\/6453\/revisions"}],"predecessor-version":[{"id":6455,"href":"https:\/\/pasaenmendoza.com\/index.php?rest_route=\/wp\/v2\/posts\/6453\/revisions\/6455"}],"wp:featuredmedia":[{"embeddable":true,"href":"https:\/\/pasaenmendoza.com\/index.php?rest_route=\/wp\/v2\/media\/6454"}],"wp:attachment":[{"href":"https:\/\/pasaenmendoza.com\/index.php?rest_route=%2Fwp%2Fv2%2Fmedia&parent=6453"}],"wp:term":[{"taxonomy":"category","embeddable":true,"href":"https:\/\/pasaenmendoza.com\/index.php?rest_route=%2Fwp%2Fv2%2Fcategories&post=6453"},{"taxonomy":"post_tag","embeddable":true,"href":"https:\/\/pasaenmendoza.com\/index.php?rest_route=%2Fwp%2Fv2%2Ftags&post=6453"}],"curies":[{"name":"wp","href":"https:\/\/api.w.org\/{rel}","templated":true}]}}